{"id":957,"date":"2012-11-26T19:20:56","date_gmt":"2012-11-26T17:20:56","guid":{"rendered":"http:\/\/blog.elpuig.xeill.net\/?p=957"},"modified":"2020-05-08T14:21:39","modified_gmt":"2020-05-08T12:21:39","slug":"vivir-los-suenos","status":"publish","type":"post","link":"https:\/\/blog.elpuig.xeill.net\/?p=957","title":{"rendered":"Vivir los sue\u00f1os"},"content":{"rendered":"<p>En el instituto tenemos una peque\u00f1a\u00a0 joya, la sala de teatro, de la que disfrutamos durante todo el a\u00f1o con una gran variedad de espect\u00e1culos.<\/p>\n<p>La semana pasada tuvimos de nuevo la oportunidad de acomodarnos en las butacas para deleitarnos con <a href=\"http:\/\/www.transeduca.com\/Portals\/0\/ftp\/files\/GUT263_5.pdf\">una versi\u00f3n de<em> Don Quijote de la Mancha<\/em><\/a>.\u00a0 Al finalizar la representaci\u00f3n, una voz que sal\u00eda de entre las butacas pregunt\u00f3 a quienes interpretaban la obra que <em>por qu\u00e9 mor\u00eda\u00a0 Don Quijote<\/em>. Como siempre, los interrogantes m\u00e1s interesantes los lanza el alumnado, y adem\u00e1s este interrogante me pareci\u00f3 que ten\u00eda alguna inflexi\u00f3n de queja. No hay mayor halago para unos actores que conseguir que el p\u00fablico se enamore de sus personajes y no quiera que finalice nunca su ilusi\u00f3n.<\/p>\n<p><a href=\"http:\/\/blog.elpuig.xeill.net\/wp-content\/uploads\/2012\/11\/Don-Quijote-de-la-Mancha.jpg\"><img loading=\"lazy\" class=\"aligncenter size-medium wp-image-958\" title=\"Don Quijote de la Mancha\" src=\"http:\/\/blog.elpuig.xeill.net\/wp-content\/uploads\/2012\/11\/Don-Quijote-de-la-Mancha-300x132.jpg\" alt=\"\" width=\"300\" height=\"132\" srcset=\"https:\/\/blog.elpuig.xeill.net\/wp-content\/uploads\/2012\/11\/Don-Quijote-de-la-Mancha-300x132.jpg 300w, https:\/\/blog.elpuig.xeill.net\/wp-content\/uploads\/2012\/11\/Don-Quijote-de-la-Mancha-500x220.jpg 500w, https:\/\/blog.elpuig.xeill.net\/wp-content\/uploads\/2012\/11\/Don-Quijote-de-la-Mancha.jpg 550w\" sizes=\"(max-width: 300px) 100vw, 300px\" \/><\/a>A pesar\u00a0 de nuestros deseos de continuar cabalgando junto a Rocinante, se encendieron unos focos, salimos de nuestro ensue\u00f1o, se apagaron otros, y volvimos a la realidad\u2026 con alguna resistencia, porque \u00bfpor qu\u00e9 muere Don Quijote? Don Quijote muere\u00a0 por ser coherente con su decisi\u00f3n \u2014m\u00e1s quisieran para s\u00ed muchos cuerdos\u2014, y para seguir viviendo en la distancia que separa a Aldonza Lorenzo de Dulcinea del Toboso. Don Quijote es capaz de renunciar a las aventuras caballerescas con Sancho Panza pero no est\u00e1 dispuesto a resignarse a que la realidad sea menos bella de lo que \u00e9l la ve. Don Quijote es un personaje entra\u00f1able, valiente e inconformista, que no s\u00f3lo se atrevi\u00f3 a so\u00f1ar sino que quiso vivir sus sue\u00f1os. \u00bfY vosotros con qu\u00e9 so\u00f1\u00e1is? \u00bfC\u00f3mo es vuestro mundo ideal? \u00bfEn qu\u00e9 clase de hero\u00ednas y h\u00e9roes os convertir\u00edais si pudierais? \u00bfD\u00f3nde ir\u00edais? \u00bfCon qui\u00e9n? \u00bfQu\u00e9 har\u00edais? Os invito a que so\u00f1\u00e9is y a que escrib\u00e1is vuestros sue\u00f1os, pero si adem\u00e1s\u00a0 alguien se anima a vivirlos, cuidado con los Sansones Carrasco y los reba\u00f1os de ovejas.<\/p>\n<p>Vanessa Bolancel<\/p>\n","protected":false},"excerpt":{"rendered":"<p>En el instituto tenemos una peque\u00f1a\u00a0 joya, la sala de teatro, de la que disfrutamos durante todo el a\u00f1o con una gran variedad de espect\u00e1culos. La semana pasada tuvimos de nuevo la oportunidad de acomodarnos en las butacas para deleitarnos &hellip; <a href=\"https:\/\/blog.elpuig.xeill.net\/?p=957\">Continua llegint <span class=\"meta-nav\">&rarr;<\/span><\/a><\/p>\n","protected":false},"author":2,"featured_media":0,"comment_status":"open","ping_status":"open","sticky":false,"template":"","format":"standard","meta":[],"categories":[379,333,28],"tags":[111,113,114],"_links":{"self":[{"href":"https:\/\/blog.elpuig.xeill.net\/index.php?rest_route=\/wp\/v2\/posts\/957"}],"collection":[{"href":"https:\/\/blog.elpuig.xeill.net\/index.php?rest_route=\/wp\/v2\/posts"}],"about":[{"href":"https:\/\/blog.elpuig.xeill.net\/index.php?rest_route=\/wp\/v2\/types\/post"}],"author":[{"embeddable":true,"href":"https:\/\/blog.elpuig.xeill.net\/index.php?rest_route=\/wp\/v2\/users\/2"}],"replies":[{"embeddable":true,"href":"https:\/\/blog.elpuig.xeill.net\/index.php?rest_route=%2Fwp%2Fv2%2Fcomments&post=957"}],"version-history":[{"count":8,"href":"https:\/\/blog.elpuig.xeill.net\/index.php?rest_route=\/wp\/v2\/posts\/957\/revisions"}],"predecessor-version":[{"id":990,"href":"https:\/\/blog.elpuig.xeill.net\/index.php?rest_route=\/wp\/v2\/posts\/957\/revisions\/990"}],"wp:attachment":[{"href":"https:\/\/blog.elpuig.xeill.net\/index.php?rest_route=%2Fwp%2Fv2%2Fmedia&parent=957"}],"wp:term":[{"taxonomy":"category","embeddable":true,"href":"https:\/\/blog.elpuig.xeill.net\/index.php?rest_route=%2Fwp%2Fv2%2Fcategories&post=957"},{"taxonomy":"post_tag","embeddable":true,"href":"https:\/\/blog.elpuig.xeill.net\/index.php?rest_route=%2Fwp%2Fv2%2Ftags&post=957"}],"curies":[{"name":"wp","href":"https:\/\/api.w.org\/{rel}","templated":true}]}}