{"id":949,"date":"2012-11-26T00:44:11","date_gmt":"2012-11-25T22:44:11","guid":{"rendered":"http:\/\/blog.elpuig.xeill.net\/?p=949"},"modified":"2020-05-06T21:57:52","modified_gmt":"2020-05-06T19:57:52","slug":"abans-que-acabi-el-curs","status":"publish","type":"post","link":"https:\/\/blog.elpuig.xeill.net\/?p=949","title":{"rendered":"Abans que acabi el curs&#8230;"},"content":{"rendered":"<p>Al febrer de 2011, un colla d\u2019amics de Nova Orleans va decidir de posar en marxa al seu barri un experiment. Van agafar el mur d\u2019una casa abandonada i el van cobrir amb guix. Despr\u00e9s, van pintar en fileres la frase \u201cBefore I die I want to _______\u201d i van deixar al costat algunes caixes de guixos.<\/p>\n<p>El dia seg\u00fcent, en tornar al lloc dels fets, van trobar que ve\u00efns i passejants, de manera espont\u00e0nia, havien acceptat el repte d\u2019omplir els buits amb les seves aspiracions personals i de compartir-les amb els altres. Pocs mesos despr\u00e9s, aquest experiment es va repetir a altres ciutats d\u2019Am\u00e8rica del Nord (Washington, Nova York, Vancouver, Santa Cruz&#8230;), i finalment a la resta del planeta. Avui, altres murs semblants han aparegut a m\u00e9s d\u2019una vintena de pa\u00efsos i en m\u00e9s de 10 lleng\u00fces distintes. Podeu con\u00e8ixer la hist\u00f2ria sencera a la seva p\u00e0gina: <a href=\"http:\/\/beforeidie.cc\">http:\/\/beforeidie.cc<\/a>.<\/p>\n<p>Enguany, al 2n curs d\u2019Administraci\u00f3 i Finances vam comen\u00e7ar el curs volent tamb\u00e9 afegir-nos a la iniciativa. Tot i aix\u00ed, la idea d\u2019expressar les nostres aspiracions abans de morir ens semblava poc concreta i massa grisa. Aix\u00ed que, inspirats per la manera en qu\u00e8 un institut holand\u00e8s li havia pegat la volta (<a href=\"http:\/\/www.centralparkoffice.com\/graduate\/\">http:\/\/www.centralparkoffice.com\/graduate\/<\/a>), vam decidir de canviar la frase.<\/p>\n<p style=\"text-align: left;\"><a href=\"http:\/\/blog.elpuig.xeill.net\/wp-content\/uploads\/2012\/11\/Abans-que-acabi-el-curs.jpg\"><img loading=\"lazy\" class=\"aligncenter size-medium wp-image-950\" title=\"Abans que acabi el curs\" src=\"http:\/\/blog.elpuig.xeill.net\/wp-content\/uploads\/2012\/11\/Abans-que-acabi-el-curs-300x198.jpg\" alt=\"\" width=\"300\" height=\"198\" srcset=\"https:\/\/blog.elpuig.xeill.net\/wp-content\/uploads\/2012\/11\/Abans-que-acabi-el-curs-300x198.jpg 300w, https:\/\/blog.elpuig.xeill.net\/wp-content\/uploads\/2012\/11\/Abans-que-acabi-el-curs-453x300.jpg 453w, https:\/\/blog.elpuig.xeill.net\/wp-content\/uploads\/2012\/11\/Abans-que-acabi-el-curs.jpg 820w\" sizes=\"(max-width: 300px) 100vw, 300px\" \/><\/a>\u201cAbans que acabi el curs vull _______\u201d ens permetria ajudar els nostres estudiants a fixar-se uns objectius a curt termini, i obria les portes a poder fer un seguiment de com gestionaven les seves metes. Nom\u00e9s caldria esperar uns pocs mesos per poder-les contrastar amb la realitat. I tant si poden arribar a complir-les com si no, esperem de tot plegat poder aprendre\u2019n alguna cosa.<\/p>\n<p>Vam substituir el guix per un mural perqu\u00e8 no est\u00e0 la cosa per grans despeses; i sobretot, perqu\u00e8 aix\u00ed \u00e9s com ho van triar ells. Tamb\u00e9 van voler que qued\u00e9s penjat al passad\u00eds en comptes de tancar-lo a la classe, perqu\u00e8 la participaci\u00f3 qued\u00e9s oberta per tothom al centre. Amb un pressupost de menys de 20 \u20ac (retoladors inclosos) i l\u2019ajuda del Santi, de manteniment, que es va oferir per donar-nos un cop de m\u00e0, far\u00e0 cosa d\u2019un mes vam aconseguir penjar-lo.<\/p>\n<p>Al Puig vam estar molt m\u00e9s r\u00e0pids que els ianquis, i quan vam arribar a la tarda seg\u00fcent, ja s\u2019havien omplert gaireb\u00e9 les 92 l\u00ednies que haviem deixat disponibles i fins i tot\u00a0 es comen\u00e7aven a aprofitar els costats i els espais intermitjos. Havia escrit gent de tots els cursos de grau superior, dels de grau mitj\u00e0, de batxillerat i d\u2019algun curs de la ESO. Encara ens va donar temps a alguns professors a escriure-hi tamb\u00e9.<br \/>\n<a href=\"http:\/\/blog.elpuig.xeill.net\/wp-content\/uploads\/2012\/11\/Grup-dAdministraci\u00f3-i-Finances.jpg\"><img loading=\"lazy\" class=\"aligncenter size-medium wp-image-951\" title=\"Grup d'Administraci\u00f3 i Finances\" src=\"http:\/\/blog.elpuig.xeill.net\/wp-content\/uploads\/2012\/11\/Grup-dAdministraci\u00f3-i-Finances-300x224.jpg\" alt=\"\" width=\"300\" height=\"224\" srcset=\"https:\/\/blog.elpuig.xeill.net\/wp-content\/uploads\/2012\/11\/Grup-dAdministraci\u00f3-i-Finances-300x224.jpg 300w, https:\/\/blog.elpuig.xeill.net\/wp-content\/uploads\/2012\/11\/Grup-dAdministraci\u00f3-i-Finances-400x300.jpg 400w, https:\/\/blog.elpuig.xeill.net\/wp-content\/uploads\/2012\/11\/Grup-dAdministraci\u00f3-i-Finances.jpg 667w\" sizes=\"(max-width: 300px) 100vw, 300px\" \/><\/a>Les propostes us podeu imaginar que s\u00f3n de tots els colors i pelatge, com els alumnes que poblen el nostre centre. Per\u00f2 el principal \u00e9s que vam poder desitjar i escriure i, sobretot, ho vam poder compartir. Llegint-les amb atenci\u00f3, fins i tot diria que m\u00e9s d\u2019un (de fet, molts) s\u2019hi va parar a pensar.<\/p>\n<p>La mala not\u00edcia \u00e9s que el tauler ja \u00e9s ple, i que al no ser de guix, ja no podem esborrar-lo i fer espai per m\u00e9s gent.<\/p>\n<p>Les bones s\u00f3n que vam fer moltes fotos, com aquestes d\u2019acompanyament que hem volgut ensenyar-vos, i que ja estem pensant si els que estiguin al curs vinent el repetiran de nou (engrescats com estem amb el PILE, ja ens faria il\u00b7lusi\u00f3 de poder fer-lo en angl\u00e8s!). I el millor de tot \u00e9s que aqu\u00ed mateix, als comentaris del bloc del Puig, el podem continuar encara que sigui de manera virtual.<\/p>\n<p>Abans que acabi el curs vull&#8230;<\/p>\n<p style=\"text-align: left;\">Marcos Alcocer<\/p>\n","protected":false},"excerpt":{"rendered":"<p>Al febrer de 2011, un colla d\u2019amics de Nova Orleans va decidir de posar en marxa al seu barri un experiment. Van agafar el mur d\u2019una casa abandonada i el van cobrir amb guix. Despr\u00e9s, van pintar en fileres la &hellip; <a href=\"https:\/\/blog.elpuig.xeill.net\/?p=949\">Continua llegint <span class=\"meta-nav\">&rarr;<\/span><\/a><\/p>\n","protected":false},"author":2,"featured_media":0,"comment_status":"open","ping_status":"open","sticky":false,"template":"","format":"standard","meta":[],"categories":[348],"tags":[111,113,115],"_links":{"self":[{"href":"https:\/\/blog.elpuig.xeill.net\/index.php?rest_route=\/wp\/v2\/posts\/949"}],"collection":[{"href":"https:\/\/blog.elpuig.xeill.net\/index.php?rest_route=\/wp\/v2\/posts"}],"about":[{"href":"https:\/\/blog.elpuig.xeill.net\/index.php?rest_route=\/wp\/v2\/types\/post"}],"author":[{"embeddable":true,"href":"https:\/\/blog.elpuig.xeill.net\/index.php?rest_route=\/wp\/v2\/users\/2"}],"replies":[{"embeddable":true,"href":"https:\/\/blog.elpuig.xeill.net\/index.php?rest_route=%2Fwp%2Fv2%2Fcomments&post=949"}],"version-history":[{"count":6,"href":"https:\/\/blog.elpuig.xeill.net\/index.php?rest_route=\/wp\/v2\/posts\/949\/revisions"}],"predecessor-version":[{"id":966,"href":"https:\/\/blog.elpuig.xeill.net\/index.php?rest_route=\/wp\/v2\/posts\/949\/revisions\/966"}],"wp:attachment":[{"href":"https:\/\/blog.elpuig.xeill.net\/index.php?rest_route=%2Fwp%2Fv2%2Fmedia&parent=949"}],"wp:term":[{"taxonomy":"category","embeddable":true,"href":"https:\/\/blog.elpuig.xeill.net\/index.php?rest_route=%2Fwp%2Fv2%2Fcategories&post=949"},{"taxonomy":"post_tag","embeddable":true,"href":"https:\/\/blog.elpuig.xeill.net\/index.php?rest_route=%2Fwp%2Fv2%2Ftags&post=949"}],"curies":[{"name":"wp","href":"https:\/\/api.w.org\/{rel}","templated":true}]}}