{"id":938,"date":"2012-11-18T20:27:39","date_gmt":"2012-11-18T18:27:39","guid":{"rendered":"http:\/\/blog.elpuig.xeill.net\/?p=938"},"modified":"2012-11-18T22:37:08","modified_gmt":"2012-11-18T20:37:08","slug":"el-festin-de-babette","status":"publish","type":"post","link":"https:\/\/blog.elpuig.xeill.net\/?p=938","title":{"rendered":"El fest\u00edn de Babette"},"content":{"rendered":"<p>Acaba de tornar a les sales de cinema aquesta pel\u00b7l\u00edcula danesa de 1987, que \u00e9s un cl\u00e0ssic del cine modern i guany\u00e0 l&#8217;\u00f2scar al millor film en llengua no anglesa. El gui\u00f3 est\u00e0 basat en una narraci\u00f3 de l\u2019escriptora danesa <a href=\"http:\/\/ca.wikipedia.org\/wiki\/Karen_Blixen\">Isak Dinesen (pseud\u00f2nim de Karen Blixen)<\/a> , autora de <em>Mem\u00f2ries d\u2019\u00c0frica<\/em>.<\/p>\n<p><a href=\"http:\/\/blog.elpuig.xeill.net\/wp-content\/uploads\/2012\/11\/Karen-Blixen.jpg\"><img loading=\"lazy\" class=\"aligncenter size-medium wp-image-939\" title=\"Karen Blixen\" src=\"http:\/\/blog.elpuig.xeill.net\/wp-content\/uploads\/2012\/11\/Karen-Blixen-253x300.jpg\" alt=\"\" width=\"253\" height=\"300\" srcset=\"https:\/\/blog.elpuig.xeill.net\/wp-content\/uploads\/2012\/11\/Karen-Blixen-253x300.jpg 253w, https:\/\/blog.elpuig.xeill.net\/wp-content\/uploads\/2012\/11\/Karen-Blixen.jpg 300w\" sizes=\"(max-width: 253px) 100vw, 253px\" \/><\/a>La pel\u00b7l\u00edcula<em> El fest\u00edn de Babette<\/em> (t\u00edtol original: <em>Babettes g\u00e6stebud<\/em>), de Gabriel Axel, \u00e9s una hist\u00f2ria explicada per un narrador a la manera d\u2019un conte.<\/p>\n<p>En els temps de la guerra francoprusiana, el 1871, vivien en un min\u00fascul poblet situat a la inh\u00f2spita costa de la pen\u00ednsula de Jutl\u00e0ndia dues germanes ja grans, amables i caritatives, estimades i respectades per la comunitat,\u00a0 que continuaven la tasca espiritual del seu pare, el difunt pastor. Aquest les havia educat en el puritanisme m\u00e9s estricte, en la negaci\u00f3 dels plaers del cos, i elles li havien respost amb total submissi\u00f3, renunciant fins i tot a l\u2019amor. Per\u00f2 en les seves vides irromp una dona francesa, Babette, necessitada d\u2019ajut, fugitiva del lux\u00f3s i sensual Par\u00eds llavors en guerra, a qui acullen com a minyona. Babette s\u2019hi adapta, passen els anys\u2026 i un bon dia demanar\u00e0 a les germanes Martina i Philippa (anomenades com Martin Luther i el seu amic Philipp Melanchthon) que li deixin preparar un aut\u00e8ntic sopar franc\u00e8s per a elles i els seus amics en agra\u00efment per la seva hospitalitat.<\/p>\n<p><a href=\"http:\/\/blog.elpuig.xeill.net\/wp-content\/uploads\/2012\/11\/El-fest\u00edn.jpg\"><img loading=\"lazy\" class=\"aligncenter size-medium wp-image-941\" title=\"El fest\u00edn\" src=\"http:\/\/blog.elpuig.xeill.net\/wp-content\/uploads\/2012\/11\/El-fest\u00edn-300x227.jpg\" alt=\"\" width=\"300\" height=\"227\" srcset=\"https:\/\/blog.elpuig.xeill.net\/wp-content\/uploads\/2012\/11\/El-fest\u00edn-300x227.jpg 300w, https:\/\/blog.elpuig.xeill.net\/wp-content\/uploads\/2012\/11\/El-fest\u00edn.jpg 379w\" sizes=\"(max-width: 300px) 100vw, 300px\" \/><\/a>L\u2019he trobada una pel\u00b7l\u00edcula preciosa. Amb aquells interiors i aquells rostres del cine n\u00f2rdic, a estones Bergman, a estones <a href=\"http:\/\/ca.wikipedia.org\/wiki\/Carl_Theodor_Dreyer\">Dreyer<\/a> (<a href=\"http:\/\/es.wikipedia.org\/wiki\/Ordet\"><em>Ordet -La palabra-<\/em><\/a>) . S\u2019hi planteja el vell tema de la vida retirada en el lloc min\u00fascul a la recerca de la puresa i d\u2019un mateix, en oposici\u00f3 a la vida mundana i al triomf. Per\u00f2 tamb\u00e9 hi ha molts altres temes:\u00a0 la for\u00e7a del dest\u00ed, la tria entre deure i desig, l\u2019autoritarisme familiar, la viv\u00e8ncia de la fe religiosa, l\u2019esperan\u00e7a en una altra vida\u2026 i especialment la contraposici\u00f3 entre cos o sensualitat i esperit o contenci\u00f3.<br \/>\nSegurament durar\u00e0 poc als cines. La vaig veure dissabte a la nit i \u00e9rem sis persones. Aix\u00ed doncs, m\u2019afanyo a recomanar-la amb la seguretat que no decebr\u00e0 ning\u00fa, o gaireb\u00e9 ning\u00fa&#8230;, i als amants de la bona cuina, i \u201cfil\u00f2sofs\u201d dels efectes del bon menjar i el bon beure sobre l\u2019esperit, encara menys.<\/p>\n<p>No us perdeu<em>\u00a0El fest\u00edn de Babette!<\/em><\/p>\n<p>Agustina Rico<\/p>\n","protected":false},"excerpt":{"rendered":"<p>Acaba de tornar a les sales de cinema aquesta pel\u00b7l\u00edcula danesa de 1987, que \u00e9s un cl\u00e0ssic del cine modern i guany\u00e0 l&#8217;\u00f2scar al millor film en llengua no anglesa. El gui\u00f3 est\u00e0 basat en una narraci\u00f3 de l\u2019escriptora danesa &hellip; <a href=\"https:\/\/blog.elpuig.xeill.net\/?p=938\">Continua llegint <span class=\"meta-nav\">&rarr;<\/span><\/a><\/p>\n","protected":false},"author":2,"featured_media":0,"comment_status":"open","ping_status":"open","sticky":false,"template":"","format":"standard","meta":[],"categories":[49,71,27,5],"tags":[108,109,110],"_links":{"self":[{"href":"https:\/\/blog.elpuig.xeill.net\/index.php?rest_route=\/wp\/v2\/posts\/938"}],"collection":[{"href":"https:\/\/blog.elpuig.xeill.net\/index.php?rest_route=\/wp\/v2\/posts"}],"about":[{"href":"https:\/\/blog.elpuig.xeill.net\/index.php?rest_route=\/wp\/v2\/types\/post"}],"author":[{"embeddable":true,"href":"https:\/\/blog.elpuig.xeill.net\/index.php?rest_route=\/wp\/v2\/users\/2"}],"replies":[{"embeddable":true,"href":"https:\/\/blog.elpuig.xeill.net\/index.php?rest_route=%2Fwp%2Fv2%2Fcomments&post=938"}],"version-history":[{"count":4,"href":"https:\/\/blog.elpuig.xeill.net\/index.php?rest_route=\/wp\/v2\/posts\/938\/revisions"}],"predecessor-version":[{"id":943,"href":"https:\/\/blog.elpuig.xeill.net\/index.php?rest_route=\/wp\/v2\/posts\/938\/revisions\/943"}],"wp:attachment":[{"href":"https:\/\/blog.elpuig.xeill.net\/index.php?rest_route=%2Fwp%2Fv2%2Fmedia&parent=938"}],"wp:term":[{"taxonomy":"category","embeddable":true,"href":"https:\/\/blog.elpuig.xeill.net\/index.php?rest_route=%2Fwp%2Fv2%2Fcategories&post=938"},{"taxonomy":"post_tag","embeddable":true,"href":"https:\/\/blog.elpuig.xeill.net\/index.php?rest_route=%2Fwp%2Fv2%2Ftags&post=938"}],"curies":[{"name":"wp","href":"https:\/\/api.w.org\/{rel}","templated":true}]}}