{"id":930,"date":"2012-11-18T10:54:31","date_gmt":"2012-11-18T08:54:31","guid":{"rendered":"http:\/\/blog.elpuig.xeill.net\/?p=930"},"modified":"2020-05-06T19:24:24","modified_gmt":"2020-05-06T17:24:24","slug":"lhora-de-lectura","status":"publish","type":"post","link":"https:\/\/blog.elpuig.xeill.net\/?p=930","title":{"rendered":"L&#8217;hora de lectura"},"content":{"rendered":"<p>L&#8217;Hora de lectura \u00e9s una activitat que es fa a l&#8217;institut Puig Castellar a 1r i 2n d&#8217;ESO i que es va iniciar el curs 2007-2008, dins d&#8217;un Pla d&#8217;est\u00edmul de la lectura (<em>+llibres= +lliures<\/em>), la qual cosa vol dir que ja l&#8217;ha realitzat tot l&#8217;alumnat de l&#8217;institut, perqu\u00e8 els alumnes que la van iniciar a 1r d&#8217;ESO s\u00f3n els que ara estan cursant 2n de batxillerat. Aquest fet pot ser un bon motiu per fer reflexions i valoracions sobre aquesta activitat, per\u00f2 abans pot anar b\u00e9 que recordem breument qu\u00e8 \u00e9s l&#8217;Hora de lectura i com \u00e9s actualment, ja que hi ha hagut alguns petits canvis en el seu funcionament al llarg d&#8217;aquests anys.<\/p>\n<p><a href=\"http:\/\/blog.elpuig.xeill.net\/wp-content\/uploads\/2012\/11\/Quadern-de-lectura.jpg\"><img loading=\"lazy\" class=\"aligncenter size-medium wp-image-931\" title=\"Quadern de lectura\" src=\"http:\/\/blog.elpuig.xeill.net\/wp-content\/uploads\/2012\/11\/Quadern-de-lectura-300x213.jpg\" alt=\"\" width=\"300\" height=\"213\" srcset=\"https:\/\/blog.elpuig.xeill.net\/wp-content\/uploads\/2012\/11\/Quadern-de-lectura-300x213.jpg 300w, https:\/\/blog.elpuig.xeill.net\/wp-content\/uploads\/2012\/11\/Quadern-de-lectura-1024x730.jpg 1024w, https:\/\/blog.elpuig.xeill.net\/wp-content\/uploads\/2012\/11\/Quadern-de-lectura-420x300.jpg 420w\" sizes=\"(max-width: 300px) 100vw, 300px\" \/><\/a>Aquesta activitat consisteix en una hora setmanal de lectura a l&#8217;aula amb llibres de la biblioteca, que estan en una capsa dins de l\u2019armari de cada aula. L&#8217;activitat comen\u00e7a al mes d&#8217;octubre, quan cada grup d&#8217;alumnes fa una visita a la biblioteca de l&#8217;institut, acompanyats d&#8217;un professor. Cada alumne tria lliurement el primer llibre que llegir\u00e0 a l&#8217;Hora de lectura, el coordinador de biblioteca fa un llistat amb el llibres triats i els col\u00b7loca als armaris de cada aula.<\/p>\n<p>Al mes de novembre comen\u00e7a l&#8217;Hora de lectura, seguint un calendari elaborat pr\u00e8viament, de manera que aquesta hora sigui diferent cada setmana i vagi canviant de forma rotat\u00f2ria. La din\u00e0mica de l\u2019activitat \u00e9s que els alumnes llegeixen en silenci a la seva aula el llibre triat a la biblioteca. Una de les particularitats d\u2019aquest Pla d&#8217;est\u00edmul de lectura \u00e9s la implicaci\u00f3 de tot el professorat, i de qualsevol mat\u00e8ria, en una activitat, la lectura, tradicionalment restringida a l\u2019\u00c0rea de llengua. El professorat encarregat tamb\u00e9 porta el seu llibre per tal de donar exemple amb la seva activitat lectora. Cada alumne disposa d\u2019un quadern de seguiment de la lectura de manera que cada setmana va apuntant la p\u00e0gina a la qual ha arribat; en finalitzar el llibre ha de contestar breument unes preguntes i fer un dibuix relacionat amb la lectura. Quan un alumne acaba la lectura d&#8217;un llibre i en vol un altre, t\u00e9 dues possibilitats: b\u00e9 pot anar a buscar-lo a la biblioteca a l&#8217;hora del pati, o b\u00e9 agafar un dels que hi ha a la capsa de l&#8217;aula corresponent.<\/p>\n<p><a href=\"http:\/\/blog.elpuig.xeill.net\/wp-content\/uploads\/2012\/11\/Punt.jpg\"><img loading=\"lazy\" class=\"aligncenter size-medium wp-image-932\" title=\"Punt\" src=\"http:\/\/blog.elpuig.xeill.net\/wp-content\/uploads\/2012\/11\/Punt-100x300.jpg\" alt=\"\" width=\"100\" height=\"300\" srcset=\"https:\/\/blog.elpuig.xeill.net\/wp-content\/uploads\/2012\/11\/Punt-100x300.jpg 100w, https:\/\/blog.elpuig.xeill.net\/wp-content\/uploads\/2012\/11\/Punt-341x1024.jpg 341w, https:\/\/blog.elpuig.xeill.net\/wp-content\/uploads\/2012\/11\/Punt.jpg 1000w\" sizes=\"(max-width: 100px) 100vw, 100px\" \/><\/a>Al curs 11-12 es va introduir la novetat a 2n d&#8217;ESO que l&#8217;Hora de lectura an\u00e9s lligada al cr\u00e8dit de s\u00edntesi, anomenat <em>Un llibre \u00e9s un m\u00f3n<\/em>. Despr\u00e9s de llegir alguns llibres, els alumnes han de triar el llibre del qual faran el cr\u00e8dit de s\u00edntesi. Cada grup (de dos o tres alumnes) ha de fer el seu dosier del cr\u00e8dit de s\u00edntesi (de les mat\u00e8ries de catal\u00e0, castell\u00e0, angl\u00e8s, dibuix, tecnologia i economia) i l&#8217;han de lliurar a finals del segon trimestre. Aix\u00f2 propicia que molts alumnes vagin a la biblioteca per a buscar altres llibres que els puguin interessar m\u00e9s per fer el cr\u00e8dit de s\u00edntesi.<\/p>\n<p><a href=\"http:\/\/blog.elpuig.xeill.net\/wp-content\/uploads\/2012\/11\/Un-llibre-\u00e9s-un-m\u00f3n.jpg\"><img loading=\"lazy\" class=\"aligncenter size-medium wp-image-933\" title=\"Un llibre \u00e9s un m\u00f3n\" src=\"http:\/\/blog.elpuig.xeill.net\/wp-content\/uploads\/2012\/11\/Un-llibre-\u00e9s-un-m\u00f3n-300x195.jpg\" alt=\"\" width=\"300\" height=\"195\" srcset=\"https:\/\/blog.elpuig.xeill.net\/wp-content\/uploads\/2012\/11\/Un-llibre-\u00e9s-un-m\u00f3n-300x195.jpg 300w, https:\/\/blog.elpuig.xeill.net\/wp-content\/uploads\/2012\/11\/Un-llibre-\u00e9s-un-m\u00f3n-1024x665.jpg 1024w, https:\/\/blog.elpuig.xeill.net\/wp-content\/uploads\/2012\/11\/Un-llibre-\u00e9s-un-m\u00f3n-461x300.jpg 461w\" sizes=\"(max-width: 300px) 100vw, 300px\" \/><\/a>Despr\u00e9s d&#8217;aquesta explicaci\u00f3 formal, conv\u00e9 que fem una reflexi\u00f3 sobre aquesta activitat, tant si ets alumne que est\u00e0 fent l&#8217;Hora de lectura aquest curs com si la vas fer en cursos anteriors. Et sembla profitosa? Creus que \u00e9s interessant? Es podria millorar d&#8217;alguna manera? Quines reflexions faries? Quins suggeriments se t&#8217;acudeixen?<\/p>\n<p>Us convido a fer els vostres comentaris per tal de millorar una activitat que intenta potenciar un dels aspectes m\u00e9s importants i interessants de l&#8217;ensenyament i (per qu\u00e8 no?) de la vida: el plaer de la lectura.<\/p>\n<p>Pau Navarro Jarque<br \/>\nCoordinador de la Biblioteca.<\/p>\n","protected":false},"excerpt":{"rendered":"<p>L&#8217;Hora de lectura \u00e9s una activitat que es fa a l&#8217;institut Puig Castellar a 1r i 2n d&#8217;ESO i que es va iniciar el curs 2007-2008, dins d&#8217;un Pla d&#8217;est\u00edmul de la lectura (+llibres= +lliures), la qual cosa vol dir &hellip; <a href=\"https:\/\/blog.elpuig.xeill.net\/?p=930\">Continua llegint <span class=\"meta-nav\">&rarr;<\/span><\/a><\/p>\n","protected":false},"author":2,"featured_media":0,"comment_status":"open","ping_status":"open","sticky":false,"template":"","format":"standard","meta":[],"categories":[123,3],"tags":[96,107],"_links":{"self":[{"href":"https:\/\/blog.elpuig.xeill.net\/index.php?rest_route=\/wp\/v2\/posts\/930"}],"collection":[{"href":"https:\/\/blog.elpuig.xeill.net\/index.php?rest_route=\/wp\/v2\/posts"}],"about":[{"href":"https:\/\/blog.elpuig.xeill.net\/index.php?rest_route=\/wp\/v2\/types\/post"}],"author":[{"embeddable":true,"href":"https:\/\/blog.elpuig.xeill.net\/index.php?rest_route=\/wp\/v2\/users\/2"}],"replies":[{"embeddable":true,"href":"https:\/\/blog.elpuig.xeill.net\/index.php?rest_route=%2Fwp%2Fv2%2Fcomments&post=930"}],"version-history":[{"count":5,"href":"https:\/\/blog.elpuig.xeill.net\/index.php?rest_route=\/wp\/v2\/posts\/930\/revisions"}],"predecessor-version":[{"id":2836,"href":"https:\/\/blog.elpuig.xeill.net\/index.php?rest_route=\/wp\/v2\/posts\/930\/revisions\/2836"}],"wp:attachment":[{"href":"https:\/\/blog.elpuig.xeill.net\/index.php?rest_route=%2Fwp%2Fv2%2Fmedia&parent=930"}],"wp:term":[{"taxonomy":"category","embeddable":true,"href":"https:\/\/blog.elpuig.xeill.net\/index.php?rest_route=%2Fwp%2Fv2%2Fcategories&post=930"},{"taxonomy":"post_tag","embeddable":true,"href":"https:\/\/blog.elpuig.xeill.net\/index.php?rest_route=%2Fwp%2Fv2%2Ftags&post=930"}],"curies":[{"name":"wp","href":"https:\/\/api.w.org\/{rel}","templated":true}]}}