{"id":919,"date":"2012-11-17T13:48:28","date_gmt":"2012-11-17T11:48:28","guid":{"rendered":"http:\/\/blog.elpuig.xeill.net\/?p=919"},"modified":"2020-05-06T19:26:20","modified_gmt":"2020-05-06T17:26:20","slug":"les-quatre-estacions","status":"publish","type":"post","link":"https:\/\/blog.elpuig.xeill.net\/?p=919","title":{"rendered":"Les quatre estacions"},"content":{"rendered":"<p>El passat 7 de novembre, una orquestra de cambra, l&#8217;Orquestra de Girona, va interpretar <em>Les quatre estacions<\/em> de Vivaldi a la sala d&#8217;actes del nostre institut, davant els alumnes de 1r, 3r i els de 4t d&#8217;ESO que fan l&#8217;optativa de m\u00fasica. L&#8217;orquestra estava formada per cinc instruments de corda: dos violins, dues violes i un violoncel.<\/p>\n<p>A Antonio Vivaldi (Ven\u00e8cia, 1678; Viena, 1741), m\u00fasic (violinista) i compositor del Barroc, els seus coetanis el coneixien pel malnom de <em>il prette rosso<\/em> (<em>el sacerdot p\u00e8l-roig<\/em>), per la seva professi\u00f3 i pel color del seu cabell. Vivaldi \u00e9s, probablement, un dels compositors m\u00e9s populars del m\u00f3n, com ho demostra el fet que els seus quatre concerts per a viol\u00ed m\u00e9s coneguts, <em>Les quatre estacions<\/em>, siguin l&#8217;obra m\u00e9s vegades enregistrada en disc de la hist\u00f2ria de la m\u00fasica cl\u00e0ssica, malgrat que al seu temps, a la seva mort, com a conseq\u00fc\u00e8ncia del rebuig que havien tingut a It\u00e0lia alguns dels seus plantejaments m\u00e9s innovadors sobre l&#8217;\u00f2pera, va caure en l&#8217;oblit i el seu nom ni tant sol apareix en els llibres de m\u00fasica de l&#8217;\u00e9poca.<br \/>\n<a href=\"http:\/\/blog.elpuig.xeill.net\/wp-content\/uploads\/2012\/11\/Antonio-Vivaldi.jpg\"><img loading=\"lazy\" class=\"aligncenter size-medium wp-image-920\" title=\"Antonio Vivaldi\" src=\"http:\/\/blog.elpuig.xeill.net\/wp-content\/uploads\/2012\/11\/Antonio-Vivaldi-251x300.jpg\" alt=\"\" width=\"251\" height=\"300\" srcset=\"https:\/\/blog.elpuig.xeill.net\/wp-content\/uploads\/2012\/11\/Antonio-Vivaldi-251x300.jpg 251w, https:\/\/blog.elpuig.xeill.net\/wp-content\/uploads\/2012\/11\/Antonio-Vivaldi.jpg 502w\" sizes=\"(max-width: 251px) 100vw, 251px\" \/><\/a>La seva obra \u00e9s molt \u00e0mplia i variada: va escriure 770 peces musicals, entre les quals destaquen molts dels 477 concerts i algunes de les 46 \u00f2peres (per exemple, <em>Orlando furioso<\/em>). Respecte als concerts de <em>Les quatre estacions<\/em>, composats el 1723, formarien part d&#8217;un conjunt de dotze concerts titulats <em>Il cimento dell&#8217;armonia e dell&#8217;inventione<\/em> (<em>Assaig entre l&#8217;armonia i la invenci\u00f3<\/em>), i es diuen aix\u00ed per fer refer\u00e8ncia a les quatres estacions de l&#8217;any. Tenen els quatre concerts una estructura semblant; estan dividits en tres moviments (un moviment r\u00e0pid, un altre lent i un altre r\u00e0pid), i, pel seu car\u00e0cter descriptiu, a mida que els sentim, anem pensant en diversos estats d&#8217;\u00e0nim i en imatges i sons de la natura propis dels canvis de cada estaci\u00f3.<\/p>\n<p>Al concert de <em>Primavera<\/em>, per exemple, ens sembla recon\u00e8ixer el cant dels ocells, el so de l&#8217;aigua brollant de la font, el soroll de la pluja d&#8217;abril, els lladrucs d&#8217;un gos&#8230; i, sobretot, una sensaci\u00f3 d&#8217;alegria, de claredat i felicitat; al d&#8217;<em>Estiu<\/em>, sentim el cant del cucut, de les t\u00f3rtores i de la cadernera&#8230; per\u00f2 tamb\u00e9 els trons de les tempestes seques d&#8217;aquesta estaci\u00f3, i el xiuxeig dels insectes i borinots; al de <em>Tardor<\/em>, es distingeixen els sons dels corns dels ca\u00e7adors i els lladrucs dels seus gossos que s&#8217;endinsen pel bosc&#8230; , i al de l&#8217;<em>Hivern<\/em>, domina la sensaci\u00f3 de foscor i sentim la fredor, el soroll de la pluja que cau insistentment, el crepitar de la llar de foc i el rumor del vent que fa moure i cruixir les portes de fusta. De fet, Vivaldi, que volia arribar a un p\u00fablic molt ampli amb la seva m\u00fasica,\u00a0 per facilitar l&#8217;enteniment de <em>Les quatre estacions <\/em>va escriure quatre sonets per acompanyar la seva interpretaci\u00f3 i fer m\u00e9s expl\u00edcites les sensacions de cada \u00e9poca de l&#8217;any, com podem veure en aquest cas:<\/p>\n<p>LA PRIMAVERA<\/p>\n<p>Giunt&#8217; \u00e8 la Primavera e festosetti<br \/>\nLa Salutan gl&#8217; Augei con lieto canto,<br \/>\nE i fonti allo Spirar de&#8217; Zeffiretti<br \/>\nCon dolce mormorio Scorrono intanto:<\/p>\n<p>Vengon&#8217; coprendo l&#8217; aer di nero amanto<br \/>\nE Lampi, e tuoni ad annuntiarla eletti<br \/>\nIndi tacendo questi, gl&#8217; Augelletti;<br \/>\nTornan&#8217; di nuovo al lor canoro incanto:<\/p>\n<p>E quindi sul fiorito ameno prato<br \/>\nAl caro mormorio di fronde e piante<br \/>\nDorme &#8216;l Caprar col fido can&#8217; \u00e0 lato.<\/p>\n<p>Di pastoral Zampogna al suon festante<br \/>\nDanzan Ninfe e Pastor nel tetto amato<br \/>\nDi primavera all&#8217; apparir brillante.<\/p>\n<p>&#8230;Una traducci\u00f3 castellana d&#8217;aquest sonet la va fer el poeta cub\u00e0 David Cherician:<\/p>\n<p>LA PRIMAVERA<br \/>\nLleg\u00f3 la primavera y de contento<br \/>\nlas aves la saludan con su canto,<br \/>\ny las fuentes al son del blanco viento<br \/>\ncon dulce murmurar fluyen en tanto.<\/p>\n<p>El aire cubren con su negro manto<br \/>\ntruenos, rayos, heraldos de su adviento,<br \/>\ny acall\u00e1ndolos luego, aves sin cuento<br \/>\ntornan de nuevo a su canoro encanto.<\/p>\n<p>Y as\u00ed sobre el florido ameno prado<br \/>\nentre plantas y fronda murmurante<br \/>\nduerme el pastor con su fiel perro al lado.<\/p>\n<p>De pastoral zampo\u00f1a al son chispeante<br \/>\ndanzan ninfa y pastor bajo el techado<br \/>\nde primavera al irrumpir brillante.<\/p>\n<p>Quant al concert de l&#8217;altre dia al nostre institut, <a href=\"http:\/\/www.atot.cat\/\">tal com expliquen al seu web els organitzadors, membres de la companyia Atot<\/a>, \u00e9s un espectacle did\u00e0ctic &#8220;concebut com un mon\u00f2leg del protagonista, que \u00e9s el mateix compositor al final de la seva vida i un cop retirat del m\u00f3n musical, que s\u2019alterna amb les intervencions de l\u2019orquestra que il\u00b7lustra els pensaments i les idees de Vivaldi i interpreta cada un dels moviments dels 4 concerts&#8221;.<\/p>\n<p><a href=\"http:\/\/blog.elpuig.xeill.net\/wp-content\/uploads\/2012\/11\/Les-quatre-estacions_editado-1.jpg\"><img loading=\"lazy\" class=\"aligncenter size-medium wp-image-923\" title=\"Les quatre estacions_editado-1\" src=\"http:\/\/blog.elpuig.xeill.net\/wp-content\/uploads\/2012\/11\/Les-quatre-estacions_editado-1-300x212.jpg\" alt=\"\" width=\"300\" height=\"212\" srcset=\"https:\/\/blog.elpuig.xeill.net\/wp-content\/uploads\/2012\/11\/Les-quatre-estacions_editado-1-300x212.jpg 300w, https:\/\/blog.elpuig.xeill.net\/wp-content\/uploads\/2012\/11\/Les-quatre-estacions_editado-1.jpg 340w\" sizes=\"(max-width: 300px) 100vw, 300px\" \/><\/a> Abans d&#8217;acabar l&#8217;espectacle, l&#8217;actor que fa el paper d&#8217;Antonio Vivaldi ens diu al seu mon\u00f2leg: \u201cSabeu, fa molt temps, vaig escriure quatre concerts sobre les estacions de l\u2019any. Van tenir molt d\u2019\u00e8xit, perqu\u00e8 a la gent li feia gr\u00e0cia sentir el parrupeig d\u2019una t\u00f3rtora o els refilets d\u2019una cadernera o el so d\u2019un cucut, i aix\u00f2 els portava cap a l\u2019estiu, que \u00e9s quan aquests ocells m\u00e9s s\u2019escolten. Ara aquests concerts encara agraden, per\u00f2 la gent no hi sent el que jo hi vaig posar. O no l\u2019escolten b\u00e9, o potser no saben que els cucuts nien a l\u2019estiu. Potser no tenen ni idea del que \u00e9s una cadernera o una t\u00f3rtora, i encara menys com canten. Per\u00f2 ara vosaltres ja sabreu qu\u00e8 hi vaig posar, jo, a dins de <em>Les quatre estacions<\/em>. Espero que, si les escolteu de nou, sabreu retrobar-les i descobrir-hi encara m\u00e9s coses\u201d.<\/p>\n<p>&#8230;I s\u00f3n precisament aquestes coses i sensacions descobertes a aquesta audici\u00f3 per part del p\u00fablic que va assistir-hi les que nosaltres voldr\u00edem ara llegir a aquesta p\u00e0gina. Que cadasc\u00fa digui la seva. Gr\u00e0cies per la vostra col\u00b7laboraci\u00f3.<\/p>\n","protected":false},"excerpt":{"rendered":"<p>El passat 7 de novembre, una orquestra de cambra, l&#8217;Orquestra de Girona, va interpretar Les quatre estacions de Vivaldi a la sala d&#8217;actes del nostre institut, davant els alumnes de 1r, 3r i els de 4t d&#8217;ESO que fan l&#8217;optativa &hellip; <a href=\"https:\/\/blog.elpuig.xeill.net\/?p=919\">Continua llegint <span class=\"meta-nav\">&rarr;<\/span><\/a><\/p>\n","protected":false},"author":2,"featured_media":0,"comment_status":"open","ping_status":"open","sticky":false,"template":"","format":"standard","meta":[],"categories":[10],"tags":[106,104,105],"_links":{"self":[{"href":"https:\/\/blog.elpuig.xeill.net\/index.php?rest_route=\/wp\/v2\/posts\/919"}],"collection":[{"href":"https:\/\/blog.elpuig.xeill.net\/index.php?rest_route=\/wp\/v2\/posts"}],"about":[{"href":"https:\/\/blog.elpuig.xeill.net\/index.php?rest_route=\/wp\/v2\/types\/post"}],"author":[{"embeddable":true,"href":"https:\/\/blog.elpuig.xeill.net\/index.php?rest_route=\/wp\/v2\/users\/2"}],"replies":[{"embeddable":true,"href":"https:\/\/blog.elpuig.xeill.net\/index.php?rest_route=%2Fwp%2Fv2%2Fcomments&post=919"}],"version-history":[{"count":12,"href":"https:\/\/blog.elpuig.xeill.net\/index.php?rest_route=\/wp\/v2\/posts\/919\/revisions"}],"predecessor-version":[{"id":2837,"href":"https:\/\/blog.elpuig.xeill.net\/index.php?rest_route=\/wp\/v2\/posts\/919\/revisions\/2837"}],"wp:attachment":[{"href":"https:\/\/blog.elpuig.xeill.net\/index.php?rest_route=%2Fwp%2Fv2%2Fmedia&parent=919"}],"wp:term":[{"taxonomy":"category","embeddable":true,"href":"https:\/\/blog.elpuig.xeill.net\/index.php?rest_route=%2Fwp%2Fv2%2Fcategories&post=919"},{"taxonomy":"post_tag","embeddable":true,"href":"https:\/\/blog.elpuig.xeill.net\/index.php?rest_route=%2Fwp%2Fv2%2Ftags&post=919"}],"curies":[{"name":"wp","href":"https:\/\/api.w.org\/{rel}","templated":true}]}}