{"id":887,"date":"2012-10-25T19:34:42","date_gmt":"2012-10-25T17:34:42","guid":{"rendered":"http:\/\/blog.elpuig.xeill.net\/?p=887"},"modified":"2012-10-28T09:05:28","modified_gmt":"2012-10-28T07:05:28","slug":"samuel-aranda-la-primavera-arab-i-el-fotoperiodisme","status":"publish","type":"post","link":"https:\/\/blog.elpuig.xeill.net\/?p=887","title":{"rendered":"Samuel Aranda: la primavera \u00e0rab i el fotoperiodisme"},"content":{"rendered":"<p>Els mitjans de comunicaci\u00f3 internacionals han popularitzat l&#8217;expressi\u00f3 \u201cprimavera \u00e0rab\u201d per referir-se a les revoltes que han vingut succeint-se en una s\u00e8rie de pa\u00efsos musulmans \u2014des del S\u00e0hara Occidental a Tun\u00edsia, Alg\u00e8ria, L\u00edban, Jord\u00e0nia, Maurit\u00e0nia, Sudan, Oman, Ar\u00e0bia, Egipte, S\u00edria, Iemen, Djibouti, Iraq, Som\u00e0lia, Bahrain, L\u00edbia, Kuwait i Marroc\u2014 des de novembre de 2010 fins fa poc. Els protagonistes d&#8217;aquestes revoltes han estat diversos sectors de la poblaci\u00f3 impulsats per diferents motivacions socials, econ\u00f2miques i pol\u00edtiques (pujada dels preus dels aliments, atur, manca de perspectives laborals i de futur, falta de respecte als drets humans i democr\u00e0tics, lluita contra r\u00e8gims tir\u00e0nics i corruptes, etc.). Malgrat la repressi\u00f3 policial i pol\u00edtica, la majoria d&#8217;accions d&#8217;aquestes protestes ha consistit en manifestacions multitudin\u00e0ries \u2014moltes vegades convocades per les xarxes socials\u2014, concentracions massives, ocupacions d&#8217;espais p\u00fablics, enfrontaments entre partidaris del govern i opositors, etc.; per\u00f2 hi ha hagut tamb\u00e9 immolacions personals i, en alguns casos, lluita armada. En alguns pa\u00efsos, com a resultat d&#8217;aquestes lluites populars, hi ha hagut reformes i canvis governamentals i pol\u00edtics decisius (cas de Tun\u00edsia, Egipte, L\u00edbia, etc.); en altres, per\u00f2, la lluita continua sota diferents formes (guerra civil a S\u00edria&#8230;). Quant al nombre de persones mortes en aquests conflictes oscil\u00b7la entre 40.538 i 62.188 (cf. <a title=\"Wikipedia: Primavera \u00e1rabe\" href=\"http:\/\/es.wikipedia.org\/wiki\/Primavera_%C3%A1rabe\">Wikipedia<\/a>).<\/p>\n<p><a href=\"http:\/\/blog.elpuig.xeill.net\/wp-content\/uploads\/2012\/10\/250px-2010-2011_Arab_world_protests.svg_.png\"><img loading=\"lazy\" class=\"aligncenter size-full wp-image-888\" title=\"250px-2010-2011_Arab_world_protests.svg\" src=\"http:\/\/blog.elpuig.xeill.net\/wp-content\/uploads\/2012\/10\/250px-2010-2011_Arab_world_protests.svg_.png\" alt=\"\" width=\"250\" height=\"180\" \/><\/a>Per qu\u00e8 <em>primavera<\/em>?<br \/>\nLa paraula <em>primavera<\/em> associada a processos pol\u00edtics de ruptura i alliberament va comen\u00e7ar a aplicar-se per primera vegada als canvis ideol\u00f2gics i pol\u00edtics originats en Txecoslovaquia durant l&#8217;any 1968\u00a0 (<a title=\"Primavera de Praga\" href=\"http:\/\/ca.wikipedia.org\/wiki\/Primavera_de_Praga\">Primavera de Praga<\/a>), quan aquest pa\u00eds intentava buscar una via pr\u00f2pia cap al socialisme, al marge del totalitarisme i de les imposicions de la U.R.S.S. La met\u00e0fora neix de la identificaci\u00f3 de certs fen\u00f2mens pol\u00edtics i socials amb la renovaci\u00f3 i el rebrot de la vida que suposa el naixement de la primavera despr\u00e9s dels mesos freds de l&#8217;hivern. \u00c9s, per conseg\u00fcent, la primavera un s\u00edmbol positiu que designa un canvi pol\u00edtic esperan\u00e7ador.<\/p>\n<p><a href=\"http:\/\/blog.elpuig.xeill.net\/wp-content\/uploads\/2012\/10\/Egipte.jpg\"><img loading=\"lazy\" class=\"aligncenter size-full wp-image-892\" title=\"Egipte\" src=\"http:\/\/blog.elpuig.xeill.net\/wp-content\/uploads\/2012\/10\/Egipte.jpg\" alt=\"\" width=\"276\" height=\"182\" \/><\/a>Quant al fotoperiodisme, hem de recordar que \u00e9s un g\u00e8nere de la fotografia i del periodisme que va n\u00e9ixer a finals del segle XIX amb la voluntat de reflectir objectivament i amb sensibilitat fets de l&#8217;actualitat pol\u00edtica i social que tinguessin inter\u00e8s general. Moltes vegades aquesta voluntat d&#8217;informar amb imatges sobre l&#8217;actualitat, sobretot quan es tracta de documentar fets b\u00e8l\u00b7lics o violents, ha portat els fot\u00f2grafs periodistes a viure situacions de perill, com va passar en alguns esdeveniments ocorreguts a alguns pa\u00efsos mulsumans durant la primavera \u00e0rab.<\/p>\n<p>Si ara parlem al nostre blog de la primavera \u00e0rab i de fotoperiodisme no \u00e9s per causalitat, \u00e9s que hi ha un agent catalitzador molt a prop: el fot\u00f2graf colomenc Samuel Aranda (1979), que ha documentat des de la primera l\u00ednia de foc, amb els ulls molt oberts, una part important dels fets ocorreguts durant aquest temps a alguns dels pa\u00efsos musulmans on ha viscut.<br \/>\n<a href=\"http:\/\/blog.elpuig.xeill.net\/wp-content\/uploads\/2012\/10\/Samuel-Aranda.jpg\"><img loading=\"lazy\" class=\"aligncenter size-full wp-image-889\" title=\"Samuel Aranda\" src=\"http:\/\/blog.elpuig.xeill.net\/wp-content\/uploads\/2012\/10\/Samuel-Aranda.jpg\" alt=\"\" width=\"197\" height=\"256\" \/><\/a>Efectivament, el passat 24 d&#8217;octubre, al teatre Sagarra de Santa Coloma, dins de les activitats de les Jornades per la Pau organitzades per l&#8217;Ajuntament, alumnes de 4t d&#8217;ESO i 1r de batxillerat \u2014entre els quals hi eren els nostres, \u00e9s clar\u2014\u00a0 de diferents instituts de la ciutat van assistir a un acte de reconeixement del fotograf colomenc Samuel Aranda, que ha rebut aquest any el premi <a title=\"Premi World Press of The Year\" href=\"http:\/\/es.wikipedia.org\/wiki\/World_Press_Photo_of_the_Year\">World Press Photo of The Year<\/a> per una extraordin\u00e0ria fotografia captada el 14 d&#8217;octubre de 2011, a una mesquita de San\u00e0 (Iemen) utilitzada com a hospital durant les protestes contra el <a title=\"Abdullah Saleh\" href=\"http:\/\/es.wikipedia.org\/wiki\/Ali_Abdullah_Saleh\">r\u00e8gim d&#8217;Abdullah el Salem<\/a>.<\/p>\n<p><a href=\"http:\/\/blog.elpuig.xeill.net\/wp-content\/uploads\/2012\/10\/Pietat-iemen\u00ed.jpg\"><img loading=\"lazy\" class=\"aligncenter size-full wp-image-890\" title=\"Pietat iemen\u00ed\" src=\"http:\/\/blog.elpuig.xeill.net\/wp-content\/uploads\/2012\/10\/Pietat-iemen\u00ed.jpg\" alt=\"\" width=\"275\" height=\"183\" \/><\/a>Va obrir l&#8217;acte Petra Jim\u00e9nez, regidora de Cultura, Solidaritat i Cooperaci\u00f3, que es va referir a les Jornades per la Pau com una aposta de l&#8217;Ajuntament en defensa dels drets humans i de la lluita per un m\u00f3n m\u00e9s just i solidari. En aquest context s&#8217;ha d&#8217;incloure, doncs, el treball com a fot\u00f2graf de premsa de Samuel Aranda, que aquests dies presenta l&#8217;exposici\u00f3 \u201cLa Primavera \u00c0rab\u201d a Can Sister\u00e9, un treball comprom\u00e8s amb el principi de reflectir la realitat dels fets hist\u00f2rics per dolorosa que pugui resultar.<\/p>\n<p>Va intervenir despr\u00e9s, com a representant de <a title=\"Gramenet Imatge Solid\u00e0ria\" href=\"http:\/\/www.gramenetimatgesolidaria.cat\/quisom\/quienessomos.html\">Gramenet Imatge Solid\u00e0ria<\/a>, Joan Guerrero, fot\u00f2graf veter\u00e0, que va subratllar la capacitat de la imatge per transmetre valors \u00e8tics i human\u00edstics i va qualificar la fotografia guanyadora de Samuel Aranda com una fotografia que quedar\u00e0 en la hist\u00f2ria per transmetre tendresa, amor i bellesa com si fos una Pietat del nostre temps (en refer\u00e8ncia <a title=\"Pietat de Miguel Angel\" href=\"http:\/\/www.google.com\/imgres?hl=en&amp;client=firefox-a&amp;sa=X&amp;rls=org.mozilla:es-ES:official&amp;channel=np&amp;biw=1280&amp;bih=706&amp;tbm=isch&amp;prmd=imvnso&amp;tbnid=CEH2DYu22TKtyM:&amp;imgrefurl=http:\/\/vientodepaz.blogspot.com\/2011\/12\/la-piedad-miguel-angel.html&amp;docid=8ZAHAFdgZ_zHDM&amp;imgurl=http:\/\/4.bp.blogspot.com\/-4SC5jRyQtZM\/TjVnJTP_KCI\/AAAAAAAACEk\/bI7T6pNleu4\/s1600\/La-Piedad-de-Miguel-Angel-2.jpg&amp;w=540&amp;h=507&amp;ei=53mJUKbEDYWp0QX57IGABA&amp;zoom=1&amp;iact=hc&amp;vpx=439&amp;vpy=139&amp;dur=6747&amp;hovh=218&amp;hovw=232&amp;tx=136&amp;ty=114&amp;sig=105672556012712385234&amp;page=1&amp;tbnh=137&amp;tbnw=132&amp;start=0&amp;ndsp=26&amp;ved=1t:429,r:2,s:0,i:77\">a l&#8217;escultura de Miguel \u00c0ngel<\/a>).<\/p>\n<p>A continuaci\u00f3, Samuel Aranda va presentar un resum de la seva traject\u00f2ria mitjan\u00e7ant un multim\u00e8dia que inclo\u00efa cinc etapes: Immigraci\u00f3, Gaza, Tun\u00edsia, Egipte i Iemen.<\/p>\n<p><a href=\"http:\/\/blog.elpuig.xeill.net\/wp-content\/uploads\/2012\/10\/Immigraci\u00f3.jpg\"><img loading=\"lazy\" class=\"aligncenter size-full wp-image-891\" title=\"Immigraci\u00f3\" src=\"http:\/\/blog.elpuig.xeill.net\/wp-content\/uploads\/2012\/10\/Immigraci\u00f3.jpg\" alt=\"\" width=\"275\" height=\"183\" \/><\/a>Una de les fotografies de Samuel Aranda dels reportatges dedicats a la immigraci\u00f3.<\/p>\n<p>Despr\u00e9s de la presentaci\u00f3 de les fotografies, Aranda va comentar diferents moments de la seva experi\u00e8ncia com a fot\u00f2graf de premsa (per exemple, el retrobament i la c\u00e0lida acollida de la fam\u00edlia iemen\u00ed quatre mesos despr\u00e9s de la fotografia de l&#8217;hospital), va parlar de la situaci\u00f3 actual en alguns pa\u00efsos musulmans (all\u00e0 on hi ha petroli els agents occidentals, moguts per interessos econ\u00f2mics, intervenen per controlar els conflictes d&#8217;una manera que els resulti rendible), de la imatge distorsionada que, de vegades, donen els mitjans de comunicaci\u00f3 occidentals sobre el m\u00f3n \u00e0rab&#8230;\u00a0 i\u00a0 a continuaci\u00f3 va deixar obert el torn perqu\u00e8 els assistents li fessin preguntes. Per\u00f2 del que es va dir al col\u00b7loqui i d&#8217;altres aspectes de l&#8217;acte convidem a dir-hi la seva els alumnes que van assistir-hi. Esperem des d&#8217;ara els seus comentaris i impressions.<\/p>\n","protected":false},"excerpt":{"rendered":"<p>Els mitjans de comunicaci\u00f3 internacionals han popularitzat l&#8217;expressi\u00f3 \u201cprimavera \u00e0rab\u201d per referir-se a les revoltes que han vingut succeint-se en una s\u00e8rie de pa\u00efsos musulmans \u2014des del S\u00e0hara Occidental a Tun\u00edsia, Alg\u00e8ria, L\u00edban, Jord\u00e0nia, Maurit\u00e0nia, Sudan, Oman, Ar\u00e0bia, Egipte, S\u00edria, &hellip; <a href=\"https:\/\/blog.elpuig.xeill.net\/?p=887\">Continua llegint <span class=\"meta-nav\">&rarr;<\/span><\/a><\/p>\n","protected":false},"author":2,"featured_media":0,"comment_status":"open","ping_status":"open","sticky":false,"template":"","format":"standard","meta":[],"categories":[97,98],"tags":[99,100],"_links":{"self":[{"href":"https:\/\/blog.elpuig.xeill.net\/index.php?rest_route=\/wp\/v2\/posts\/887"}],"collection":[{"href":"https:\/\/blog.elpuig.xeill.net\/index.php?rest_route=\/wp\/v2\/posts"}],"about":[{"href":"https:\/\/blog.elpuig.xeill.net\/index.php?rest_route=\/wp\/v2\/types\/post"}],"author":[{"embeddable":true,"href":"https:\/\/blog.elpuig.xeill.net\/index.php?rest_route=\/wp\/v2\/users\/2"}],"replies":[{"embeddable":true,"href":"https:\/\/blog.elpuig.xeill.net\/index.php?rest_route=%2Fwp%2Fv2%2Fcomments&post=887"}],"version-history":[{"count":11,"href":"https:\/\/blog.elpuig.xeill.net\/index.php?rest_route=\/wp\/v2\/posts\/887\/revisions"}],"predecessor-version":[{"id":894,"href":"https:\/\/blog.elpuig.xeill.net\/index.php?rest_route=\/wp\/v2\/posts\/887\/revisions\/894"}],"wp:attachment":[{"href":"https:\/\/blog.elpuig.xeill.net\/index.php?rest_route=%2Fwp%2Fv2%2Fmedia&parent=887"}],"wp:term":[{"taxonomy":"category","embeddable":true,"href":"https:\/\/blog.elpuig.xeill.net\/index.php?rest_route=%2Fwp%2Fv2%2Fcategories&post=887"},{"taxonomy":"post_tag","embeddable":true,"href":"https:\/\/blog.elpuig.xeill.net\/index.php?rest_route=%2Fwp%2Fv2%2Ftags&post=887"}],"curies":[{"name":"wp","href":"https:\/\/api.w.org\/{rel}","templated":true}]}}