{"id":87,"date":"2011-10-09T11:47:11","date_gmt":"2011-10-09T09:47:11","guid":{"rendered":"http:\/\/blog.elpuig.xeill.net\/?p=87"},"modified":"2012-01-16T20:51:34","modified_gmt":"2012-01-16T18:51:34","slug":"paraules-al-vent","status":"publish","type":"post","link":"https:\/\/blog.elpuig.xeill.net\/?p=87","title":{"rendered":"Liter\u00e0ria"},"content":{"rendered":"<p>Perqu\u00e8 <em>ens queda la paraula<\/em>, mentre no es demostri el contrari, tothom \u00e9s poeta, almenys potencialment: tothom pot crear frases originals, hist\u00f2ries meravelloses, poemes&#8230; que ning\u00fa hagi escrit abans. Per aix\u00f2, per animar i despertar el poeta que tothom porta a dins seu, obrim aquesta secci\u00f3 que acollir\u00e0 textos de ficci\u00f3: hist\u00f2ries, contes, diaris, novel\u00b7les breus, cartes adre\u00e7ades a destinataris imaginaris, poemes, petites obres de teatre, etc., i els comentaris que aquests textos puguin suggerir a altres usuaris.<\/p>\n<p style=\"text-align: left;\"><a href=\"http:\/\/blog.elpuig.xeill.net\/wp-content\/uploads\/2011\/10\/Liter\u00e0ria.jpg\"><img loading=\"lazy\" class=\"aligncenter size-medium wp-image-381\" title=\"Liter\u00e0ria\" src=\"http:\/\/blog.elpuig.xeill.net\/wp-content\/uploads\/2011\/10\/Liter\u00e0ria-260x300.jpg\" alt=\"\" width=\"260\" height=\"300\" srcset=\"https:\/\/blog.elpuig.xeill.net\/wp-content\/uploads\/2011\/10\/Liter\u00e0ria-260x300.jpg 260w, https:\/\/blog.elpuig.xeill.net\/wp-content\/uploads\/2011\/10\/Liter\u00e0ria.jpg 347w\" sizes=\"(max-width: 260px) 100vw, 260px\" \/><\/a>A veure qui s&#8217;anima a enviar-nos els primers textos&#8230; i els seg\u00fcents&#8230;<\/p>\n<p>&nbsp;<\/p>\n","protected":false},"excerpt":{"rendered":"<p>Perqu\u00e8 ens queda la paraula, mentre no es demostri el contrari, tothom \u00e9s poeta, almenys potencialment: tothom pot crear frases originals, hist\u00f2ries meravelloses, poemes&#8230; que ning\u00fa hagi escrit abans. Per aix\u00f2, per animar i despertar el poeta que tothom porta &hellip; <a href=\"https:\/\/blog.elpuig.xeill.net\/?p=87\">Continua llegint <span class=\"meta-nav\">&rarr;<\/span><\/a><\/p>\n","protected":false},"author":2,"featured_media":0,"comment_status":"open","ping_status":"open","sticky":false,"template":"","format":"standard","meta":[],"categories":[27],"tags":[30],"_links":{"self":[{"href":"https:\/\/blog.elpuig.xeill.net\/index.php?rest_route=\/wp\/v2\/posts\/87"}],"collection":[{"href":"https:\/\/blog.elpuig.xeill.net\/index.php?rest_route=\/wp\/v2\/posts"}],"about":[{"href":"https:\/\/blog.elpuig.xeill.net\/index.php?rest_route=\/wp\/v2\/types\/post"}],"author":[{"embeddable":true,"href":"https:\/\/blog.elpuig.xeill.net\/index.php?rest_route=\/wp\/v2\/users\/2"}],"replies":[{"embeddable":true,"href":"https:\/\/blog.elpuig.xeill.net\/index.php?rest_route=%2Fwp%2Fv2%2Fcomments&post=87"}],"version-history":[{"count":6,"href":"https:\/\/blog.elpuig.xeill.net\/index.php?rest_route=\/wp\/v2\/posts\/87\/revisions"}],"predecessor-version":[{"id":89,"href":"https:\/\/blog.elpuig.xeill.net\/index.php?rest_route=\/wp\/v2\/posts\/87\/revisions\/89"}],"wp:attachment":[{"href":"https:\/\/blog.elpuig.xeill.net\/index.php?rest_route=%2Fwp%2Fv2%2Fmedia&parent=87"}],"wp:term":[{"taxonomy":"category","embeddable":true,"href":"https:\/\/blog.elpuig.xeill.net\/index.php?rest_route=%2Fwp%2Fv2%2Fcategories&post=87"},{"taxonomy":"post_tag","embeddable":true,"href":"https:\/\/blog.elpuig.xeill.net\/index.php?rest_route=%2Fwp%2Fv2%2Ftags&post=87"}],"curies":[{"name":"wp","href":"https:\/\/api.w.org\/{rel}","templated":true}]}}