{"id":863,"date":"2012-10-21T18:54:53","date_gmt":"2012-10-21T16:54:53","guid":{"rendered":"http:\/\/blog.elpuig.xeill.net\/?p=863"},"modified":"2020-05-06T19:39:39","modified_gmt":"2020-05-06T17:39:39","slug":"raons-per-llegir","status":"publish","type":"post","link":"https:\/\/blog.elpuig.xeill.net\/?p=863","title":{"rendered":"Raons per llegir"},"content":{"rendered":"<p><strong>Raons per llegir (amb una, n&#8217;hi ha prou)<\/strong><\/p>\n<p>Al seu discurs de recepci\u00f3 del premi Nobel de literatura, l&#8217;escriptor en llengua jiddish Isaac Bashevis Singer va dir que tenia 500 raons per haver escrit llibres per a nens, per\u00f2 que, per estalviar temps, les resumiria en deu:<\/p>\n<p>1. Els nens llegeixen llibres, no cr\u00edtiques liter\u00e0ries.<br \/>\n2. Els nens no llegeixen per trobar la seva identitat.<br \/>\n3. Tampoc per lliurar-se de la seva culpa, saciar la seva set de rebel\u00b7li\u00f3 o treure&#8217;s de sobre l&#8217;alienaci\u00f3.<br \/>\n4. No els importa la psicologia.<br \/>\n5. Tampoc els importa la sociologia.<br \/>\n6. No tracten d&#8217;entendre Kafka ni el <em>Finnegans Wake<\/em>. Llegeixen o no llegeixen.<br \/>\n7. Encara creuen en D\u00e9u, la fam\u00edlia, els \u00e0ngels, els dimonis, les bruixes, els follets, la l\u00f2gica, la claredat, la puntuaci\u00f3 i altres coses obsoletes com aquestes.<br \/>\n8. Els encanten les hist\u00f2ries interessants, no comentaris, guies de lectura o notes a peu de p\u00e0gina.<br \/>\n9. Quan un llibre \u00e9s avorrit, badallen sense cap tipus de vergonya o por de l&#8217;autoritat.<br \/>\n10. No esperen que l&#8217;escriptor que s&#8217;estimen sigui capa\u00e7 de redimir la humanitat. Com s\u00f3n joves saben que aquestes coses no depenen d&#8217;ell. Solament els adults mantenen aquests tipus d&#8217;il\u00b7lusions infantils.<\/p>\n<p>En aquell moment, davant dels reis de Su\u00e8cia i de tantes personalitats reunides davant seu, Singer \u2014que tenia quelcom de follet entremaliat com sap qui ha llegit el seu llibre <em>Cuentos para ni\u00f1os<\/em>\u2014 gaudia com un nen: s&#8217;havia lliurat a un dels plaers m\u00e9s antics de l&#8217;escriptura: la pasi\u00f3 per les llistes. (Les tauletes d&#8217;escriptura sum\u00e8ria m\u00e9s antigues contenen llistes de ramat comprat i venut.) I a m\u00e9s ho feia igual que Mois\u00e8s a les taules de la llei, prenent com a base el n\u00famero 10 (els deu dits de la m\u00e0) i, per conseg\u00fcent, escrivint un nou dec\u00e0leg.<\/p>\n<p><a href=\"http:\/\/blog.elpuig.xeill.net\/wp-content\/uploads\/2012\/10\/Cuentos-para-ni\u00f1os-de-Singer.jpg\"><img loading=\"lazy\" class=\"aligncenter size-full wp-image-864\" title=\"Cuentos para ni\u00f1os de Singer\" src=\"http:\/\/blog.elpuig.xeill.net\/wp-content\/uploads\/2012\/10\/Cuentos-para-ni\u00f1os-de-Singer.jpg\" alt=\"\" width=\"123\" height=\"158\" \/><\/a>Aquesta pasi\u00f3 per organitzar en un llistat les raons, els motius, etc., del perqu\u00e8 de tot plegat, ha fet que molts lectors, per exemple, emprenguessin la tasca de recollir raons per llegir per tractar de respondre a preguntes com: <em>Per qu\u00e8 llegim? Quina\u00a0 o quines s\u00f3n les raons per llegir i voler seguir llegint?<\/em><\/p>\n<p><a href=\"http:\/\/blog.elpuig.xeill.net\/wp-content\/uploads\/2012\/10\/Vinyeta-de-Forges-publicada-al-diari-El-Pa\u00eds.jpg\"><img loading=\"lazy\" class=\"aligncenter size-medium wp-image-866\" title=\"Vinyeta de Forges publicada al diari El Pa\u00eds\" src=\"http:\/\/blog.elpuig.xeill.net\/wp-content\/uploads\/2012\/10\/Vinyeta-de-Forges-publicada-al-diari-El-Pa\u00eds-300x240.jpg\" alt=\"\" width=\"300\" height=\"240\" srcset=\"https:\/\/blog.elpuig.xeill.net\/wp-content\/uploads\/2012\/10\/Vinyeta-de-Forges-publicada-al-diari-El-Pa\u00eds-300x240.jpg 300w, https:\/\/blog.elpuig.xeill.net\/wp-content\/uploads\/2012\/10\/Vinyeta-de-Forges-publicada-al-diari-El-Pa\u00eds-1024x821.jpg 1024w, https:\/\/blog.elpuig.xeill.net\/wp-content\/uploads\/2012\/10\/Vinyeta-de-Forges-publicada-al-diari-El-Pa\u00eds-373x300.jpg 373w, https:\/\/blog.elpuig.xeill.net\/wp-content\/uploads\/2012\/10\/Vinyeta-de-Forges-publicada-al-diari-El-Pa\u00eds.jpg 1170w\" sizes=\"(max-width: 300px) 100vw, 300px\" \/><\/a>Quan a una entrevista a <em>La Vanguardia <\/em>(3 de gener de 2008), al gran Emili Teixidor, que fins i tot va escriure un llibre sobre el tema (<em>La lectura i la vida<\/em>), li van preguntar <em>per qu\u00e8 llegir, <\/em>va contestar que <em>per viure m\u00e9s<\/em> i hi va afegir que <em>si llegeixes, quedes male\u00eft per a sempre<\/em> (si de jove et pica l&#8217;inter\u00e8s per la lectura com si fos un mosquit, aquest inter\u00e8s va creixent amb tu i no t&#8217;abandona mai). A alguns aquest inter\u00e8s o apetit per les lletres se&#8217;ls obrir\u00e0 amb els llibres prohibits, a altres amb els llibres recomanats per una persona estimada, a altres per una curiositat irrefrenable&#8230; No hi ha lleis generals.<\/p>\n<p><a href=\"http:\/\/blog.elpuig.xeill.net\/wp-content\/uploads\/2012\/10\/Vinyeta-de-El-Roto-publicada-al-diari-El-Pa\u00eds.jpg\"><img loading=\"lazy\" class=\"aligncenter size-medium wp-image-867\" title=\"Vinyeta de El Roto publicada al diari El Pa\u00eds\" src=\"http:\/\/blog.elpuig.xeill.net\/wp-content\/uploads\/2012\/10\/Vinyeta-de-El-Roto-publicada-al-diari-El-Pa\u00eds-228x300.jpg\" alt=\"\" width=\"228\" height=\"300\" srcset=\"https:\/\/blog.elpuig.xeill.net\/wp-content\/uploads\/2012\/10\/Vinyeta-de-El-Roto-publicada-al-diari-El-Pa\u00eds-228x300.jpg 228w, https:\/\/blog.elpuig.xeill.net\/wp-content\/uploads\/2012\/10\/Vinyeta-de-El-Roto-publicada-al-diari-El-Pa\u00eds-779x1024.jpg 779w, https:\/\/blog.elpuig.xeill.net\/wp-content\/uploads\/2012\/10\/Vinyeta-de-El-Roto-publicada-al-diari-El-Pa\u00eds.jpg 1272w\" sizes=\"(max-width: 228px) 100vw, 228px\" \/><\/a>En qualsevol cas, sabem que la lectura \u00e9s un acte \u00edntim, personal, un di\u00e0leg secret amb la persona que va escriure el llibre i que, per conseg\u00fcent, hi ha tantes raons com llibres i lectors: cada lector sap b\u00e9 quina \u00e9s la ra\u00f3 per llegir cada llibre que llegeix (de vegades la ra\u00f3 s&#8217;esbrina immediatament, nom\u00e9s comen\u00e7ar la lectura; d&#8217;altres, per\u00f2, es fa esperar una miqueta com si ens deman\u00e9s paci\u00e8ncia). I aix\u00ed, sense anar m\u00e9s lluny, a la xarxa tenim a m\u00e0 un munt de p\u00e0gines que tracten de reunir aquestes raons.<\/p>\n<p>Per exemple, la directora de la <em>Revista CLIJ. Cuadernos de Literatura Infantil y Juvenil<\/em>, Victoria Fern\u00e1ndez, va contestar a la pregunta de per qu\u00e8 llegim <a href=\"http:\/\/www.vallecascalledellibro.org\/Razones%20para%20leer\/Razones%20para%20leer.htm\">amb 33 raons<\/a>, entre les quals hi s\u00f3n algunes de les m\u00e9s cl\u00e0ssiques: <em>per aprendre, per detenir el temps, per descobrir el m\u00f3n<\/em>,<em> per riure, per plorar, per passar-ho b\u00e9<\/em>, etc. (a la <a href=\"http:\/\/elpuig.xeill.net\/el-centre\/biblioteca\/mes-raons-per-llegir..\">p\u00e0gina de la biblioteca del nostre institut<\/a>\u00a0 en trobareu algunes m\u00e9s que vam afegir-hi).<\/p>\n<p>La periodista Millizen Uribe<a href=\"http:\/\/www.hoy.com.do\/el-pais\/2012\/4\/18\/423621\/Manos-al-libro-10razones-para-leer\"> (\u201c\u00a1Manos al libro!&#8230; 10 razones para leer&#8221;), en <em>Hoy Digital<\/em>,<\/a> publicaci\u00f3 dominicana, abans de comentar deu raons per llegir, diu: &#8220;Abrir un libro, hojearlo, olerlo y leerlo tiene muchos beneficios. Los mismos apuntan en varias direcciones e incluyen desde mejor\u00edas de la salud mental hasta el desarrollo de habilidades de s\u00edntesis y an\u00e1lisis. \u00a1Y qu\u00e9 decir respecto a las ventajas de la ortograf\u00eda! A continuaci\u00f3n te citamos apenas diez de ellas. Luego de leerlas no habr\u00e1 excusas v\u00e1lidas para no leer.&#8221;<\/p>\n<p>Beatrice Massini, periodista i escriptora italiana, autora de llibres per a nens, ha escrit un llibre titulat <a href=\"http:\/\/blog.anayainfantilyjuvenil.es\/wp1\/?p=4179\"><em>101 bones raons per llegir<\/em><\/a>, amb raons gr\u00e0fiques com aquestes:<\/p>\n<p><a href=\"http:\/\/blog.elpuig.xeill.net\/wp-content\/uploads\/2012\/10\/101-buenas-razones.jpg\"><img loading=\"lazy\" class=\"aligncenter size-medium wp-image-868\" title=\"101 buenas razones\" src=\"http:\/\/blog.elpuig.xeill.net\/wp-content\/uploads\/2012\/10\/101-buenas-razones-300x225.jpg\" alt=\"\" width=\"300\" height=\"225\" srcset=\"https:\/\/blog.elpuig.xeill.net\/wp-content\/uploads\/2012\/10\/101-buenas-razones-300x225.jpg 300w, https:\/\/blog.elpuig.xeill.net\/wp-content\/uploads\/2012\/10\/101-buenas-razones-400x300.jpg 400w, https:\/\/blog.elpuig.xeill.net\/wp-content\/uploads\/2012\/10\/101-buenas-razones.jpg 540w\" sizes=\"(max-width: 300px) 100vw, 300px\" \/><\/a>Per acabar, aquests dies de mitjans d&#8217;octubre, quan acompanyem els nostres alumnes a la biblioteca de l&#8217;institut perqu\u00e8 tri\u00efn els llibres per llegir a l&#8217;hora de lectura, per sensibilitzar-los respecte a la import\u00e0ncia de les biblioteques i dels llibres, els fem contestar un <a href=\"http:\/\/elpuig.xeill.net\/Members\/institut\/curs-2012-2013\/sobre-habitos-de-lectura\">q\u00fcestionari sobre els seus h\u00e0bits lectors<\/a>\u00a0 on els demanem que ens diguin quines s\u00f3n les seves raons per llegir i veiem que uns llegeixen <em>per gust<\/em>, altres <em>per aprendre<\/em>, altres <em>per alliberar la seva imaginaci\u00f3<\/em>, etc.<\/p>\n<p>Sabem, doncs, que hi ha moltes raons per llegir, sabem tamb\u00e9 que amb una n&#8217;hi ha prou, per\u00f2 quines s\u00f3n les teves?<\/p>\n","protected":false},"excerpt":{"rendered":"<p>Raons per llegir (amb una, n&#8217;hi ha prou) Al seu discurs de recepci\u00f3 del premi Nobel de literatura, l&#8217;escriptor en llengua jiddish Isaac Bashevis Singer va dir que tenia 500 raons per haver escrit llibres per a nens, per\u00f2 que, &hellip; <a href=\"https:\/\/blog.elpuig.xeill.net\/?p=863\">Continua llegint <span class=\"meta-nav\">&rarr;<\/span><\/a><\/p>\n","protected":false},"author":2,"featured_media":0,"comment_status":"open","ping_status":"open","sticky":false,"template":"","format":"standard","meta":[],"categories":[348,3],"tags":[96],"_links":{"self":[{"href":"https:\/\/blog.elpuig.xeill.net\/index.php?rest_route=\/wp\/v2\/posts\/863"}],"collection":[{"href":"https:\/\/blog.elpuig.xeill.net\/index.php?rest_route=\/wp\/v2\/posts"}],"about":[{"href":"https:\/\/blog.elpuig.xeill.net\/index.php?rest_route=\/wp\/v2\/types\/post"}],"author":[{"embeddable":true,"href":"https:\/\/blog.elpuig.xeill.net\/index.php?rest_route=\/wp\/v2\/users\/2"}],"replies":[{"embeddable":true,"href":"https:\/\/blog.elpuig.xeill.net\/index.php?rest_route=%2Fwp%2Fv2%2Fcomments&post=863"}],"version-history":[{"count":16,"href":"https:\/\/blog.elpuig.xeill.net\/index.php?rest_route=\/wp\/v2\/posts\/863\/revisions"}],"predecessor-version":[{"id":2838,"href":"https:\/\/blog.elpuig.xeill.net\/index.php?rest_route=\/wp\/v2\/posts\/863\/revisions\/2838"}],"wp:attachment":[{"href":"https:\/\/blog.elpuig.xeill.net\/index.php?rest_route=%2Fwp%2Fv2%2Fmedia&parent=863"}],"wp:term":[{"taxonomy":"category","embeddable":true,"href":"https:\/\/blog.elpuig.xeill.net\/index.php?rest_route=%2Fwp%2Fv2%2Fcategories&post=863"},{"taxonomy":"post_tag","embeddable":true,"href":"https:\/\/blog.elpuig.xeill.net\/index.php?rest_route=%2Fwp%2Fv2%2Ftags&post=863"}],"curies":[{"name":"wp","href":"https:\/\/api.w.org\/{rel}","templated":true}]}}