{"id":849,"date":"2012-10-09T18:03:39","date_gmt":"2012-10-09T16:03:39","guid":{"rendered":"http:\/\/blog.elpuig.xeill.net\/?p=849"},"modified":"2020-05-06T22:09:05","modified_gmt":"2020-05-06T20:09:05","slug":"la-terapia-asistida-con-animales","status":"publish","type":"post","link":"https:\/\/blog.elpuig.xeill.net\/?p=849","title":{"rendered":"La terapia asistida con animales"},"content":{"rendered":"<p><em>Una alumna de 2\u00ba de bachillerato, Noelia Lorenzo, nos ha remitido un cuestionario sobre terapia asistida con animales como parte de su trabajo de investigaci\u00f3n. Lo publicamos a continuaci\u00f3n con el objetivo de que todas las personas que est\u00e9n interesadas puedan contestarlo.<\/em><\/p>\n<p><a href=\"http:\/\/blog.elpuig.xeill.net\/wp-content\/uploads\/2012\/10\/Terapia-con-animales.jpg\"><img loading=\"lazy\" class=\"aligncenter size-medium wp-image-853\" title=\"Terapia con animales\" src=\"http:\/\/blog.elpuig.xeill.net\/wp-content\/uploads\/2012\/10\/Terapia-con-animales-272x300.jpg\" alt=\"\" width=\"272\" height=\"300\" srcset=\"https:\/\/blog.elpuig.xeill.net\/wp-content\/uploads\/2012\/10\/Terapia-con-animales-272x300.jpg 272w, https:\/\/blog.elpuig.xeill.net\/wp-content\/uploads\/2012\/10\/Terapia-con-animales.jpg 350w\" sizes=\"(max-width: 272px) 100vw, 272px\" \/><\/a><strong>Las terapias asistidas con animales<\/strong><\/p>\n<p>1. \u00bfTienes mascota en casa?<\/p>\n<ul>\n<li>S\u00ed<\/li>\n<\/ul>\n<ul>\n<li>No<\/li>\n<\/ul>\n<p><em>(En caso de haber contestado <\/em><strong>no<\/strong><em>,<\/em><em> pasar a la pregunta n\u00fam. 8.)<\/em><\/p>\n<p>2. \u00bfQu\u00e9 tipo de animal? (Perro, gato, conejo, hur\u00f3n, h\u00e1mster, canario, loro, periquito, tortuga, pez&#8230; Si es otro, por favor, especifica cu\u00e1l.)<\/p>\n<p>3. \u00bfFue tuya la decisi\u00f3n de adquirir un animal de compa\u00f1\u00eda?<\/p>\n<ul>\n<li>S\u00ed<\/li>\n<\/ul>\n<ul>\n<li>No<\/li>\n<\/ul>\n<p>4. \u00bfCu\u00e1nto tiempo hace que convives con el animal? (Meses, un a\u00f1o, dos a\u00f1os, tres, etc.)<\/p>\n<p>5. \u00bfC\u00f3mo te sientes respecto a tu mascota?<\/p>\n<ul>\n<li>Le tengo mucho cari\u00f1o, para m\u00ed es un miembro m\u00e1s de mi familia.<\/li>\n<\/ul>\n<ul>\n<li>Le tengo cari\u00f1o, pero nunca lo considerar\u00eda como a un igual.<\/li>\n<\/ul>\n<ul>\n<li>Tolero su presencia.<\/li>\n<\/ul>\n<ul>\n<li>Estoy muy a disgusto, conlleva mucha responsabilidad y no ofrece nada a cambio.<\/li>\n<\/ul>\n<ul>\n<li>Otro (por favor, especifica).<\/li>\n<\/ul>\n<p>6. Si pudieras volver atr\u00e1s, \u00bftomar\u00edas otra vez la decisi\u00f3n de adquirir una mascota?<\/p>\n<ul>\n<li>S\u00ed<\/li>\n<\/ul>\n<ul>\n<li>No<\/li>\n<\/ul>\n<p>7. Argumenta tu respuesta:<\/p>\n<p>&nbsp;<\/p>\n<p><strong>Animales en tratamientos terap\u00e9uticos<\/strong><\/p>\n<p>8. \u00bfQu\u00e9 concepci\u00f3n tienes de los animales?<\/p>\n<ul>\n<li>Me gustan mucho, y estoy totalmente a favor de la defensa de sus derechos.<\/li>\n<\/ul>\n<ul>\n<li>Creo que merecen todo nuestro respeto, ya que pueden sentir como nosotros.<\/li>\n<\/ul>\n<ul>\n<li>No estoy a favor del maltrato, pero tampoco es necesario sobreprotegerlos, la naturaleza es sabia y hay que respetar el ciclo de la vida.<\/li>\n<\/ul>\n<ul>\n<li>Otro (por favor, especifica):<\/li>\n<\/ul>\n<p>9. \u00bfEst\u00e1s a favor de que se usen animales como los perros, caballos y delfines con el fin de ofrecer un servicio terap\u00e9utico a personas con anomal\u00edas f\u00edsicas, mentales o emocionales?<\/p>\n<ul>\n<li>S\u00ed, es un m\u00e9todo natural y puede ser un incentivo muy positivo para el usuario y para el animal.<\/li>\n<\/ul>\n<ul>\n<li>S\u00ed, siempre que el animal no sufra durante la terapia.<\/li>\n<\/ul>\n<ul>\n<li>No, no es una actividad higi\u00e9nica involucrar a los animales en tratamientos de salud, cada uno debe estar en el lugar que le corresponde.<\/li>\n<\/ul>\n<ul>\n<li>Otro (por favor, especifica):<\/li>\n<\/ul>\n<p>10. \u00bfHas o\u00eddo hablar de las terapias asistidas con animales?<\/p>\n<ul>\n<li>S\u00ed<\/li>\n<\/ul>\n<ul>\n<li>No<\/li>\n<\/ul>\n<p><a href=\"http:\/\/blog.elpuig.xeill.net\/wp-content\/uploads\/2012\/10\/Animales-terap\u00e9uticos.jpg\"><img loading=\"lazy\" class=\"aligncenter size-full wp-image-855\" title=\"Animales terap\u00e9uticos\" src=\"http:\/\/blog.elpuig.xeill.net\/wp-content\/uploads\/2012\/10\/Animales-terap\u00e9uticos.jpg\" alt=\"\" width=\"271\" height=\"186\" \/><\/a><em>Esperem les vostres respostes! Gr\u00e0cies per la vostra col\u00b7laboraci\u00f3.<\/em><\/p>\n<p>&nbsp;<\/p>\n","protected":false},"excerpt":{"rendered":"<p>Una alumna de 2\u00ba de bachillerato, Noelia Lorenzo, nos ha remitido un cuestionario sobre terapia asistida con animales como parte de su trabajo de investigaci\u00f3n. Lo publicamos a continuaci\u00f3n con el objetivo de que todas las personas que est\u00e9n interesadas &hellip; <a href=\"https:\/\/blog.elpuig.xeill.net\/?p=849\">Continua llegint <span class=\"meta-nav\">&rarr;<\/span><\/a><\/p>\n","protected":false},"author":2,"featured_media":0,"comment_status":"open","ping_status":"open","sticky":false,"template":"","format":"standard","meta":[],"categories":[7,66,67],"tags":[363,95],"_links":{"self":[{"href":"https:\/\/blog.elpuig.xeill.net\/index.php?rest_route=\/wp\/v2\/posts\/849"}],"collection":[{"href":"https:\/\/blog.elpuig.xeill.net\/index.php?rest_route=\/wp\/v2\/posts"}],"about":[{"href":"https:\/\/blog.elpuig.xeill.net\/index.php?rest_route=\/wp\/v2\/types\/post"}],"author":[{"embeddable":true,"href":"https:\/\/blog.elpuig.xeill.net\/index.php?rest_route=\/wp\/v2\/users\/2"}],"replies":[{"embeddable":true,"href":"https:\/\/blog.elpuig.xeill.net\/index.php?rest_route=%2Fwp%2Fv2%2Fcomments&post=849"}],"version-history":[{"count":7,"href":"https:\/\/blog.elpuig.xeill.net\/index.php?rest_route=\/wp\/v2\/posts\/849\/revisions"}],"predecessor-version":[{"id":2864,"href":"https:\/\/blog.elpuig.xeill.net\/index.php?rest_route=\/wp\/v2\/posts\/849\/revisions\/2864"}],"wp:attachment":[{"href":"https:\/\/blog.elpuig.xeill.net\/index.php?rest_route=%2Fwp%2Fv2%2Fmedia&parent=849"}],"wp:term":[{"taxonomy":"category","embeddable":true,"href":"https:\/\/blog.elpuig.xeill.net\/index.php?rest_route=%2Fwp%2Fv2%2Fcategories&post=849"},{"taxonomy":"post_tag","embeddable":true,"href":"https:\/\/blog.elpuig.xeill.net\/index.php?rest_route=%2Fwp%2Fv2%2Ftags&post=849"}],"curies":[{"name":"wp","href":"https:\/\/api.w.org\/{rel}","templated":true}]}}