{"id":834,"date":"2012-10-01T22:33:23","date_gmt":"2012-10-01T20:33:23","guid":{"rendered":"http:\/\/blog.elpuig.xeill.net\/?p=834"},"modified":"2020-05-06T19:28:59","modified_gmt":"2020-05-06T17:28:59","slug":"cien-anos-de-los-campos","status":"publish","type":"post","link":"https:\/\/blog.elpuig.xeill.net\/?p=834","title":{"rendered":"Cien a\u00f1os de los Campos"},"content":{"rendered":"<p><strong>Cien a\u00f1os de los <\/strong><em><strong>Campos de Castilla<\/strong><br \/>\n<\/em><\/p>\n<p align=\"RIGHT\"><em>Estos d\u00edas azules y este sol de la infancia.<\/em><\/p>\n<p align=\"RIGHT\">(El \u00faltimo verso escrito por Antonio Machado poco antes de morir.)<\/p>\n<p align=\"JUSTIFY\">\u00a0El pasado s\u00e1bado, 29 de septiembre de 2012, en el <em>Babelia<\/em>, el suplemento cultural del diario <em>El Pa\u00eds<\/em>, el novelista Manuel Vicent, en una semblanza dedicada a Corpus Barga, uno de los m\u00e1s grandes escritores espa\u00f1oles del exilio republicano, recordaba el momento en que, el 26 de enero de 1939, el mismo d\u00eda de la entrada de las tropas franquistas en Barcelona, Antonio Machado, acompa\u00f1ado de su madre, de su hermano Jos\u00e9 y de un grupo de amigos (entre los que se encontraban los poetas Carles Riba y Clementina Arderiu), cruza la frontera hispano-francesa, bajo la lluvia, \u201centre la riada de espa\u00f1oles derrotados que arrastraban carretas con colchones y enseres de m\u00ednima subsistencia\u201d. Despu\u00e9s de calificar de \u201ceficiente samaritano\u201d a Corpus Barga por haber ayudado fraternalmente a Antonio Machado en circunstancias tan dolorosas, escribe Vicent: \u201cA los gendarmes que les detuvieron en la frontera, Corpus Barga les explic\u00f3 qui\u00e9n era aquel anciano. \u201cEs nuestro Paul Val\u00e9ry\u201d, les dijo. A continuaci\u00f3n se encarg\u00f3 de agilizar los papeles con llamadas a Par\u00eds. Pasaron una noche en un vag\u00f3n en v\u00eda muerta en la estaci\u00f3n de Cerb\u00e8re. A instancia de Corpus Barga la Embajada de la Rep\u00fablica en Par\u00eds quiso hacerse cargo de todos los gastos, pero Machado\u201d y sus familiares \u201cprefirieron quedarse en Collioure, en una pensi\u00f3n donde el poeta y su madre, una viejecita casi agonizante, tuvieron que dormir varios d\u00edas en la misma cama.\u201d Y all\u00ed, poco despu\u00e9s, como consecuencia de una congesti\u00f3n pulmonar, morir\u00eda Antonio Machado el 22 de febrero.<\/p>\n<p align=\"JUSTIFY\"><a href=\"http:\/\/blog.elpuig.xeill.net\/wp-content\/uploads\/2012\/10\/Exiliados-espa\u00f1oles-cruzando-la-frontera.jpg\"><img loading=\"lazy\" class=\"aligncenter size-medium wp-image-839\" title=\"Exiliados espa\u00f1oles cruzando la frontera\" src=\"http:\/\/blog.elpuig.xeill.net\/wp-content\/uploads\/2012\/10\/Exiliados-espa\u00f1oles-cruzando-la-frontera-300x200.jpg\" alt=\"\" width=\"300\" height=\"200\" srcset=\"https:\/\/blog.elpuig.xeill.net\/wp-content\/uploads\/2012\/10\/Exiliados-espa\u00f1oles-cruzando-la-frontera-300x200.jpg 300w, https:\/\/blog.elpuig.xeill.net\/wp-content\/uploads\/2012\/10\/Exiliados-espa\u00f1oles-cruzando-la-frontera-450x300.jpg 450w, https:\/\/blog.elpuig.xeill.net\/wp-content\/uploads\/2012\/10\/Exiliados-espa\u00f1oles-cruzando-la-frontera.jpg 600w\" sizes=\"(max-width: 300px) 100vw, 300px\" \/><\/a>Esta evocaci\u00f3n me ha llevado a pensar una vez m\u00e1s en don Antonio Machado, en la pensi\u00f3n Bougnol-Quintana de Collioure, en el cementerio junto al mar y en las veces en que, desde 1983 y durante diecisiete a\u00f1os consecutivos, los alumnos de COU de nuestro instituto viajaron a ese pueblecito franc\u00e9s para rendir homenaje al poeta muerto en el exilio, dejar un ramo de claveles rojos sobre su tumba y leer, emocionados, algunos de sus poemas. La tradici\u00f3n la inici\u00f3 nuestro recordado don Antonio Segarra, notable machadiano, y la continuaron otros profesores de nuestro centro. La figura de Machado lleg\u00f3 a ser tan entra\u00f1able para muchos alumnos que durante siete a\u00f1os fue necesario desdoblar el homenaje en dos excursiones: una hacia Collioure, all\u00e1 por los finales de febrero, y otra, con la llegada de la primavera, hacia Soria y los campos de Castilla.<\/p>\n<p align=\"JUSTIFY\">Si \u00e9l, <em>al cabo, nada nos debe<\/em>, es, en cambio, mucho lo que nosotros le debemos a Machado \u2014<em>todo cuanto escribi\u00f3<\/em>. Por eso no estar\u00eda mal que nos acord\u00e1ramos ahora, antes de que acabe este a\u00f1o, de que hace cien, en la primavera de 1912, fue publicada la primera versi\u00f3n de su libro <em>Campos de Castilla<\/em>, que tanto llegar\u00eda a significar cultural y vitalmente para muchos de sus lectores, sobre todo a partir de su segunda edici\u00f3n, la de 1917.<\/p>\n<p align=\"JUSTIFY\">Antonio Machado llega a Soria para ejercer como profesor de franc\u00e9s en el instituto de la ciudad en 1907, poco despu\u00e9s de haber publicado <em>Soledades. Galer\u00edas. Otros poemas<\/em>, una edici\u00f3n ampliada de <em>Soledades<\/em>, su primer libro. All\u00ed se casa con Leonor Izquierdo y all\u00ed vive, ense\u00f1a y escribe los poemas de la primera edici\u00f3n de <em>Campos de Castilla, <\/em>el libro que, literalmente, le salvar\u00eda del suicidio.<\/p>\n<p align=\"JUSTIFY\"><a href=\"http:\/\/blog.elpuig.xeill.net\/wp-content\/uploads\/2012\/10\/Antonio-Machado-y-Leonor-Izquierdo-el-d\u00eda-de-su-boda.jpg\"><img loading=\"lazy\" class=\"aligncenter size-medium wp-image-837\" title=\"Antonio Machado y Leonor Izquierdo el d\u00eda de su boda\" src=\"http:\/\/blog.elpuig.xeill.net\/wp-content\/uploads\/2012\/10\/Antonio-Machado-y-Leonor-Izquierdo-el-d\u00eda-de-su-boda-300x199.jpg\" alt=\"\" width=\"300\" height=\"199\" srcset=\"https:\/\/blog.elpuig.xeill.net\/wp-content\/uploads\/2012\/10\/Antonio-Machado-y-Leonor-Izquierdo-el-d\u00eda-de-su-boda-300x199.jpg 300w, https:\/\/blog.elpuig.xeill.net\/wp-content\/uploads\/2012\/10\/Antonio-Machado-y-Leonor-Izquierdo-el-d\u00eda-de-su-boda-450x300.jpg 450w, https:\/\/blog.elpuig.xeill.net\/wp-content\/uploads\/2012\/10\/Antonio-Machado-y-Leonor-Izquierdo-el-d\u00eda-de-su-boda.jpg 470w\" sizes=\"(max-width: 300px) 100vw, 300px\" \/><\/a>En abril de 1912, con Leonor ya gravemente enferma de tuberculosis y pensando en ella, Machado escribe \u201cA un olmo seco\u201d, poema que recoger\u00eda en la segunda edici\u00f3n de los <em>Campos de Castilla<\/em> (1917):<\/p>\n<p>Al olmo viejo, hendido por el rayo<br \/>\ny en su mitad podrido,<br \/>\ncon las lluvias de abril y el sol de mayo<br \/>\nalgunas hojas verdes le han salido.<br \/>\n\u00a1El olmo centenario en la colina<br \/>\nque lame el Duero! Un musgo amarillento<br \/>\nle mancha la corteza blanquecina<br \/>\nal tronco carcomido y polvoriento.<br \/>\nNo ser\u00e1, cual los \u00e1lamos cantores<br \/>\nque guardan el camino y la ribera,<br \/>\nhabitado de pardos ruise\u00f1ores.<br \/>\nEj\u00e9rcito de hormigas en hilera<br \/>\nva trepando por \u00e9l, y en sus entra\u00f1as<br \/>\nurden sus telas grises las ara\u00f1as.<br \/>\nAntes que te derribe, olmo del Duero,<br \/>\ncon su hacha el le\u00f1ador, y el carpintero<br \/>\nte convierta en melena de campana,<br \/>\nlanza de carro o yugo de carreta;<br \/>\nantes que rojo en el hogar, ma\u00f1ana,<br \/>\nardas en alguna m\u00edsera caseta,<br \/>\nal borde de un camino;<br \/>\nantes que te descuaje un torbellino<br \/>\ny tronche el soplo de las sierras blancas;<br \/>\nantes que el r\u00edo hasta la mar te empuje<br \/>\npor valles y barrancas,<br \/>\nolmo, quiero anotar en mi cartera<br \/>\nla gracia de tu rama verdecida.<br \/>\nMi coraz\u00f3n espera<br \/>\ntambi\u00e9n, hacia la luz y hacia la vida,<br \/>\notro milagro de la primavera.<\/p>\n<p>Como sabemos, ese <em>otro milagro de la primavera <\/em>no lleg\u00f3 a producirse: Leonor muri\u00f3 el 1 de agosto de 1912. A finales de ese a\u00f1o, cuando Machado ya vive en Baeza (Ja\u00e9n), adonde se ha ido para tratar de sobrellevar el dolor y la tristeza que la muerte de su amada le produjo, le escribe a Juan Ram\u00f3n Jim\u00e9nez: \u201cCuando perd\u00ed a mi mujer pens\u00e9 pegarme un tiro. El \u00e9xito de mi libro me salv\u00f3, y no por vanidad, \u00a1bien lo sabe Dios!, sino porque pens\u00e9 que si hab\u00eda en m\u00ed una fuerza \u00fatil, no ten\u00eda derecho a aniquilarla.\u201d<\/p>\n<p><a href=\"http:\/\/blog.elpuig.xeill.net\/wp-content\/uploads\/2012\/10\/Campos-de-Castilla.jpg\"><img loading=\"lazy\" class=\"aligncenter size-full wp-image-838\" title=\"Campos de Castilla\" src=\"http:\/\/blog.elpuig.xeill.net\/wp-content\/uploads\/2012\/10\/Campos-de-Castilla.jpg\" alt=\"\" width=\"160\" height=\"254\" \/><\/a>Ahora, cien a\u00f1os despu\u00e9s de esa <em>resurrecci\u00f3n<\/em>, con motivo (aunque no se necesiten motivos de este tipo) del primer centenario de los <em>Campos de Castilla, <\/em>podemos \u2014debemos\u2014 agradecerle a Machado esa fuerza vital, el aliento que le llev\u00f3 a seguir viviendo y a escribir nuevos poemas (para las sucesivas ediciones de las <em>Poes\u00edas completas<\/em>) y espl\u00e9ndidos ensayos (<em>Juan de Mairena. Sentencias, donaires, apuntes y recuerdos de un profesor ap\u00f3crifo<\/em>). Muchas instituciones y particulares as\u00ed lo han hecho.<\/p>\n<p>En algunos peri\u00f3dicos, por ejemplo, se ha recordado a lo largo de este a\u00f1o el evento, es verdad. En<em> El Peri\u00f3dico de Catalunya<\/em><a href=\"http:\/\/www.elperiodico.com\/es\/noticias\/opinion\/cien-anos-campos-castilla-1397081\">, Ian Gibson\u00a0<\/a><a href=\"http:\/\/www.elperiodico.com\/es\/noticias\/opinion\/cien-anos-campos-castilla-1397081\">(&#8220;Cien a\u00f1os de <em>Campos de Castilla<\/em>&#8220;)<\/a> propon\u00eda muy oportunamente &#8220;la reconsideraci\u00f3n de toda la obra machadiana&#8221; aprovechando la ocasi\u00f3n de la efem\u00e9rides; en <em>La Vanguardia<\/em> se recuperaba la rese\u00f1a de <em>Campos de Castilla <\/em>que public\u00f3 <a href=\"http:\/\/hemeroteca.lavanguardia.com\/preview\/1912\/06\/30\/pagina-6\/33362642\/pdf.html\">Bernardo G. del C\u00e1ndamo el 30 de junio de 1912 en sus p\u00e1ginas<\/a><a href=\"http:\/\/hemeroteca.lavanguardia.com\/preview\/1912\/06\/30\/pagina-6\/33362642\/pdf.html\">; <\/a>en <em>El Pa\u00eds <\/em><a href=\"http:\/\/cultura.elpais.com\/cultura\/2012\/05\/24\/actualidad\/1337881952_736261.html\">(25 de mayo de 2012),<\/a> <a href=\"http:\/\/cultura.elpais.com\/cultura\/2012\/05\/24\/actualidad\/1337881952_736261.html\">Javier Rodr\u00edguez Marco<\/a> escrib\u00eda el reportaje \u201cEstos versos salvaron la vida a Machado\u201d (de donde hemos tomado la referencia a la carta dirigida a Juan Ram\u00f3n Jim\u00e9nez), y para acabar, tambi\u00e9n en <em>La Vanguardia<\/em>, aunque en un contexto diferente al de la conmemoraci\u00f3n del centenario, pudimos leer la detallada evocaci\u00f3n\u00a0 <a href=\"http:\/\/lavanguardia.newspaperdirect.com\/epaper\/viewer.aspx\">&#8220;El \u00faltimo viaje de Machado&#8221;, de Josep Play\u00e0 <\/a><a>(6 de agosto de 2012)<\/a>, sobre los \u00faltimos d\u00edas de Machado.<\/p>\n<p align=\"JUSTIFY\"><em>&#8230; \u00bfY nosotros?, \u00bfc\u00f3mo podemos agradecerle nosotros a Machado sus versos?<\/em>, se preguntar\u00e1 alg\u00fan alumno. Muy sencillo: ley\u00e9ndolos, y si adem\u00e1s escribimos aqu\u00ed un comentario, por breve que sea, sobre lo que nos han parecido, sobre los que m\u00e1s nos han interesado o sobre lo que pensamos de Machado, tanto mejor.<\/p>\n","protected":false},"excerpt":{"rendered":"<p>Cien a\u00f1os de los Campos de Castilla Estos d\u00edas azules y este sol de la infancia. (El \u00faltimo verso escrito por Antonio Machado poco antes de morir.) \u00a0El pasado s\u00e1bado, 29 de septiembre de 2012, en el Babelia, el suplemento &hellip; <a href=\"https:\/\/blog.elpuig.xeill.net\/?p=834\">Continua llegint <span class=\"meta-nav\">&rarr;<\/span><\/a><\/p>\n","protected":false},"author":2,"featured_media":0,"comment_status":"open","ping_status":"open","sticky":false,"template":"","format":"standard","meta":[],"categories":[346],"tags":[93,94],"_links":{"self":[{"href":"https:\/\/blog.elpuig.xeill.net\/index.php?rest_route=\/wp\/v2\/posts\/834"}],"collection":[{"href":"https:\/\/blog.elpuig.xeill.net\/index.php?rest_route=\/wp\/v2\/posts"}],"about":[{"href":"https:\/\/blog.elpuig.xeill.net\/index.php?rest_route=\/wp\/v2\/types\/post"}],"author":[{"embeddable":true,"href":"https:\/\/blog.elpuig.xeill.net\/index.php?rest_route=\/wp\/v2\/users\/2"}],"replies":[{"embeddable":true,"href":"https:\/\/blog.elpuig.xeill.net\/index.php?rest_route=%2Fwp%2Fv2%2Fcomments&post=834"}],"version-history":[{"count":18,"href":"https:\/\/blog.elpuig.xeill.net\/index.php?rest_route=\/wp\/v2\/posts\/834\/revisions"}],"predecessor-version":[{"id":2840,"href":"https:\/\/blog.elpuig.xeill.net\/index.php?rest_route=\/wp\/v2\/posts\/834\/revisions\/2840"}],"wp:attachment":[{"href":"https:\/\/blog.elpuig.xeill.net\/index.php?rest_route=%2Fwp%2Fv2%2Fmedia&parent=834"}],"wp:term":[{"taxonomy":"category","embeddable":true,"href":"https:\/\/blog.elpuig.xeill.net\/index.php?rest_route=%2Fwp%2Fv2%2Fcategories&post=834"},{"taxonomy":"post_tag","embeddable":true,"href":"https:\/\/blog.elpuig.xeill.net\/index.php?rest_route=%2Fwp%2Fv2%2Ftags&post=834"}],"curies":[{"name":"wp","href":"https:\/\/api.w.org\/{rel}","templated":true}]}}