{"id":823,"date":"2012-09-16T13:00:57","date_gmt":"2012-09-16T11:00:57","guid":{"rendered":"http:\/\/blog.elpuig.xeill.net\/?p=823"},"modified":"2020-05-06T19:30:34","modified_gmt":"2020-05-06T17:30:34","slug":"contra-les-retallades-a-lensenyament-public","status":"publish","type":"post","link":"https:\/\/blog.elpuig.xeill.net\/?p=823","title":{"rendered":"Contra les retallades a l&#8217;ensenyament p\u00fablic"},"content":{"rendered":"<p>El professorat de l\u2019Institut Puig Castellar de Santa Coloma de Gramenet manifesta el seu rebuig davant les pol\u00edtiques de retallades als serveis p\u00fablics (educaci\u00f3, sanitat&#8230;). Aquestes mesures augmenten la pobresa de la majoria de la poblaci\u00f3, generen un increment de les desigualtats socials, representen una injust\u00edcia i, en definitiva, m\u00e9s que alleugerar la situaci\u00f3 cr\u00edtica en la qual ens trobem, l&#8217;agreugen encara m\u00e9s. Com demostra, per exemple, el Govern franc\u00e8s quan aposta per no retallar el pressupost dedicat a l&#8217;ensenyament, hi ha alternatives pol\u00edtiques per sortir d&#8217;aquesta crisi financera \u2014provocada per la cobd\u00edcia dels poderosos amb la permissivitat i, en alguns casos, la col\u00b7laboraci\u00f3 dels governants\u2014 sense que l&#8217;hagin de pagar els m\u00e9s necessitats, principals usuaris de l&#8217;escola p\u00fablica.<\/p>\n<p>Per tot l&#8217;anterior, el professorat del centre no vol comen\u00e7ar el curs com si no hi hagu\u00e9s passat res: vol recordar que a Catalunya, a l\u2019ensenyament p\u00fablic, les retallades comportaran, entre altres, les seg\u00fcents conseq\u00fc\u00e8ncies per aquest curs escolar 2012-2013:<\/p>\n<ul>\n<li>Acomiadament de 3.000 interins en un moment d&#8217;augment de la poblaci\u00f3 escolar (aquest curs hi ha 30.000 alumnes m\u00e9s a Catalunya).<\/li>\n<li>Increment de les r\u00e0tios: 24,83% a les aules de P-3; 14% a les aules de prim\u00e0ria i 31,5% a les de secund\u00e0ria.<\/li>\n<li>Pagament de la matr\u00edcula dels cicles formatius de grau superior (360 \u20ac).<\/li>\n<li>Retard en cobrir les substitucions del professorat de baixa (nom\u00e9s cobertes a partir de dues setmanes).<\/li>\n<li>Augment desmesurat de l\u2019IVA pel material escolar: ha passat de 4% a un 21%.<\/li>\n<li>Acord pactat per la disminuci\u00f3 d\u2019un 20% de la inversi\u00f3 prevista per l\u2019ensenyament p\u00fablic, passant de 4,9% del PIB al 2011 al 3,9% al 2015.<\/li>\n<\/ul>\n<p>Amb aquesta situaci\u00f3, les fam\u00edlies del nostre alumnat i l&#8217;opini\u00f3 p\u00fablica en general han de ser conscients que un pa\u00eds que no inverteix en educaci\u00f3 no inverteix en el seu futur.<\/p>\n<p><a href=\"http:\/\/blog.elpuig.xeill.net\/wp-content\/uploads\/2012\/09\/No-retallades.jpg\"><img loading=\"lazy\" class=\"aligncenter size-full wp-image-824\" title=\"No retallades\" src=\"http:\/\/blog.elpuig.xeill.net\/wp-content\/uploads\/2012\/09\/No-retallades.jpg\" alt=\"\" width=\"181\" height=\"212\" \/><\/a>Per a m\u00e9s informaci\u00f3 sobre aquestes i altres conseq\u00fc\u00e8ncies de les retallades a l&#8217;educaci\u00f3 p\u00fablica, vegeu els seg\u00fcents enlla\u00e7os d&#8217;inter\u00e8s:<\/p>\n<p>Power-point: <a href=\"http:\/\/blog.elpuig.xeill.net\/wp-content\/uploads\/2012\/09\/Educaci\u00f3-p\u00fablica.ppt\">Educaci\u00f3 p\u00fablica (S&#8217;ha obert la veda)<\/a><\/p>\n<p><a href=\"http:\/\/educa-gramenet.blogspot.com.es\">http:\/\/educa-gramenet.blogspot.com.es<\/a><\/p>\n<p><a href=\"http:\/\/fampasgramenet.blogspot.com.es\/\">http:\/\/fampasgramenet.blogspot.com.es<\/a><\/p>\n<p><a title=\"Contra les retallades a l'ensenyament p\u00fablic\" href=\"http:\/\/www.assembleagroga.info\/moodle\/\">http:\/\/www.assembleagroga.info\/moodle\/<\/a><\/p>\n<p><a href=\"http:\/\/www.interzonesdocent.blogspot.com.es\/\">http:\/\/www.interzonesdocent.blogspot.com.es<\/a><a href=\"http:\/\/catalunyaesmou.wordpress.com\/\">\/<\/a><\/p>\n<p><a href=\"http:\/\/catalunyaesmou.wordpress.com\/\">http:\/\/catalunyaesmou.wordpress.com\/<\/a><\/p>\n","protected":false},"excerpt":{"rendered":"<p>El professorat de l\u2019Institut Puig Castellar de Santa Coloma de Gramenet manifesta el seu rebuig davant les pol\u00edtiques de retallades als serveis p\u00fablics (educaci\u00f3, sanitat&#8230;). Aquestes mesures augmenten la pobresa de la majoria de la poblaci\u00f3, generen un increment de &hellip; <a href=\"https:\/\/blog.elpuig.xeill.net\/?p=823\">Continua llegint <span class=\"meta-nav\">&rarr;<\/span><\/a><\/p>\n","protected":false},"author":2,"featured_media":0,"comment_status":"open","ping_status":"open","sticky":false,"template":"","format":"standard","meta":[],"categories":[125,347],"tags":[92,53],"_links":{"self":[{"href":"https:\/\/blog.elpuig.xeill.net\/index.php?rest_route=\/wp\/v2\/posts\/823"}],"collection":[{"href":"https:\/\/blog.elpuig.xeill.net\/index.php?rest_route=\/wp\/v2\/posts"}],"about":[{"href":"https:\/\/blog.elpuig.xeill.net\/index.php?rest_route=\/wp\/v2\/types\/post"}],"author":[{"embeddable":true,"href":"https:\/\/blog.elpuig.xeill.net\/index.php?rest_route=\/wp\/v2\/users\/2"}],"replies":[{"embeddable":true,"href":"https:\/\/blog.elpuig.xeill.net\/index.php?rest_route=%2Fwp%2Fv2%2Fcomments&post=823"}],"version-history":[{"count":8,"href":"https:\/\/blog.elpuig.xeill.net\/index.php?rest_route=\/wp\/v2\/posts\/823\/revisions"}],"predecessor-version":[{"id":2841,"href":"https:\/\/blog.elpuig.xeill.net\/index.php?rest_route=\/wp\/v2\/posts\/823\/revisions\/2841"}],"wp:attachment":[{"href":"https:\/\/blog.elpuig.xeill.net\/index.php?rest_route=%2Fwp%2Fv2%2Fmedia&parent=823"}],"wp:term":[{"taxonomy":"category","embeddable":true,"href":"https:\/\/blog.elpuig.xeill.net\/index.php?rest_route=%2Fwp%2Fv2%2Fcategories&post=823"},{"taxonomy":"post_tag","embeddable":true,"href":"https:\/\/blog.elpuig.xeill.net\/index.php?rest_route=%2Fwp%2Fv2%2Ftags&post=823"}],"curies":[{"name":"wp","href":"https:\/\/api.w.org\/{rel}","templated":true}]}}