{"id":775,"date":"2012-06-07T22:59:16","date_gmt":"2012-06-07T20:59:16","guid":{"rendered":"http:\/\/blog.elpuig.xeill.net\/?p=775"},"modified":"2020-05-06T19:31:17","modified_gmt":"2020-05-06T17:31:17","slug":"campanya-en-defensa-de-leducacio-publica","status":"publish","type":"post","link":"https:\/\/blog.elpuig.xeill.net\/?p=775","title":{"rendered":"Campanya en defensa de l&#8217;educaci\u00f3 p\u00fablica"},"content":{"rendered":"<p style=\"text-align: right;\"><em>Es triste vivir en una \u00e9poca en la que hay que luchar hasta por lo que es evidente.<\/em><\/p>\n<p style=\"text-align: right;\"><a title=\"Friedrich D\u00fcrrenmatt\" href=\"http:\/\/es.wikipedia.org\/wiki\/Friedrich_D%C3%BCrrenmatt\">Friedrich D\u00fcrrenmantt<\/a>, <em>Los f\u00edsicos.<\/em><\/p>\n<p><em>Des d&#8217;<a title=\"ACE Gramenet\" href=\"http:\/\/www.acegramenet.org\/\">ACE Gramenet<\/a> (Assemblea de la Comunitat Educativa de Santa Coloma de Gramenet) ens ha arribat el seg\u00fcent missatge de presentaci\u00f3 d&#8217;un primer v\u00eddeo de la Campanya en Defensa de l&#8217;Educaci\u00f3 P\u00fablica:<\/em><\/p>\n<p>Per fi veu la llum el primer dels v\u00eddeos d&#8217;aquesta primera campanya en defensa de l&#8217;educaci\u00f3 p\u00fablica. Ha estat el resultat d&#8217;un proc\u00e9s llarg i emocionant durant el qual moltes persones s&#8217;hi han implicat amb el seu entusiasme. \u00c9s el primer v\u00eddeo d&#8217;una s\u00e8rie que anir\u00e0 sortint durant les properes setmanes. Aquest primer v\u00eddeo \u00e9s una presentaci\u00f3, una breu introducci\u00f3 dels protagonistes de la resta de la s\u00e8rie. Els propers v\u00eddeos (aniran sortint cada deu o quinze dies) presenten un di\u00e0leg de totes les personalitats que hi han participat, a la nostra campanya, sobre els trets fonamentals que caracterizen l&#8217;ensenyament p\u00fablic, igualtat, integraci\u00f3, cohesi\u00f3 social, pluralitat, creativitat, etc., amb un contingut reflexiu i anal\u00edtic.<br \/>\n<a href=\"http:\/\/blog.elpuig.xeill.net\/wp-content\/uploads\/2012\/06\/Campanya-en-Defensa-de-lEducaci\u00f3-P\u00fablica.jpg\"><img loading=\"lazy\" class=\"aligncenter size-full wp-image-776\" title=\"Campanya en Defensa de l'Educaci\u00f3 P\u00fablica\" src=\"http:\/\/blog.elpuig.xeill.net\/wp-content\/uploads\/2012\/06\/Campanya-en-Defensa-de-lEducaci\u00f3-P\u00fablica.jpg\" alt=\"\" width=\"259\" height=\"194\" \/><\/a>Hem intentat fugir de perfils pol\u00edtics concrets i adre\u00e7ar-nos a totes les edats perqu\u00e8 entenem que la defensa d&#8217;una educaci\u00f3 p\u00fablica de qualitat \u00e9s cosa de tots\/totes.<br \/>\nEl v\u00eddeo ha estat realitzat per professionals punters al seu camp, exalumnes de la p\u00fablica, que hi han col\u00b7laborat amb generositat. Les despeses derivades de la producci\u00f3 s&#8217;han pagat gr\u00e0cies a les aportacions dels socis\/s\u00f2cies, aix\u00ed com de donatius que hem rebut d&#8217;instituts, associacions i plataformes.<\/p>\n<p>Tot aquest treball no hauria estat possible sense tots\/totes vosaltres que heu posat, cadasc\u00fa, el gra de sorra que ha fet possible el nostre primer pas en defensa d&#8217;una educaci\u00f3 p\u00fablica de qualitat.<\/p>\n<p>Ara tenim una segona tasca: difondre al m\u00e0xim aquest document perqu\u00e8 arribi als mitjans de comunicaci\u00f3 convencionals i que tots\/totes el vegin i s&#8217;emocionin amb nosaltres en defensa d&#8217;una escola p\u00fablica de qualitat.<\/p>\n<p>Aquest \u00e9s l&#8217;enlla\u00e7 amb el v\u00eddeo:<\/p>\n<p style=\"text-align: center;\"><a href=\"http:\/\/www.yoestudieenlapublica.org\/\" target=\"_blank\" rel=\"noopener noreferrer\">http:\/\/www.<wbr \/>yoestudieenlapublica.org\/<\/a><\/p>\n<p>Una abra\u00e7ada per a tots\/totes i&#8230; A defensar l&#8217;escola p\u00fablica difonent aquest v\u00eddeo!<\/p>\n<p style=\"text-align: right;\">Laura (Ciudadan@s por la Educaci\u00f3n P\u00fablica)<\/p>\n<p><a href=\"http:\/\/blog.elpuig.xeill.net\/wp-content\/uploads\/2012\/06\/Jo-vaig-estudiar-a-la-p\u00fablica.jpg\"><img loading=\"lazy\" class=\"aligncenter size-full wp-image-777\" title=\"Jo vaig estudiar a la p\u00fablica\" src=\"http:\/\/blog.elpuig.xeill.net\/wp-content\/uploads\/2012\/06\/Jo-vaig-estudiar-a-la-p\u00fablica.jpg\" alt=\"\" width=\"240\" height=\"210\" \/><\/a>Contra les retallades es v\u00e9nen realitzant des d&#8217;un primer moment concentracions, vagues, tancaments, manifestacions<em>&#8230; Per\u00f2\u00a0 qu\u00e8 m\u00e9s se t&#8217;acudeix a tu, amable visitant, que es pot fer, o no, per defensar l&#8217;escola p\u00fablica?<\/em> Esperem les teves propostes i els teus comentaris. Moltes gr\u00e0cies per la teva col\u00b7laboraci\u00f3.<\/p>\n","protected":false},"excerpt":{"rendered":"<p>Es triste vivir en una \u00e9poca en la que hay que luchar hasta por lo que es evidente. Friedrich D\u00fcrrenmantt, Los f\u00edsicos. Des d&#8217;ACE Gramenet (Assemblea de la Comunitat Educativa de Santa Coloma de Gramenet) ens ha arribat el seg\u00fcent &hellip; <a href=\"https:\/\/blog.elpuig.xeill.net\/?p=775\">Continua llegint <span class=\"meta-nav\">&rarr;<\/span><\/a><\/p>\n","protected":false},"author":2,"featured_media":0,"comment_status":"open","ping_status":"open","sticky":false,"template":"","format":"standard","meta":[],"categories":[125],"tags":[87],"_links":{"self":[{"href":"https:\/\/blog.elpuig.xeill.net\/index.php?rest_route=\/wp\/v2\/posts\/775"}],"collection":[{"href":"https:\/\/blog.elpuig.xeill.net\/index.php?rest_route=\/wp\/v2\/posts"}],"about":[{"href":"https:\/\/blog.elpuig.xeill.net\/index.php?rest_route=\/wp\/v2\/types\/post"}],"author":[{"embeddable":true,"href":"https:\/\/blog.elpuig.xeill.net\/index.php?rest_route=\/wp\/v2\/users\/2"}],"replies":[{"embeddable":true,"href":"https:\/\/blog.elpuig.xeill.net\/index.php?rest_route=%2Fwp%2Fv2%2Fcomments&post=775"}],"version-history":[{"count":15,"href":"https:\/\/blog.elpuig.xeill.net\/index.php?rest_route=\/wp\/v2\/posts\/775\/revisions"}],"predecessor-version":[{"id":2843,"href":"https:\/\/blog.elpuig.xeill.net\/index.php?rest_route=\/wp\/v2\/posts\/775\/revisions\/2843"}],"wp:attachment":[{"href":"https:\/\/blog.elpuig.xeill.net\/index.php?rest_route=%2Fwp%2Fv2%2Fmedia&parent=775"}],"wp:term":[{"taxonomy":"category","embeddable":true,"href":"https:\/\/blog.elpuig.xeill.net\/index.php?rest_route=%2Fwp%2Fv2%2Fcategories&post=775"},{"taxonomy":"post_tag","embeddable":true,"href":"https:\/\/blog.elpuig.xeill.net\/index.php?rest_route=%2Fwp%2Fv2%2Ftags&post=775"}],"curies":[{"name":"wp","href":"https:\/\/api.w.org\/{rel}","templated":true}]}}