{"id":764,"date":"2012-06-03T14:25:45","date_gmt":"2012-06-03T12:25:45","guid":{"rendered":"http:\/\/blog.elpuig.xeill.net\/?p=764"},"modified":"2020-05-06T22:00:20","modified_gmt":"2020-05-06T20:00:20","slug":"calen-les-normes","status":"publish","type":"post","link":"https:\/\/blog.elpuig.xeill.net\/?p=764","title":{"rendered":"Calen les normes?"},"content":{"rendered":"<p><strong>Calen les normes? Un debat<\/strong><\/p>\n<p>Som els alumnes de quart de ESO (grup B) de l\u2019Institut Puig\u00a0 Castellar. Aquesta mem\u00f2ria fa refer\u00e8ncia al debat que hem gravat a classe a prop\u00f2sit de la mat\u00e8ria d&#8217;\u00e8tico-c\u00edvica, on debatem sobre la necessitat de les normes a la nostra societat, tant de les lleis com de les normes socials (Drets humans&#8230;). El debat ha estat orientat a partir de la pel\u00b7l\u00edcula <a title=\"El se\u00f1or de las moscas\" href=\"http:\/\/es.wikipedia.org\/wiki\/El_se%C3%B1or_de_las_moscas_%28pel%C3%ADcula%29\"><em>El senyor de les mosques<\/em><\/a>, que vam veure pr\u00e8viament. [La pel\u00b7l\u00edcula est\u00e0 basada en la novel\u00b7la del mateix t\u00edtol de <a href=\"http:\/\/es.wikipedia.org\/wiki\/William_Golding\">l&#8217;escriptor brit\u00e0nic William Golding<\/a>.]<\/p>\n<p>Aquesta pel\u00b7l\u00edcula ens explica la hist\u00f2ria d&#8217;uns nens que van sofrir un accident d\u2019avi\u00f3 i van quedar n\u00e0ufrags a una illa deserta. Al comen\u00e7ament els nens estaven tots molt units, es repartien els treballs i ho feien amb molt de gust, per\u00f2 despr\u00e8s un grup d\u2019ells va comen\u00e7ar a saltar-se les normes i a donar m\u00e9s import\u00e0ncia a coses com la ca\u00e7a que a mantenir el foc enc\u00e8s, que era realment el m\u00e9s important per\u00a0 tal que alg\u00fa els vei\u00e9s i els rescat\u00e9s. Es quan van comen\u00e7ar a anar formant dos grups i, finalment, el grup dels m\u00e9s racionals nom\u00e9s el conformaven dues persones, una de les quals va acabar assassinada pel grup rebel. Finalment els rebels volen assassinar el noi que est\u00e0 sol i es quan es topen amb una autoritat i pensen i s\u2019adonen d&#8217;all\u00f2 en qu\u00e8 s\u2019han convertit. Despr\u00e9s de veure la pel\u00b7l\u00edcula, se\u2019ns va plantejar si est\u00e0vem a favor que en la nostra societat hi hagu\u00e9s normes o no, vam formar dos grups i vam gravar el v\u00eddeo que lliurem.<\/p>\n<p><a href=\"http:\/\/blog.elpuig.xeill.net\/wp-content\/uploads\/2012\/06\/El-se\u00f1or-de-las-moscas.jpg\"><img loading=\"lazy\" class=\"aligncenter size-medium wp-image-770\" title=\"El se\u00f1or de las moscas\" src=\"http:\/\/blog.elpuig.xeill.net\/wp-content\/uploads\/2012\/06\/El-se\u00f1or-de-las-moscas-215x300.jpg\" alt=\"\" width=\"215\" height=\"300\" srcset=\"https:\/\/blog.elpuig.xeill.net\/wp-content\/uploads\/2012\/06\/El-se\u00f1or-de-las-moscas-215x300.jpg 215w, https:\/\/blog.elpuig.xeill.net\/wp-content\/uploads\/2012\/06\/El-se\u00f1or-de-las-moscas.jpg 287w\" sizes=\"(max-width: 215px) 100vw, 215px\" \/><\/a>Al debat van sorgir els arguments que veiem explicats a continuaci\u00f3:<\/p>\n<p>Arguments <strong>a favor<\/strong> que hi hagi lleis a la nostra societat:<br \/>\n1. Som una societat molt gran i necessitem alg\u00fa per sobre nostre per poder controlar-nos.<br \/>\n2. No tothom \u00e9s responsable dels seus actes, per tant necessitem una autoritat competent que ens orienti.<br \/>\n3. La societat \u00e9s un lloc de conviv\u00e8ncia i necessitem ordre perqu\u00e8 no sigui la llei del m\u00e9s fort.<br \/>\n4. Les normes poden garantir la seguretat i la igualtat.<\/p>\n<p>Arguments<strong> en contra<\/strong> que hi hagi lleis a la nostra societat:<br \/>\n1. Que cadasc\u00fa ha de controlar el seu entorn vital per aix\u00ed desenvolupar millor la seva individualitat.<br \/>\n2. Que les lleis no sempre s\u00f3n justes, per tant, no s\u00f3n necess\u00e0ries.<br \/>\n3. Les lleis s\u00f3n relatives, depenen del context, per tant, no s\u00f3n fiables.<br \/>\n4. Les normes i les lleis anul\u00b7len l&#8217;autogesti\u00f3 i l\u2019autonomia personal.<\/p>\n<p>Despr\u00e8s d&#8217;exposar els nostres arguments, hem fet un torn obert de paraules on cadasc\u00fa, lliurement, ha expressat la seva opini\u00f3. En aquest temps, un parell de companys han decidit canviar de grup ja que han cregut que les aportacions del b\u00e0ndol contrari eren m\u00e9s encertades. Van sorgir temes com el nostre entorn a l\u2019institut, la vida personal o, fins i tot, temes que no tenen res a veure amb la nostra vida quotidiana com, per exemple, la vida dels pobres de l\u2019\u00c0frica o els psic\u00f2pates.<br \/>\nSi una cosa ha quedat clara \u00e9s que al final la mat\u00e8ria donada a l\u2019aula t\u00e9 m\u00e9s\u00a0 a veure amb la nostra realitat del qu\u00e8 pens\u00e0vem, no nom\u00e9s hem apr\u00e8s a posar termes t\u00e8cnics a temes dels quals ja parl\u00e0vem normalment, com si \u00e9s just que s\u2019expulsi alg\u00fa per arribar tard o si s\u2019ha de deixar que faci el que vulgui.<\/p>\n<p><strong>Conclusi\u00f3<\/strong>: Malgrat que algunes de les lleis que tenim no s\u00f3n massa justes, la societat en qu\u00e8 vivim est\u00e0 molt ben estructurada gr\u00e0cies a elles. Mentre l\u2019\u00e9sser hum\u00e0 no sigui capa\u00e7 de fer sentir el seu sentit com\u00fa i la seva voluntat per dur a terme els seus actes, seguirem necessitant una guia de conducta per seguir tirant endavant sense arribar al punt del caos.<\/p>\n<p>Ens ha agradat molt fer aquest treball perqu\u00e8 hem pogut donar la nostra opini\u00f3 lliurement i parlar d\u2019un tema que ens involucra a tots avui dia.<\/p>\n<p style=\"text-align: right;\">Alumnes de 4t B<\/p>\n","protected":false},"excerpt":{"rendered":"<p>Calen les normes? Un debat Som els alumnes de quart de ESO (grup B) de l\u2019Institut Puig\u00a0 Castellar. Aquesta mem\u00f2ria fa refer\u00e8ncia al debat que hem gravat a classe a prop\u00f2sit de la mat\u00e8ria d&#8217;\u00e8tico-c\u00edvica, on debatem sobre la necessitat &hellip; <a href=\"https:\/\/blog.elpuig.xeill.net\/?p=764\">Continua llegint <span class=\"meta-nav\">&rarr;<\/span><\/a><\/p>\n","protected":false},"author":2,"featured_media":0,"comment_status":"open","ping_status":"open","sticky":false,"template":"","format":"standard","meta":[],"categories":[49,25,66,5,42,33],"tags":[208,360,86],"_links":{"self":[{"href":"https:\/\/blog.elpuig.xeill.net\/index.php?rest_route=\/wp\/v2\/posts\/764"}],"collection":[{"href":"https:\/\/blog.elpuig.xeill.net\/index.php?rest_route=\/wp\/v2\/posts"}],"about":[{"href":"https:\/\/blog.elpuig.xeill.net\/index.php?rest_route=\/wp\/v2\/types\/post"}],"author":[{"embeddable":true,"href":"https:\/\/blog.elpuig.xeill.net\/index.php?rest_route=\/wp\/v2\/users\/2"}],"replies":[{"embeddable":true,"href":"https:\/\/blog.elpuig.xeill.net\/index.php?rest_route=%2Fwp%2Fv2%2Fcomments&post=764"}],"version-history":[{"count":11,"href":"https:\/\/blog.elpuig.xeill.net\/index.php?rest_route=\/wp\/v2\/posts\/764\/revisions"}],"predecessor-version":[{"id":2860,"href":"https:\/\/blog.elpuig.xeill.net\/index.php?rest_route=\/wp\/v2\/posts\/764\/revisions\/2860"}],"wp:attachment":[{"href":"https:\/\/blog.elpuig.xeill.net\/index.php?rest_route=%2Fwp%2Fv2%2Fmedia&parent=764"}],"wp:term":[{"taxonomy":"category","embeddable":true,"href":"https:\/\/blog.elpuig.xeill.net\/index.php?rest_route=%2Fwp%2Fv2%2Fcategories&post=764"},{"taxonomy":"post_tag","embeddable":true,"href":"https:\/\/blog.elpuig.xeill.net\/index.php?rest_route=%2Fwp%2Fv2%2Ftags&post=764"}],"curies":[{"name":"wp","href":"https:\/\/api.w.org\/{rel}","templated":true}]}}