{"id":731,"date":"2012-05-23T19:24:41","date_gmt":"2012-05-23T17:24:41","guid":{"rendered":"http:\/\/blog.elpuig.xeill.net\/?p=731"},"modified":"2020-05-06T22:02:16","modified_gmt":"2020-05-06T20:02:16","slug":"les-noves-tecnologies-internet-i-jo","status":"publish","type":"post","link":"https:\/\/blog.elpuig.xeill.net\/?p=731","title":{"rendered":"Internet i jo"},"content":{"rendered":"<p style=\"text-align: left;\"><strong>Les noves tecnologies: Internet i nosaltres<\/strong><\/p>\n<p style=\"text-align: left;\">En els meus cinquanta anys de vida he conegut molt canvis tecnol\u00f2gics \u2014des de petita,<br \/>\nque sentia per la r\u00e0dio del menjador el contes de <em>Tambor<\/em>, fins ara que disposem de televisors i tauletes intel\u00b7ligents, on podem veure els programes que m\u00e9s ens agraden i conversar amb persones que viuen als ant\u00edpodes&#8230;..<br \/>\n<a href=\"http:\/\/blog.elpuig.xeill.net\/wp-content\/uploads\/2012\/05\/La-revoluci\u00f3-social-dInternet.jpg\"><img loading=\"lazy\" class=\"aligncenter size-full wp-image-732\" title=\"La revoluci\u00f3 social d'Internet\" src=\"http:\/\/blog.elpuig.xeill.net\/wp-content\/uploads\/2012\/05\/La-revoluci\u00f3-social-dInternet.jpg\" alt=\"\" width=\"259\" height=\"194\" \/><\/a>He vist els grans canvis que ha tingut la xarxa mundial d&#8217;Internet. El meu primer contacte<br \/>\namb la xarxa va ser l&#8217;any 1981, quan en un seminari que vaig fer com a estudiant de<br \/>\ncinqu\u00e8 curs de la llicenciatura de Ci\u00e8ncies Qu\u00edmiques, es va connectar telef\u00f2nicament<br \/>\nl&#8217;ordinador de la biblioteca de la Facultat amb un ordinador que es trobava als Estats Units, on hi havia una base de dades sobre productes qu\u00edmics; per tots nosaltres va ser molt sorprenent i per uns instants vam viatjar al futur. Aquesta experi\u00e8ncia la recordo molt<br \/>\ngratament encara que ara \u00e9s un fet massa normal: sempre que obrim l&#8217;ordinador estem<br \/>\nconnectats a la xarxa sense obrir cap programa.<\/p>\n<p><a href=\"http:\/\/blog.elpuig.xeill.net\/wp-content\/uploads\/2012\/05\/Noves-tecnologies.jpg\"><img loading=\"lazy\" class=\"aligncenter size-full wp-image-735\" title=\"Noves tecnologies\" src=\"http:\/\/blog.elpuig.xeill.net\/wp-content\/uploads\/2012\/05\/Noves-tecnologies.jpg\" alt=\"\" width=\"255\" height=\"198\" \/><\/a>Per tot aix\u00f2, vull comen\u00e7ar aquest f\u00f2rum sobre el que representa Internet per a tots<br \/>\nnosaltres \u2014les primeres intervencions s\u00f3n un exercici de classe dels meus alumnes de<br \/>\nprimer de batxillerat. Espero que molts de vosaltres intervingueu per donar les vostres<br \/>\nopinions.<\/p>\n<p style=\"text-align: right;\">Montserrat Pag\u00e8s, professora de F\u00edsica i Qu\u00edmica<\/p>\n","protected":false},"excerpt":{"rendered":"<p>Les noves tecnologies: Internet i nosaltres En els meus cinquanta anys de vida he conegut molt canvis tecnol\u00f2gics \u2014des de petita, que sentia per la r\u00e0dio del menjador el contes de Tambor, fins ara que disposem de televisors i tauletes &hellip; <a href=\"https:\/\/blog.elpuig.xeill.net\/?p=731\">Continua llegint <span class=\"meta-nav\">&rarr;<\/span><\/a><\/p>\n","protected":false},"author":2,"featured_media":0,"comment_status":"open","ping_status":"open","sticky":false,"template":"","format":"standard","meta":[],"categories":[4,33,35],"tags":[85,83,361],"_links":{"self":[{"href":"https:\/\/blog.elpuig.xeill.net\/index.php?rest_route=\/wp\/v2\/posts\/731"}],"collection":[{"href":"https:\/\/blog.elpuig.xeill.net\/index.php?rest_route=\/wp\/v2\/posts"}],"about":[{"href":"https:\/\/blog.elpuig.xeill.net\/index.php?rest_route=\/wp\/v2\/types\/post"}],"author":[{"embeddable":true,"href":"https:\/\/blog.elpuig.xeill.net\/index.php?rest_route=\/wp\/v2\/users\/2"}],"replies":[{"embeddable":true,"href":"https:\/\/blog.elpuig.xeill.net\/index.php?rest_route=%2Fwp%2Fv2%2Fcomments&post=731"}],"version-history":[{"count":7,"href":"https:\/\/blog.elpuig.xeill.net\/index.php?rest_route=\/wp\/v2\/posts\/731\/revisions"}],"predecessor-version":[{"id":2861,"href":"https:\/\/blog.elpuig.xeill.net\/index.php?rest_route=\/wp\/v2\/posts\/731\/revisions\/2861"}],"wp:attachment":[{"href":"https:\/\/blog.elpuig.xeill.net\/index.php?rest_route=%2Fwp%2Fv2%2Fmedia&parent=731"}],"wp:term":[{"taxonomy":"category","embeddable":true,"href":"https:\/\/blog.elpuig.xeill.net\/index.php?rest_route=%2Fwp%2Fv2%2Fcategories&post=731"},{"taxonomy":"post_tag","embeddable":true,"href":"https:\/\/blog.elpuig.xeill.net\/index.php?rest_route=%2Fwp%2Fv2%2Ftags&post=731"}],"curies":[{"name":"wp","href":"https:\/\/api.w.org\/{rel}","templated":true}]}}