{"id":704,"date":"2012-05-08T16:19:12","date_gmt":"2012-05-08T14:19:12","guid":{"rendered":"http:\/\/blog.elpuig.xeill.net\/?p=704"},"modified":"2020-05-06T22:08:00","modified_gmt":"2020-05-06T20:08:00","slug":"roald-dahl","status":"publish","type":"post","link":"https:\/\/blog.elpuig.xeill.net\/?p=704","title":{"rendered":"Roald Dahl"},"content":{"rendered":"<p>Roald Dahl (1916-1990) \u00e9s l&#8217;autor d&#8217;alguns dels llibres que els alumnes han llegit en algun moment al llarg dels seus estudis al nostre centre, com \u00e9s el cas de <em>Les bruixes<\/em>, <em>Charly i la f\u00e0brica de xocolata<\/em>, <em>Charly i el gran ascensor de vidre<\/em> (que \u00e9s la segona part de l&#8217;anterior) o <em>Matilda<\/em>, entre d&#8217;altres.<\/p>\n<p><a href=\"http:\/\/blog.elpuig.xeill.net\/wp-content\/uploads\/2012\/05\/Roald-Dahl.jpg\"><img loading=\"lazy\" class=\"aligncenter size-full wp-image-705\" title=\"Roald Dahl\" src=\"http:\/\/blog.elpuig.xeill.net\/wp-content\/uploads\/2012\/05\/Roald-Dahl.jpg\" alt=\"\" width=\"176\" height=\"240\" \/><\/a>Dahl va n\u00e9ixer el 1916 a Llandaff (Gal\u00b7les) i va estudiar en escoles brit\u00e0niques, les quals en aquella \u00e8poca es caracteritzaven per un sistema educatiu for\u00e7a dur i amb una disciplina molt estricta. En aquest sentit, els professors i tamb\u00e9 alguns dels alumnes m\u00e9s grans dels centres utilitzaven els c\u00e0stigs f\u00edsics per a fer palesa la seva autoritat.<\/p>\n<p>Sens dubte, aquestes viv\u00e8ncies infantils de l&#8217;autor han estat reflectides en algunes de les seves obres, en les quals hi apareixen sovint nens maltractats, deixats de banda, orfes&#8230; Un dels grans m\u00e8rits de Dahl ha estat transmetre aventures estramb\u00f2tiques amb molt d&#8217;humor per\u00f2 amb un missatge contundent i un rerefons cr\u00edtic punyent en un m\u00f3n de poti-poti entre el que \u00e9s quotidi\u00e0, ins\u00f2lit, fant\u00e0stic i obvi.<\/p>\n<p align=\"CENTER\"><em>Hemos aprendido algo primordial,<br \/>\nAlgo que a los ni\u00f1os les hace mucho mal,<br \/>\nY eso es que en el mundo no haya nada peor<br \/>\nQue sentarles ante un televisor.<br \/>\nDe hecho, ser\u00eda muy recomendable<br \/>\nSuprimir del todo ese trasto abominable.<\/em><\/p>\n<p align=\"CENTER\"><em>\u00bfPara qu\u00e9 le sirve a su hijo este invento?<br \/>\n\u00a1Le pudre todas las ideas!<br \/>\n\u00a1Mata su imaginaci\u00f3n!<br \/>\n\u00a1Hace que en nada, nada crea!<br \/>\n\u00a1Destruye toda su ilusi\u00f3n!<br \/>\nSu pobre mente se transforma<br \/>\nEn un in\u00fatil reflector<br \/>\nCon ver figuras se conforma,<br \/>\n\u00a1No sue\u00f1a, ni evoca, ni piensa, se\u00f1or!<\/em><\/p>\n<p align=\"CENTER\">Fragment de <em>Charlie i la f\u00e0brica de xocolata<\/em><\/p>\n<p><img loading=\"lazy\" class=\"aligncenter\" src=\"https:\/\/encrypted-tbn3.google.com\/images?q=tbn:ANd9GcT0pP-ZMm0qbBULN-xAlsqZA2RAwdOYLHZXzeaTlFpYTQ8rvGQ8hw\" alt=\"\" width=\"248\" height=\"204\" name=\"gr\u00e0fics6\" border=\"0\" \/><\/p>\n<p>Dahl va iniciar la seva carrera liter\u00e0ria a la Segona Guerra Mundial quan va patir un accident aeri que el va obligar a deixar el servei militar actiu. Fou en aquell moment que els seus comandaments li van encomanar que redact\u00e9s descripcions sobre aspectes i records b\u00e8l\u00b7lics per a la revista <em>Saturday Evening Post<\/em>. Aquell va ser l&#8217;inici de seva prol\u00edfica obra liter\u00e0ria que m\u00e9s endavant es veuria complementada amb les il\u00b7lustracions de Quentin Blake, amb les quals hi apareixien uns dibuixos expressius que van aconseguir connectar d&#8217;una manera art\u00edstica amb les hist\u00f2ries de Dahl. Tant \u00e9s aix\u00ed que aquests dibuixos sempre s&#8217;han associat directament a l&#8217;escriptor.<\/p>\n<p style=\"text-align: center;\"><img loading=\"lazy\" class=\"aligncenter\" src=\"https:\/\/lh5.googleusercontent.com\/-IxJZ1FzIUVA\/TYiXKLEQILI\/AAAAAAAAAFg\/JLXdycX4hZk\/bruixes_taller.jpg\" alt=\"\" width=\"279\" height=\"183\" name=\"gr\u00e0fics1\" align=\"BOTTOM\" border=\"0\" \/>Il\u00b7lustraci\u00f3 de <em>Les bruixes<\/em><\/p>\n<p>Tamb\u00e9 algunes obres de Roald Dahl s&#8217;han portat a la gran pantalla, com \u00e9s el cas de <em>Charly i la f\u00e0brica de xocolata<\/em> i <em>Matilda.<\/em><\/p>\n<p><img loading=\"lazy\" class=\"aligncenter\" src=\"http:\/\/t3.gstatic.com\/images?q=tbn:ANd9GcQKTWlpOd9FqRAD2meVZYTRQy6j8kdb4-uiszus0o2m89w20TDbpA\" alt=\"\" width=\"213\" height=\"269\" name=\"gr\u00e0fics5\" align=\"BOTTOM\" border=\"0\" \/> <img loading=\"lazy\" class=\"aligncenter\" src=\"http:\/\/t1.gstatic.com\/images?q=tbn:ANd9GcQCgcyg0f22vHH1leOwKsagMCG0sSByGpePozkcmPzaXklDtR1j\" alt=\"\" width=\"187\" height=\"269\" name=\"gr\u00e0fics4\" border=\"0\" \/><\/p>\n<p style=\"text-align: center;\">\u00a0<a href=\"http:\/\/www.youtube.com\/watch?v=BGem82vCZNM\">http:\/\/www.youtube.com\/watch?v=BGem82vCZNM<\/a> <img loading=\"lazy\" class=\"aligncenter\" src=\"http:\/\/www.iesxunqueira1.com\/dahl\/images\/matilda_libro.gif\" alt=\"\" width=\"212\" height=\"231\" name=\"gr\u00e0fics2\" align=\"BOTTOM\" border=\"0\" \/> <img loading=\"lazy\" class=\"aligncenter\" src=\"http:\/\/t2.gstatic.com\/images?q=tbn:ANd9GcQZetC1m4FLifljNILQ_dPbRGaF8ASgG9PDSaStZIWhVtPsB8P87A\" alt=\"\" width=\"235\" height=\"230\" name=\"gr\u00e0fics3\" align=\"BOTTOM\" border=\"0\" \/><\/p>\n<p align=\"CENTER\">\u00a0<a href=\"http:\/\/www.youtube.com\/watch?v=j6uhT7T6YXA&amp;feature=related\">http:\/\/www.youtube.com\/watch?v=j6uhT7T6YXA&amp;feature=related<\/a><\/p>\n<p>\u00a0Fet i fet, l&#8217;univers de Roald Dahl fa molts anys que es va crear per\u00f2 \u00e9s m\u00e9s vigent que mai!<\/p>\n<p align=\"CENTER\">\u201c<em>Si piensas llegar a alguna parte en la vida, tienes que leer muchos libros\u201d<\/em><\/p>\n<p align=\"CENTER\">(Roald Dahl)<\/p>\n<p style=\"text-align: right;\" align=\"CENTER\">Ignasi Bragulat<\/p>\n<p align=\"CENTER\">\n","protected":false},"excerpt":{"rendered":"<p>Roald Dahl (1916-1990) \u00e9s l&#8217;autor d&#8217;alguns dels llibres que els alumnes han llegit en algun moment al llarg dels seus estudis al nostre centre, com \u00e9s el cas de Les bruixes, Charly i la f\u00e0brica de xocolata, Charly i el &hellip; <a href=\"https:\/\/blog.elpuig.xeill.net\/?p=704\">Continua llegint <span class=\"meta-nav\">&rarr;<\/span><\/a><\/p>\n","protected":false},"author":2,"featured_media":0,"comment_status":"open","ping_status":"open","sticky":false,"template":"","format":"standard","meta":[],"categories":[13,60,5],"tags":[39,362],"_links":{"self":[{"href":"https:\/\/blog.elpuig.xeill.net\/index.php?rest_route=\/wp\/v2\/posts\/704"}],"collection":[{"href":"https:\/\/blog.elpuig.xeill.net\/index.php?rest_route=\/wp\/v2\/posts"}],"about":[{"href":"https:\/\/blog.elpuig.xeill.net\/index.php?rest_route=\/wp\/v2\/types\/post"}],"author":[{"embeddable":true,"href":"https:\/\/blog.elpuig.xeill.net\/index.php?rest_route=\/wp\/v2\/users\/2"}],"replies":[{"embeddable":true,"href":"https:\/\/blog.elpuig.xeill.net\/index.php?rest_route=%2Fwp%2Fv2%2Fcomments&post=704"}],"version-history":[{"count":7,"href":"https:\/\/blog.elpuig.xeill.net\/index.php?rest_route=\/wp\/v2\/posts\/704\/revisions"}],"predecessor-version":[{"id":2863,"href":"https:\/\/blog.elpuig.xeill.net\/index.php?rest_route=\/wp\/v2\/posts\/704\/revisions\/2863"}],"wp:attachment":[{"href":"https:\/\/blog.elpuig.xeill.net\/index.php?rest_route=%2Fwp%2Fv2%2Fmedia&parent=704"}],"wp:term":[{"taxonomy":"category","embeddable":true,"href":"https:\/\/blog.elpuig.xeill.net\/index.php?rest_route=%2Fwp%2Fv2%2Fcategories&post=704"},{"taxonomy":"post_tag","embeddable":true,"href":"https:\/\/blog.elpuig.xeill.net\/index.php?rest_route=%2Fwp%2Fv2%2Ftags&post=704"}],"curies":[{"name":"wp","href":"https:\/\/api.w.org\/{rel}","templated":true}]}}