{"id":70,"date":"2011-10-07T16:40:04","date_gmt":"2011-10-07T14:40:04","guid":{"rendered":"http:\/\/blog.elpuig.xeill.net\/?p=70"},"modified":"2012-01-16T20:57:49","modified_gmt":"2012-01-16T18:57:49","slug":"natura","status":"publish","type":"post","link":"https:\/\/blog.elpuig.xeill.net\/?p=70","title":{"rendered":"Natura"},"content":{"rendered":"<p>Informacions, curiositats, aclariments i comentaris sobre temes relacionats amb la natura i amb el medi ambient. Parla&#8217;ns dels teus animals preferits, dels ocells, de les teves plantes, dels teus minerals, de les flors que m\u00e9s t&#8217;agradin, dels boscos, de l&#8217;estat de les aig\u00fces dels rius, dels arbres de la teva ciutat&#8230; i de les coses que m\u00e9s t&#8217;intriguen i et preocupen de la natura.<\/p>\n<p style=\"text-align: left;\"><a href=\"http:\/\/blog.elpuig.xeill.net\/wp-content\/uploads\/2011\/10\/Animals-en-perill-dextinci\u00f3.jpg\"><img loading=\"lazy\" class=\"aligncenter size-full wp-image-383\" title=\"Alguns animals en perill d'extinci\u00f3\" src=\"http:\/\/blog.elpuig.xeill.net\/wp-content\/uploads\/2011\/10\/Animals-en-perill-dextinci\u00f3.jpg\" alt=\"\" width=\"225\" height=\"225\" srcset=\"https:\/\/blog.elpuig.xeill.net\/wp-content\/uploads\/2011\/10\/Animals-en-perill-dextinci\u00f3.jpg 225w, https:\/\/blog.elpuig.xeill.net\/wp-content\/uploads\/2011\/10\/Animals-en-perill-dextinci\u00f3-150x150.jpg 150w\" sizes=\"(max-width: 225px) 100vw, 225px\" \/><\/a>Perqu\u00e8 necessitem preservar la biodiversitat, necessitem que tothom se n&#8217;adoni i necessitem les teves preguntes i els teus comentaris sobre la natura que ens envolta.<\/p>\n","protected":false},"excerpt":{"rendered":"<p>Informacions, curiositats, aclariments i comentaris sobre temes relacionats amb la natura i amb el medi ambient. Parla&#8217;ns dels teus animals preferits, dels ocells, de les teves plantes, dels teus minerals, de les flors que m\u00e9s t&#8217;agradin, dels boscos, de l&#8217;estat &hellip; <a href=\"https:\/\/blog.elpuig.xeill.net\/?p=70\">Continua llegint <span class=\"meta-nav\">&rarr;<\/span><\/a><\/p>\n","protected":false},"author":2,"featured_media":0,"comment_status":"open","ping_status":"open","sticky":false,"template":"","format":"standard","meta":[],"categories":[7],"tags":[32],"_links":{"self":[{"href":"https:\/\/blog.elpuig.xeill.net\/index.php?rest_route=\/wp\/v2\/posts\/70"}],"collection":[{"href":"https:\/\/blog.elpuig.xeill.net\/index.php?rest_route=\/wp\/v2\/posts"}],"about":[{"href":"https:\/\/blog.elpuig.xeill.net\/index.php?rest_route=\/wp\/v2\/types\/post"}],"author":[{"embeddable":true,"href":"https:\/\/blog.elpuig.xeill.net\/index.php?rest_route=\/wp\/v2\/users\/2"}],"replies":[{"embeddable":true,"href":"https:\/\/blog.elpuig.xeill.net\/index.php?rest_route=%2Fwp%2Fv2%2Fcomments&post=70"}],"version-history":[{"count":10,"href":"https:\/\/blog.elpuig.xeill.net\/index.php?rest_route=\/wp\/v2\/posts\/70\/revisions"}],"predecessor-version":[{"id":73,"href":"https:\/\/blog.elpuig.xeill.net\/index.php?rest_route=\/wp\/v2\/posts\/70\/revisions\/73"}],"wp:attachment":[{"href":"https:\/\/blog.elpuig.xeill.net\/index.php?rest_route=%2Fwp%2Fv2%2Fmedia&parent=70"}],"wp:term":[{"taxonomy":"category","embeddable":true,"href":"https:\/\/blog.elpuig.xeill.net\/index.php?rest_route=%2Fwp%2Fv2%2Fcategories&post=70"},{"taxonomy":"post_tag","embeddable":true,"href":"https:\/\/blog.elpuig.xeill.net\/index.php?rest_route=%2Fwp%2Fv2%2Ftags&post=70"}],"curies":[{"name":"wp","href":"https:\/\/api.w.org\/{rel}","templated":true}]}}