{"id":687,"date":"2012-05-07T19:00:56","date_gmt":"2012-05-07T17:00:56","guid":{"rendered":"http:\/\/blog.elpuig.xeill.net\/?p=687"},"modified":"2020-05-06T19:35:51","modified_gmt":"2020-05-06T17:35:51","slug":"questionari-proust","status":"publish","type":"post","link":"https:\/\/blog.elpuig.xeill.net\/?p=687","title":{"rendered":"Q\u00fcestionari Proust"},"content":{"rendered":"<p style=\"text-align: left;\">El fam\u00f3s <em>Q\u00fcestionari Proust<\/em> no era de Proust. No l&#8217;havia inventat ell, <a title=\"Marcel Proust\" href=\"http:\/\/ca.wikipedia.org\/wiki\/Marcel_Proust\">Marcel Proust <\/a>(1871-1922), sin\u00f3 \u2014i \u00e9s una altra curiositat en relaci\u00f3 a aquest q\u00fcestionari\u2014 Jenny i Laura Marx, filles de <a title=\"Karl Marx\" href=\"http:\/\/ca.wikipedia.org\/wiki\/Karl_Marx\">Karl Marx<\/a> (1818-1883), l&#8217;autor de <em>El Capital<\/em>, &#8220;com una mena de joc familiar de sobretaula&#8221;, diu <a title=\"Llu\u00eds Permanyer\" href=\"http:\/\/ca.wikipedia.org\/wiki\/Llu%C3%ADs_Permanyer\">Llu\u00eds Permanyer<\/a> (<em>43 respostes catalanes al q\u00fcestionari Proust<\/em>, Edicions Proa, Barcelona, 1967). Que per qu\u00e8 es diu, aleshores, <em>Q\u00fcestionari Proust<\/em> i no <em>Q\u00fcestionari Marx<\/em>? Potser perqu\u00e8 la versi\u00f3 del q\u00fcestionari que va contestar Karl Marx a Londres en angl\u00e8s (no en alemany) als requeriments de les seves filles era m\u00e9s curta (18 preguntes) que la versi\u00f3, m\u00e9s arrodonida (31 preguntes), que va circular despr\u00e9s pels salons de Paris i que va contestar dues vegades (primer als catorze anys, despr\u00e9s, per corregir algunes de les seves respostes, als vint), l&#8217;autor de <em>A la recerca del temps perdut<\/em>. Potser perqu\u00e8 el q\u00fcestionari s&#8217;associa m\u00e9s f\u00e0cilment a la imatge d&#8217;un artista franc\u00e8s com Proust que a la d&#8217;un fil\u00f2sof alemany com Marx. O potser per la perspic\u00e0cia d&#8217;algunes de les respostes proustianes,\u00a0 no se sap. En qualsevol cas, per just\u00edcia hist\u00f2rica, nosaltres donarem m\u00e9s a baix com a respostes a aquests q\u00fcestionaris totes dues, la de Karl Marx i la de Marcel Proust (recollides al llibre de Permanyer), com a mostres de dos grans personatges que van acceptar sometre&#8217;s a aquest joc. Abans, per\u00f2, ens agradaria plantejar una breu reflexi\u00f3 sobre l&#8217;art de fer preguntes.<br \/>\n<a href=\"http:\/\/blog.elpuig.xeill.net\/wp-content\/uploads\/2012\/05\/Jenny-i-Laura-Marx.jpg\"><img loading=\"lazy\" class=\"aligncenter size-full wp-image-688\" title=\"Jenny i Laura Marx\" src=\"http:\/\/blog.elpuig.xeill.net\/wp-content\/uploads\/2012\/05\/Jenny-i-Laura-Marx.jpg\" alt=\"\" width=\"191\" height=\"264\" \/><\/a>Fa uns anys vam assistir a una confer\u00e8ncia d&#8217;una escriptora nord-americana a una facultat universit\u00e0ria de Barcelona. Al col\u00b7loqui, en acabar la confer\u00e8ncia \u2014que tractava sobre feminisme i el que despr\u00e9s s&#8217;ha acabat dient <em>estudis culturals<\/em>\u2014, una jove del p\u00fablic li va plantejar una pregunta a l&#8217;autora sobre la pres\u00e8ncia de les minories \u00e8tniques a la cultura universit\u00e0ria dels EE.UU. i la discriminaci\u00f3 positiva (cap als afroamericans, cap a les dones, etc.), i la conferenciant li va dir que no acostumava a respondre a les preguntes impertinents. En aquell moment algunes persones del p\u00fablic vam pensar el mateix: qu\u00e8 \u00e9s m\u00e9s important, l&#8217;art de les preguntes o l&#8217;art de les respostes? \u00c9s veritat que \u00e9s un art saber fer preguntes interessants i pertinents; el repte \u00e9s, per\u00f2, donar una resposta intel\u00b7ligent sempre, tant a una pregunta absurda o ing\u00e8nua com a un pregunta intel\u00b7ligent.<br \/>\n<a href=\"http:\/\/blog.elpuig.xeill.net\/wp-content\/uploads\/2012\/05\/Karl-Marx-i-la-seva-filla-Jenny.jpg\"><img loading=\"lazy\" class=\"aligncenter size-full wp-image-689\" title=\"Karl Marx i la seva filla Jenny\" src=\"http:\/\/blog.elpuig.xeill.net\/wp-content\/uploads\/2012\/05\/Karl-Marx-i-la-seva-filla-Jenny.jpg\" alt=\"\" width=\"194\" height=\"260\" \/><\/a>Hi ha gent que pot considerar fr\u00edvoles les preguntes del <em>Q\u00fcestionari Proust<\/em>. Altres, per\u00f2, consideraran que les preguntes s\u00f3n sempre un pretext per veure com se&#8217;n surt la persona preguntada. Les d&#8217;aquest q\u00fcestionari &#8220;s\u00f3n preguntes que, d&#8217;entrada, fan la impressi\u00f3 d&#8217;inofensives, i, si en f\u00f3ssim els destinataris, ens afanyar\u00edem a contestar-les sense pensar-nos-hi massa&#8221;, diu <a title=\"Joan Fuster\" href=\"http:\/\/ca.wikipedia.org\/wiki\/Joan_Fuster\">Joan Fuster<\/a> al pr\u00f2leg del llibre de Llu\u00eds Permanyer abans d&#8217;avisar-nos, per\u00f2, que si contestem de qualsevol manera a les preguntes, amb la convicci\u00f3 d&#8217;estar jugant, correm el risc de caure en la trampa, perqu\u00e8 &#8220;parlant ens tra\u00efm. No importa de qu\u00e8 parlem: per una escletxa o altra, en cada mot deixarem anar algun indici delator&#8221;. Quins indicis delators? Els indicis de com som de deb\u00f2, de qu\u00e8 pensem en el fons de la nostra consci\u00e8ncia. Un altre escriptor franc\u00e8s, <a title=\"Andr\u00e9 Gide\" href=\"http:\/\/ca.wikipedia.org\/wiki\/Andr%C3%A9_Gide\">Andr\u00e9 Gide<\/a>, deia que <em>no hi ha res de m\u00e9s profund que la pell<\/em>. Si aix\u00f2 fos veritat (no ho sabem), jugant a contestar el q\u00fcestionari Proust estar\u00edem mostrant la superf\u00edcie de la nostra \u00e0nima per\u00f2 tamb\u00e9 el m\u00e9s profund del que som.<\/p>\n<p style=\"text-align: left;\"><a href=\"http:\/\/blog.elpuig.xeill.net\/wp-content\/uploads\/2012\/05\/Marcel-Proust.jpg\"><img loading=\"lazy\" class=\"aligncenter size-full wp-image-690\" title=\"Marcel Proust\" src=\"http:\/\/blog.elpuig.xeill.net\/wp-content\/uploads\/2012\/05\/Marcel-Proust.jpg\" alt=\"\" width=\"172\" height=\"256\" \/><\/a>I, sense m\u00e9s pre\u00e0mbuls, aqu\u00ed teniu el q\u00fcestionari (les preguntes van en primera persona, com adre\u00e7ades per un mateix a la pr\u00f2pia consci\u00e8ncia). Si no us fa nosa, copieu-lo, contesteu-lo, enganxeu-lo\u00a0 i envieu-lo com a resposta d&#8217;aquesta entrada&#8230; si m\u00e9s no, perqu\u00e8 a aquest joc tothom hi guanya. Gr\u00e0cies per la vostra col\u00b7laboraci\u00f3.<\/p>\n<p style=\"text-align: center;\"><a href=\"http:\/\/blog.elpuig.xeill.net\/wp-content\/uploads\/2012\/05\/Q\u00fcestionari-Proust.jpg\"><img loading=\"lazy\" class=\"aligncenter size-full wp-image-691\" title=\"Q\u00fcestionari Proust\" src=\"http:\/\/blog.elpuig.xeill.net\/wp-content\/uploads\/2012\/05\/Q\u00fcestionari-Proust.jpg\" alt=\"\" width=\"283\" height=\"178\" \/><\/a>C\u00f2pia del quadern amb les respostes manuscrites de Proust<\/p>\n<p style=\"text-align: left;\"><strong>Q\u00fcestionari Proust<\/strong><br \/>\n<strong>1. El principal tret del meu car\u00e0cter?<\/strong><br \/>\n<strong>2. La qualitat que prefereixo en un home?<\/strong><br \/>\n<strong>3. La qualitat que prefereixo en una dona?<\/strong><br \/>\n<strong>4. All\u00f2 que m\u00e9s estimo en els meus amics?<\/strong><br \/>\n<strong>5. El meu principal defecte?<\/strong><br \/>\n<strong>6. La meva ocupaci\u00f3 preferida?<\/strong><br \/>\n<strong>7. El meu somni de benestar?<\/strong><br \/>\n<strong>8. Quina f\u00f2ra la meva pitjor desgr\u00e0cia?<\/strong><br \/>\n<strong>9. Qu\u00e8 voldria ser?<\/strong><br \/>\n<strong>10. On desitjaria viure?<\/strong><br \/>\n<strong>11. Quin color prefereixo?<\/strong><br \/>\n<strong>12. Quina flor prefereixo?<\/strong><br \/>\n<strong>13. Quin ocell prefereixo?<\/strong><br \/>\n<strong>14. Els meus autors preferits en prosa?<\/strong><br \/>\n<strong>15. Els poetes preferits?<\/strong><br \/>\n<strong>16. Els herois de ficci\u00f3?<\/strong><br \/>\n<strong>17. Les meves hero\u00efnes de ficci\u00f3 favorites?<\/strong><br \/>\n<strong>18. Els meus compositors favorits?<\/strong><br \/>\n<strong>19. Els pintors predilectes?<\/strong><br \/>\n<strong>20. Els meus herois de la vida real?<\/strong><br \/>\n<strong>21. Les meves hero\u00efnes hist\u00f2riques?<\/strong><br \/>\n<strong>22. Els noms que prefereixo?<\/strong><br \/>\n<strong>23. Qu\u00e8 detesto m\u00e9s que res?<\/strong><br \/>\n<strong>24. Quins car\u00e0cters hist\u00f2rics menyspreo m\u00e9s?<\/strong><br \/>\n<strong>25. Quin fet militar admiro m\u00e9s?<\/strong><br \/>\n<strong>26. Quina reforma admiro m\u00e9s?<\/strong><br \/>\n<strong>27. Quins dons naturals voldria tenir?<\/strong><br \/>\n<strong>28. Com m&#8217;agradaria morir?<\/strong><br \/>\n<strong>29. Estat present del meu esperit?<\/strong><br \/>\n<strong>30. Fets que m&#8217;inspiren m\u00e9s indulg\u00e8ncia?<\/strong><br \/>\n<strong>31. El meu lema?<\/strong><\/p>\n","protected":false},"excerpt":{"rendered":"<p>El fam\u00f3s Q\u00fcestionari Proust no era de Proust. No l&#8217;havia inventat ell, Marcel Proust (1871-1922), sin\u00f3 \u2014i \u00e9s una altra curiositat en relaci\u00f3 a aquest q\u00fcestionari\u2014 Jenny i Laura Marx, filles de Karl Marx (1818-1883), l&#8217;autor de El Capital, &#8220;com &hellip; <a href=\"https:\/\/blog.elpuig.xeill.net\/?p=687\">Continua llegint <span class=\"meta-nav\">&rarr;<\/span><\/a><\/p>\n","protected":false},"author":2,"featured_media":0,"comment_status":"open","ping_status":"open","sticky":false,"template":"","format":"standard","meta":[],"categories":[27],"tags":[113,80],"_links":{"self":[{"href":"https:\/\/blog.elpuig.xeill.net\/index.php?rest_route=\/wp\/v2\/posts\/687"}],"collection":[{"href":"https:\/\/blog.elpuig.xeill.net\/index.php?rest_route=\/wp\/v2\/posts"}],"about":[{"href":"https:\/\/blog.elpuig.xeill.net\/index.php?rest_route=\/wp\/v2\/types\/post"}],"author":[{"embeddable":true,"href":"https:\/\/blog.elpuig.xeill.net\/index.php?rest_route=\/wp\/v2\/users\/2"}],"replies":[{"embeddable":true,"href":"https:\/\/blog.elpuig.xeill.net\/index.php?rest_route=%2Fwp%2Fv2%2Fcomments&post=687"}],"version-history":[{"count":15,"href":"https:\/\/blog.elpuig.xeill.net\/index.php?rest_route=\/wp\/v2\/posts\/687\/revisions"}],"predecessor-version":[{"id":2847,"href":"https:\/\/blog.elpuig.xeill.net\/index.php?rest_route=\/wp\/v2\/posts\/687\/revisions\/2847"}],"wp:attachment":[{"href":"https:\/\/blog.elpuig.xeill.net\/index.php?rest_route=%2Fwp%2Fv2%2Fmedia&parent=687"}],"wp:term":[{"taxonomy":"category","embeddable":true,"href":"https:\/\/blog.elpuig.xeill.net\/index.php?rest_route=%2Fwp%2Fv2%2Fcategories&post=687"},{"taxonomy":"post_tag","embeddable":true,"href":"https:\/\/blog.elpuig.xeill.net\/index.php?rest_route=%2Fwp%2Fv2%2Ftags&post=687"}],"curies":[{"name":"wp","href":"https:\/\/api.w.org\/{rel}","templated":true}]}}