{"id":657,"date":"2012-04-25T18:04:30","date_gmt":"2012-04-25T16:04:30","guid":{"rendered":"http:\/\/blog.elpuig.xeill.net\/?p=657"},"modified":"2012-05-06T21:33:04","modified_gmt":"2012-05-06T19:33:04","slug":"viure-sant-jordi","status":"publish","type":"post","link":"https:\/\/blog.elpuig.xeill.net\/?p=657","title":{"rendered":"Viure Sant Jordi"},"content":{"rendered":"<p lang=\"ca-ES\" align=\"JUSTIFY\">La Diada de Sant Jordi \u00e9s un dia per ser feli\u00e7. Quan sortim al carrer de bon mat\u00ed cap a l&#8217;institut i veiem la gent que est\u00e0 posant la seva paradeta, per modesta que sigui, de llibres o de roses, i mira cap al cel d&#8217;abril per veure si plour\u00e0 o no, sentim en la seva mirada una esperan\u00e7a i una alegria contingudes que immediatament ens omple el cor. I, per ra\u00f3 de la nostra professi\u00f3, l&#8217;alegria ens arriba m\u00e9s a dins si veiem que les persones que estan plantant la paradeta s\u00f3n joves estudiants que, amb tota la seva il\u00b7lusi\u00f3, hi han posat un gran r\u00e8tol: \u201cRoses precioses i solid\u00e0ries\u201d.<\/p>\n<p lang=\"ca-ES\" align=\"JUSTIFY\"><a href=\"http:\/\/blog.elpuig.xeill.net\/wp-content\/uploads\/2012\/04\/Dones-poetes1.jpg\"><img loading=\"lazy\" class=\"aligncenter size-medium wp-image-662\" title=\"Dones poetes\" src=\"http:\/\/blog.elpuig.xeill.net\/wp-content\/uploads\/2012\/04\/Dones-poetes1-300x225.jpg\" alt=\"\" width=\"300\" height=\"225\" srcset=\"https:\/\/blog.elpuig.xeill.net\/wp-content\/uploads\/2012\/04\/Dones-poetes1-300x225.jpg 300w, https:\/\/blog.elpuig.xeill.net\/wp-content\/uploads\/2012\/04\/Dones-poetes1-1024x768.jpg 1024w, https:\/\/blog.elpuig.xeill.net\/wp-content\/uploads\/2012\/04\/Dones-poetes1-400x300.jpg 400w\" sizes=\"(max-width: 300px) 100vw, 300px\" \/><\/a>Despr\u00e9s, arribem a l&#8217;institut i advertim que el vest\u00edbul s&#8217;ha convertit en un petit jard\u00ed encantat: pertot arreu hi ha capsetes i tests pintats on han crescut unes plantes extraordin\u00e0ries, unes plantes que fan flors que no es marceixen, retrats d&#8217;escriptores, versos i poemes. I si mirem cap al sostre descobrim que no hi pengen banderoles, sin\u00f3 mirades de m\u00e9s escriptores, que veuen m\u00e9s enll\u00e0 de la superf\u00edcie de les coses i de la gent. S\u00f3n tantes, que no hi ha espai en aquestes ratlles per recollir-les totes: Alejandra Pizarnik, Sylvia Plath, Carolina Coronado, Merc\u00e8 Rodoreda, Anna Ajm\u00e0tova, Adela Zamudio, Maria Merc\u00e8 Mar\u00e7al, Ana Rossetti, Claribel Alegr\u00eda, Luisa Castro, Alfonsina Storni, Jane Austen, Flannery O&#8217;Connor&#8230; Cadascuna amb el seu drama, cadascuna amb les seves paraules per compartir amb el seu drama&#8230; (<em>A casi todas miro tiernamente<\/em>, ens diu el poeta, i aqu\u00ed s&#8217;hauria de treure-hi el <em>casi<\/em>.) Anem pels passadissos i veiem als suros i taulers d&#8217;anuncis versos, dibuixos, llibres recomanats, <em>limericks<\/em> en angl\u00e8s, fotografies, retrats acolorits \u2014de Gabriela Mistral, de Gloria Fuertes, de Rosal\u00eda de Castro&#8230;\u2014, pugem les escales i els vidres s&#8217;han convertit en p\u00e0gines de colors, en m\u00fasica callada, en paraules de Rosario Castellanos, de Cristina Peri Rossi, de Carmen Conde&#8230; que ens emocionen, ens fan somiar o ens conviden a reflexionar sobre la poesia i, m\u00e9s concretament, sobre la poesia escrita per dones, de vegades tan invisible, tan quotidiana, tan \u00edntima. L&#8217;institut s&#8217;ha convertit en un poema: una de les coses m\u00e9s admirables que un pot tractar d&#8217;arribar a ser.<\/p>\n<p align=\"JUSTIFY\"><a href=\"http:\/\/blog.elpuig.xeill.net\/wp-content\/uploads\/2012\/04\/Versos-de-Sor-Juana-In\u00e9s.jpg\"><img loading=\"lazy\" class=\"aligncenter size-medium wp-image-658\" title=\"Versos de Sor Juana In\u00e9s\" src=\"http:\/\/blog.elpuig.xeill.net\/wp-content\/uploads\/2012\/04\/Versos-de-Sor-Juana-In\u00e9s-300x225.jpg\" alt=\"\" width=\"300\" height=\"225\" srcset=\"https:\/\/blog.elpuig.xeill.net\/wp-content\/uploads\/2012\/04\/Versos-de-Sor-Juana-In\u00e9s-300x225.jpg 300w, https:\/\/blog.elpuig.xeill.net\/wp-content\/uploads\/2012\/04\/Versos-de-Sor-Juana-In\u00e9s-1024x768.jpg 1024w, https:\/\/blog.elpuig.xeill.net\/wp-content\/uploads\/2012\/04\/Versos-de-Sor-Juana-In\u00e9s-400x300.jpg 400w\" sizes=\"(max-width: 300px) 100vw, 300px\" \/><\/a>Ja s\u00f3n les 8.30 h. Entrem a la sala d&#8217;actes i veiem que van arribant els de 1r i 2n d&#8217;ESO. Cantem tots junts<a href=\"http:\/\/elpuig.xeill.net\/el-centre\/media\/cd\/2011\/17.%20Cor%20-%20Himne%20del%20Puig%20Castellar.mp3\/view\"> l&#8217;himne del Puig<\/a>:<\/p>\n<p style=\"text-align: center;\" align=\"JUSTIFY\"><em>&#8230;Estudiants del m\u00f3n<\/em><\/p>\n<p style=\"text-align: center;\"><em> que ens fan universals&#8230;<\/em><\/p>\n<p style=\"text-align: center;\"><em> Gent que ve de lluny<\/em><\/p>\n<p style=\"text-align: center;\"><em> per veure&#8217;ns tots iguals.<\/em><\/p>\n<p style=\"text-align: center;\"><em>Puig, Puig,<\/em><\/p>\n<p style=\"text-align: center;\"><em> Puig Castellar. <\/em>[bis]<\/p>\n<p lang=\"ca-ES\" align=\"JUSTIFY\">La professora Francesca Rodr\u00edguez va cridant els joves rapsodes perqu\u00e8 pugin a l\u2019escenari a dir versos que s&#8217;han apr\u00e8s en catal\u00e0, en castell\u00e0, en angl\u00e8s, amenitzats en algun cas per les interpretacions musicals de Joan Rojano i de Paula Manzano&#8230; [<a href=\"http:\/\/elpuig.xeill.net\/Members\/institut\/curs-2011-2012\/sant-jordi-2012\">Veure el programa de la jornada amb el llistat general de participants i guanyadors.]<\/a> Rebem una lli\u00e7\u00f3 magistral de dos alumnes de 1r d&#8217;ESO que reten un homenatge en angl\u00e8s a Charles Dickens amb motiu del segon centenari del seu naixement. Quedem bocabadats amb els sons que sap treure del seu viol\u00ed l&#8217;Estrella Mart\u00ednez&#8230; I anem coneixent els noms dels guanyadors dels premis de poesia en catal\u00e0, en castell\u00e0, dels treballs art\u00edstics de ventalls i punts de llibres, de narrativa en catal\u00e0 i castell\u00e0. I tornem a la m\u00fasica i a meravellar-nos amb la \u201cMilonga\u201d que interpreta Daniel Garc\u00eda&#8230; I a cantar amb tothom una altra vegada l&#8217;himne:<\/p>\n<p style=\"text-align: center;\" lang=\"ca-ES\" align=\"JUSTIFY\">\u00a0&#8230;<em>\u00c9s un lloc d&#8217;estudi<\/em><\/p>\n<p style=\"text-align: center;\" lang=\"ca-ES\" align=\"JUSTIFY\"><em> que ens ha fet companys&#8230;<\/em><\/p>\n<p lang=\"ca-ES\" align=\"JUSTIFY\"><a href=\"http:\/\/blog.elpuig.xeill.net\/wp-content\/uploads\/2012\/04\/Alumnes-de-1r-i-2n-recitant-poemes-escrits-per-dones.jpg\"><img loading=\"lazy\" class=\"aligncenter size-medium wp-image-659\" title=\"Alumnes de 1r i 2n recitant poemes escrits per dones\" src=\"http:\/\/blog.elpuig.xeill.net\/wp-content\/uploads\/2012\/04\/Alumnes-de-1r-i-2n-recitant-poemes-escrits-per-dones-300x225.jpg\" alt=\"\" width=\"300\" height=\"225\" srcset=\"https:\/\/blog.elpuig.xeill.net\/wp-content\/uploads\/2012\/04\/Alumnes-de-1r-i-2n-recitant-poemes-escrits-per-dones-300x225.jpg 300w, https:\/\/blog.elpuig.xeill.net\/wp-content\/uploads\/2012\/04\/Alumnes-de-1r-i-2n-recitant-poemes-escrits-per-dones-1024x768.jpg 1024w, https:\/\/blog.elpuig.xeill.net\/wp-content\/uploads\/2012\/04\/Alumnes-de-1r-i-2n-recitant-poemes-escrits-per-dones-400x300.jpg 400w, https:\/\/blog.elpuig.xeill.net\/wp-content\/uploads\/2012\/04\/Alumnes-de-1r-i-2n-recitant-poemes-escrits-per-dones.jpg 2048w\" sizes=\"(max-width: 300px) 100vw, 300px\" \/><\/a>Quan acaba l&#8217;acte amb els de 1r i 2n d&#8217;ESO, entren els de batxillerat i cicles formatius. S\u00f3n les 10.30 del mat\u00ed i, a la sala d&#8217;actes de l&#8217;institut, el dia rutlla espl\u00e8ndid, po\u00e8tic, cordial. La professora Agustina Rico va cridant els rapsodes de poemes escrits per dones que han constru\u00eft un canon silenci\u00f3s i apassionat des de l&#8217;antiguitat cl\u00e0ssica de Gr\u00e8cia (Safo) i Roma (Sulpicia) als nostres dies. Hi ha temps, per\u00f2, per retre un homenatge a Santa Coloma amb els versos de M\u00e0rius Sampere, per evocar els <em>Veinte poemas de amor y una canci\u00f3n desesperada<\/em>, i per sentir els acords d&#8217;una pe\u00e7a de la guitarra espanyola de Marc Garc\u00eda, per somriure amb els<em> limericks<\/em> en angl\u00e8s&#8230; I per con\u00e8ixer els noms dels guanyadors de batxillerat i cicles a les categories de poesia (castellana i catalana) i articles d&#8217;opini\u00f3.<\/p>\n<p lang=\"ca-ES\" align=\"JUSTIFY\"><a href=\"http:\/\/blog.elpuig.xeill.net\/wp-content\/uploads\/2012\/04\/Tres-alumnes-de-batxillerat-que-van-obtenir-premi.jpg\"><img loading=\"lazy\" class=\"aligncenter size-medium wp-image-660\" title=\"Tres alumnes  de batxillerat que van obtenir premi\" src=\"http:\/\/blog.elpuig.xeill.net\/wp-content\/uploads\/2012\/04\/Tres-alumnes-de-batxillerat-que-van-obtenir-premi-300x225.jpg\" alt=\"\" width=\"300\" height=\"225\" srcset=\"https:\/\/blog.elpuig.xeill.net\/wp-content\/uploads\/2012\/04\/Tres-alumnes-de-batxillerat-que-van-obtenir-premi-300x225.jpg 300w, https:\/\/blog.elpuig.xeill.net\/wp-content\/uploads\/2012\/04\/Tres-alumnes-de-batxillerat-que-van-obtenir-premi-1024x768.jpg 1024w, https:\/\/blog.elpuig.xeill.net\/wp-content\/uploads\/2012\/04\/Tres-alumnes-de-batxillerat-que-van-obtenir-premi-400x300.jpg 400w\" sizes=\"(max-width: 300px) 100vw, 300px\" \/><\/a>A les 12 h, els alumnes de 3r i 4t s&#8217;asseuen als seients on han estat abans els seus companys dels altres nivells educatius. A l&#8217;aire es percep l&#8217;aroma inigualable de la poesia que han deixat les sessions anteriors. La professora Belinda Le\u00f3n, despr\u00e9s d&#8217;unes paraules de presentaci\u00f3, d\u00f3na pas a la primera escena d&#8217;una pe\u00e7a teatral (&#8220;Sant Jordi, la seva Mare, la Princesa, el Rei i els dracs lectors&#8221;) que el grup de teatre de l&#8217;institut ha preparat amb ella i amb la professora Vanessa C\u00e1ceres. Poc despr\u00e9s que Sant Jordi en persona i la seva mare parlin de la feina de cavaller, una feina sense futur, com tantes altres, rapsodes de 3r i 4t van desgranant versos de dones que han sabut sempre que <em>el dolor envejece m\u00e1s que el tiempo<\/em> (Gloria Fuertes). Dues alumnes de 3r mantenen un divertit di\u00e0leg sobre l&#8217;home que va perdre les seves ulleres, i que en realitat les duia sobre el front. Elionor Mart\u00ednez emociona tothom interpretant al piano la banda sonora d\u2019<em>Amelie<\/em>, com ho faran altres vegades al llarg de l&#8217;acte ella i l&#8217;Estela Vegas. I comen\u00e7a el lliurament de premis de poesia en castell\u00e0 i catal\u00e0. Continuen intercalant-se les escenes de la pe\u00e7a teatral (ara s\u00f3n el rei i la princesa a l&#8217;escenari). I aix\u00ed, entre interpretacions musicals, escenes teatrals i recitacions de poemes (de M\u00e0rius Torres, de Mart\u00ed i Pol, de Joan Maragall, de Salvat Papasseit&#8230;) es van lliurant els premis d&#8217;articles d&#8217;opini\u00f3, narrativa, llengua anglesa, etc. El grup de teatre posa punt final a la sessi\u00f3 amb l&#8217;escena en qu\u00e8 Sant Jordi i la princesa es queden sense paraules en veure que, al mig del bosc, una parella de dracs est\u00e0 tan feli\u00e7 llegint llibres. I \u00e9s que al dia d&#8217;avui qualsevol miracle \u00e9s possible. S\u00ed, decididament \u2014despr\u00e9s en sortir al carrer ho tornarem a comprovar veient la gent que porta llibres, que porta roses i un somriure als ulls\u2014, la Diada de Sant Jordi \u00e9s un dia per ser feli\u00e7. I tenim dret a ser-ho.<\/p>\n<p lang=\"ca-ES\" align=\"JUSTIFY\"><a href=\"http:\/\/blog.elpuig.xeill.net\/wp-content\/uploads\/2012\/04\/Sant-Jordi-i-la-princesa-rodejats-dalumnes-de-3r-i-4t.jpg\"><img loading=\"lazy\" class=\"aligncenter size-medium wp-image-661\" title=\"Sant Jordi i la princesa rodejats d'alumnes de 3r i 4t\" src=\"http:\/\/blog.elpuig.xeill.net\/wp-content\/uploads\/2012\/04\/Sant-Jordi-i-la-princesa-rodejats-dalumnes-de-3r-i-4t-300x225.jpg\" alt=\"\" width=\"300\" height=\"225\" srcset=\"https:\/\/blog.elpuig.xeill.net\/wp-content\/uploads\/2012\/04\/Sant-Jordi-i-la-princesa-rodejats-dalumnes-de-3r-i-4t-300x225.jpg 300w, https:\/\/blog.elpuig.xeill.net\/wp-content\/uploads\/2012\/04\/Sant-Jordi-i-la-princesa-rodejats-dalumnes-de-3r-i-4t-1024x768.jpg 1024w, https:\/\/blog.elpuig.xeill.net\/wp-content\/uploads\/2012\/04\/Sant-Jordi-i-la-princesa-rodejats-dalumnes-de-3r-i-4t-400x300.jpg 400w\" sizes=\"(max-width: 300px) 100vw, 300px\" \/><\/a>&#8230;I tu, com vas viure aquest dia? Per qu\u00e8 no ens en fas la teva cr\u00f2nica? De quina manera vas col\u00b7laborar amb la celebraci\u00f3? Et van regalar una rosa o un llibre? I, tu, en vas regalar? Vas anar a viure l\u2019ambient de la Pla\u00e7a de la Vila? Has comen\u00e7at a llegir el teu llibre de Sant Jordi? Per qu\u00e8 no ens expliques les teves viv\u00e8ncies i les teves emocions d&#8217;aquest dia&#8230;?<\/p>\n<p lang=\"ca-ES\" align=\"JUSTIFY\">[<a title=\"Fotografies Sant Jordi 2012\" href=\"http:\/\/elpuig.xeill.net\/activitats\/activitats-extraescolars\/sant-jordi\/sant-jordi-2012\">Veure un recull de fotografies de la jornada<\/a>.]<\/p>\n","protected":false},"excerpt":{"rendered":"<p>La Diada de Sant Jordi \u00e9s un dia per ser feli\u00e7. Quan sortim al carrer de bon mat\u00ed cap a l&#8217;institut i veiem la gent que est\u00e0 posant la seva paradeta, per modesta que sigui, de llibres o de roses, &hellip; <a href=\"https:\/\/blog.elpuig.xeill.net\/?p=657\">Continua llegint <span class=\"meta-nav\">&rarr;<\/span><\/a><\/p>\n","protected":false},"author":2,"featured_media":0,"comment_status":"open","ping_status":"open","sticky":false,"template":"","format":"standard","meta":[],"categories":[72,78],"tags":[73,79],"_links":{"self":[{"href":"https:\/\/blog.elpuig.xeill.net\/index.php?rest_route=\/wp\/v2\/posts\/657"}],"collection":[{"href":"https:\/\/blog.elpuig.xeill.net\/index.php?rest_route=\/wp\/v2\/posts"}],"about":[{"href":"https:\/\/blog.elpuig.xeill.net\/index.php?rest_route=\/wp\/v2\/types\/post"}],"author":[{"embeddable":true,"href":"https:\/\/blog.elpuig.xeill.net\/index.php?rest_route=\/wp\/v2\/users\/2"}],"replies":[{"embeddable":true,"href":"https:\/\/blog.elpuig.xeill.net\/index.php?rest_route=%2Fwp%2Fv2%2Fcomments&post=657"}],"version-history":[{"count":20,"href":"https:\/\/blog.elpuig.xeill.net\/index.php?rest_route=\/wp\/v2\/posts\/657\/revisions"}],"predecessor-version":[{"id":664,"href":"https:\/\/blog.elpuig.xeill.net\/index.php?rest_route=\/wp\/v2\/posts\/657\/revisions\/664"}],"wp:attachment":[{"href":"https:\/\/blog.elpuig.xeill.net\/index.php?rest_route=%2Fwp%2Fv2%2Fmedia&parent=657"}],"wp:term":[{"taxonomy":"category","embeddable":true,"href":"https:\/\/blog.elpuig.xeill.net\/index.php?rest_route=%2Fwp%2Fv2%2Fcategories&post=657"},{"taxonomy":"post_tag","embeddable":true,"href":"https:\/\/blog.elpuig.xeill.net\/index.php?rest_route=%2Fwp%2Fv2%2Ftags&post=657"}],"curies":[{"name":"wp","href":"https:\/\/api.w.org\/{rel}","templated":true}]}}