{"id":65,"date":"2011-10-07T16:34:08","date_gmt":"2011-10-07T14:34:08","guid":{"rendered":"http:\/\/blog.elpuig.xeill.net\/?p=65"},"modified":"2020-05-06T22:23:24","modified_gmt":"2020-05-06T20:23:24","slug":"tecnologies","status":"publish","type":"post","link":"https:\/\/blog.elpuig.xeill.net\/?p=65","title":{"rendered":"Tecnologies"},"content":{"rendered":"<p>L&#8217;expansi\u00f3 del m\u00f3n de les tecnologies de la informaci\u00f3 i la comunicaci\u00f3 continua dia a dia. Aquesta expansi\u00f3, per\u00f2, no \u00e9s uniforme ni neutra (presenta determinades fractures, per exemple, l&#8217;anomenada <a href=\"http:\/\/ca.wikipedia.org\/wiki\/Bretxa_digital\">bretxa digital<\/a>)\u00a0 ni t\u00e9 el mateix significat per a tothom.<\/p>\n<p><a href=\"http:\/\/blog.elpuig.xeill.net\/wp-content\/uploads\/2011\/10\/Wi-fi.jpg\"><img loading=\"lazy\" class=\"aligncenter size-full wp-image-385\" title=\"Wi-fi\" src=\"http:\/\/blog.elpuig.xeill.net\/wp-content\/uploads\/2011\/10\/Wi-fi.jpg\" alt=\"\" width=\"275\" height=\"183\" \/><\/a>Per aquest motiu, perqu\u00e8 hi ha molts d&#8217;interessos, punts de vista cr\u00edtics i moltes opinions diferents, obrim aquesta secci\u00f3 del blog del Puig, per contribuir al contrast, a l&#8217;aclariment i a l&#8217;intercanvi d&#8217;idees sobre les noves tecnologies.<\/p>\n","protected":false},"excerpt":{"rendered":"<p>L&#8217;expansi\u00f3 del m\u00f3n de les tecnologies de la informaci\u00f3 i la comunicaci\u00f3 continua dia a dia. Aquesta expansi\u00f3, per\u00f2, no \u00e9s uniforme ni neutra (presenta determinades fractures, per exemple, l&#8217;anomenada bretxa digital)\u00a0 ni t\u00e9 el mateix significat per a tothom. &hellip; <a href=\"https:\/\/blog.elpuig.xeill.net\/?p=65\">Continua llegint <span class=\"meta-nav\">&rarr;<\/span><\/a><\/p>\n","protected":false},"author":2,"featured_media":0,"comment_status":"open","ping_status":"open","sticky":false,"template":"","format":"standard","meta":[],"categories":[9],"tags":[377,361],"_links":{"self":[{"href":"https:\/\/blog.elpuig.xeill.net\/index.php?rest_route=\/wp\/v2\/posts\/65"}],"collection":[{"href":"https:\/\/blog.elpuig.xeill.net\/index.php?rest_route=\/wp\/v2\/posts"}],"about":[{"href":"https:\/\/blog.elpuig.xeill.net\/index.php?rest_route=\/wp\/v2\/types\/post"}],"author":[{"embeddable":true,"href":"https:\/\/blog.elpuig.xeill.net\/index.php?rest_route=\/wp\/v2\/users\/2"}],"replies":[{"embeddable":true,"href":"https:\/\/blog.elpuig.xeill.net\/index.php?rest_route=%2Fwp%2Fv2%2Fcomments&post=65"}],"version-history":[{"count":10,"href":"https:\/\/blog.elpuig.xeill.net\/index.php?rest_route=\/wp\/v2\/posts\/65\/revisions"}],"predecessor-version":[{"id":2874,"href":"https:\/\/blog.elpuig.xeill.net\/index.php?rest_route=\/wp\/v2\/posts\/65\/revisions\/2874"}],"wp:attachment":[{"href":"https:\/\/blog.elpuig.xeill.net\/index.php?rest_route=%2Fwp%2Fv2%2Fmedia&parent=65"}],"wp:term":[{"taxonomy":"category","embeddable":true,"href":"https:\/\/blog.elpuig.xeill.net\/index.php?rest_route=%2Fwp%2Fv2%2Fcategories&post=65"},{"taxonomy":"post_tag","embeddable":true,"href":"https:\/\/blog.elpuig.xeill.net\/index.php?rest_route=%2Fwp%2Fv2%2Ftags&post=65"}],"curies":[{"name":"wp","href":"https:\/\/api.w.org\/{rel}","templated":true}]}}