{"id":643,"date":"2012-04-13T18:04:42","date_gmt":"2012-04-13T16:04:42","guid":{"rendered":"http:\/\/blog.elpuig.xeill.net\/?p=643"},"modified":"2012-04-13T22:28:12","modified_gmt":"2012-04-13T20:28:12","slug":"limpacte-de-la-globalitzacio","status":"publish","type":"post","link":"https:\/\/blog.elpuig.xeill.net\/?p=643","title":{"rendered":"L&#8217;impacte de la globalitzaci\u00f3"},"content":{"rendered":"<p align=\"JUSTIFY\">La globalitzaci\u00f3 o mundialitzaci\u00f3 constitueix una nova fase del capitalisme caracteritzada per l&#8217;expansi\u00f3 de l&#8217;economia de mercat a nivell planetari, que es fa especialment visible a partir de la caiguda del mur de Berl\u00edn (1989) i la descomposici\u00f3 de l&#8217;anomenat socialisme real o comunisme.<\/p>\n<p align=\"JUSTIFY\">La globalitzaci\u00f3 ha perm\u00e8s la intensificaci\u00f3 del comer\u00e7 internacional, la mundialitzaci\u00f3 del capital i la transnacionalitzaci\u00f3 de les grans empreses \u2014aquests no s\u00f3n fen\u00f2mens nous, s\u00ed ho \u00e9s la seva magnitud i intensitat\u2014, \u00e9s a dir, ha possibilitat la creaci\u00f3 d&#8217;un mercat mundial cada cop m\u00e9s interrelacionat i articulat.<\/p>\n<p align=\"JUSTIFY\"><a href=\"http:\/\/blog.elpuig.xeill.net\/wp-content\/uploads\/2012\/04\/Globalitzaci\u00f3.jpg\"><img loading=\"lazy\" class=\"aligncenter size-medium wp-image-644\" title=\"Globalitzaci\u00f3\" src=\"http:\/\/blog.elpuig.xeill.net\/wp-content\/uploads\/2012\/04\/Globalitzaci\u00f3-300x225.jpg\" alt=\"\" width=\"300\" height=\"225\" srcset=\"https:\/\/blog.elpuig.xeill.net\/wp-content\/uploads\/2012\/04\/Globalitzaci\u00f3-300x225.jpg 300w, https:\/\/blog.elpuig.xeill.net\/wp-content\/uploads\/2012\/04\/Globalitzaci\u00f3.jpg 380w\" sizes=\"(max-width: 300px) 100vw, 300px\" \/><\/a>La globalitzaci\u00f3 s&#8217;ha vist afavorida pel canvi de paradigma econ\u00f2mic, que ha q\u00fcestionat la intervenci\u00f3 de l&#8217;Estat en l&#8217;economia, \u00e9s a dir, les pol\u00edtiques keynesianes, les quals han estat substitu\u00efdes per altres teories que propugnen una visi\u00f3 actualitzada del liberalisme econ\u00f2mic d&#8217;Adam Smith: l&#8217;exaltaci\u00f3 de les bondats de l&#8217;economia de mercat, definida no solament com el sistema m\u00e9s efica\u00e7 d&#8217;assignaci\u00f3 de recursos i de producci\u00f3 de b\u00e9ns i serveis, sin\u00f3 l&#8217;\u00fanica via de creixement econ\u00f2mic i d&#8217;increment de la renda nacional. Aquest paradigma ha comportat tamb\u00e9 la creen\u00e7a que el sector privat gestiona m\u00e9s efica\u00e7ment els recursos que el sector p\u00fablic, fet que ha condu\u00eft a la reducci\u00f3 progressiva de la intervenci\u00f3 de l&#8217;Estat en l&#8217;economia, fins a la seva redu\u00efda expressi\u00f3 actual, l&#8217;Estat m\u00ednim.<\/p>\n<p align=\"JUSTIFY\">Aquest canvi de paradigma ha propiciat la liberalitzaci\u00f3 del comer\u00e7 i la lliure circulaci\u00f3 del capital financer, mitjan\u00e7ant l&#8217;eliminaci\u00f3 progressiva dels aranzels o de tots aquells entrebancs jur\u00eddics que impossibilitessin aquest objectiu.<\/p>\n<p align=\"JUSTIFY\">La mundialitzaci\u00f3 tamb\u00e9 ha comportat la transnacionalitzaci\u00f3 de les empreses a zones del planeta anteriorment no industrialitzades, una transnacionalitzaci\u00f3 que t\u00e9 com a objectiu l&#8217;increment dels beneficis empresarials mitjan\u00e7ant la reducci\u00f3 de costos (salarials, ambientals, etc.) i\/o d&#8217;impostos. La globalitzaci\u00f3 ha reordenat el mapa industrial a nivell planetari, fent desapar\u00e8ixer progressivament algunes ind\u00fastries emblem\u00e0tiques del primer m\u00f3n (t\u00e8xtil, confecci\u00f3, l&#8217;autom\u00f2bil, etc.), i creant pols de desenvolupament als anomenats pa\u00efsos emergents.<\/p>\n<p align=\"JUSTIFY\"><a href=\"http:\/\/blog.elpuig.xeill.net\/wp-content\/uploads\/2012\/04\/Deslocalitzaci\u00f3.jpg\"><img loading=\"lazy\" class=\"aligncenter size-full wp-image-645\" title=\"Deslocalitzaci\u00f3\" src=\"http:\/\/blog.elpuig.xeill.net\/wp-content\/uploads\/2012\/04\/Deslocalitzaci\u00f3.jpg\" alt=\"\" width=\"240\" height=\"172\" \/><\/a>La mundialitzaci\u00f3 de l&#8217;economia no hagu\u00e9s estat possible sense altres fen\u00f2mens paral\u00b7lels:<\/p>\n<p align=\"JUSTIFY\">a) L&#8217;abaratiment progressiu del transport, que ha perm\u00e8s fer competititus molts productes elaborats en zones llunyanes.<\/p>\n<p align=\"JUSTIFY\">b) Les noves tecnologies de la informaci\u00f3 i la comunicaci\u00f3 (TICs) que permeten als agents econ\u00f2mics la interconnexi\u00f3 a temps real a nivell mundial, facilitant tot tipus d&#8217;intercanvis; b\u00e9ns, serveis, circulaci\u00f3 de capitals, inversions, informaci\u00f3 i coneixement.<\/p>\n<p align=\"JUSTIFY\">La globalitzaci\u00f3 ha comportat la creen\u00e7a que el lliure mercat, la \u201cm\u00e0 invisible\u201d, podia garantir a la llarga la prosperitat del planeta i dels seus ciutadans. \u00c9s per aix\u00f2 que tots els pa\u00efsos havien d&#8217;obrir les seves fronteres, atraure la inversi\u00f3 estrangera, possibilitar les exportacions, permetre a les empreses d&#8217;altres pa\u00efsos la seva instal\u00b7laci\u00f3, aconseguint que \u00e0mplies zones del m\u00f3n s&#8217;industrialitzessin, mitjan\u00e7ant la captaci\u00f3 de nous capitals i la transfer\u00e8ncia de tecnologia. La pres\u00e8ncia de pols de desenvolupament i l&#8217;aparici\u00f3 d&#8217;\u00e8lits pr\u00f2speres en aquestes regions m\u00e9s pobres propiciaria una \u201ccascada de riquesa\u201d que arribaria fins i tot a les classes menys afavorides.<\/p>\n<p align=\"JUSTIFY\">En resum, la globalitzaci\u00f3 se&#8217;ns est\u00e0 transmetent com la millor eina de desenvolupament i prosperitat mundial, sempre i quan tots els pa\u00efsos estableixin pol\u00edtiques adequades per aconseguir aquestes metes. Aquest conjunt de mesures es coneixen com pol\u00edtiques d&#8217;estabilitat, o Consens de Washington, tamb\u00e9 com pol\u00edtiques neoliberals, i han estat propiciades pel FMI, el BM, el G-7 o l&#8217;OCDE.<\/p>\n<p align=\"JUSTIFY\">Aquestes pol\u00edtiques han comportat reajustaments pressupostaris en tots els pa\u00efsos desenvolupats, tendents a reduir el seu d\u00e8ficit i el deute p\u00fablic, privatitzant les empreses p\u00fabliques no deficit\u00e0ries, fins arribar al pressupost zero, sense oblidar el desenvolupament de pol\u00edtiques de control de la inflaci\u00f3 i d&#8217;estabilitat monet\u00e0ria.<\/p>\n<p align=\"JUSTIFY\">M\u00e9s dr\u00e0stiques han estat les mesures pressupost\u00e0ries que han hagut d&#8217;adoptar els pa\u00efsos del Sud, ofegats pel seu deute extern, i amb resultats molt desiguals.<\/p>\n<p align=\"JUSTIFY\">Ara b\u00e9, un cop descrits els canvis que s&#8217;han produ\u00eft com a conseq\u00fc\u00e8ncia de la globalitzaci\u00f3, haur\u00edem d&#8217;analitzar com ens afecten.<\/p>\n<p align=\"JUSTIFY\">En primer lloc, cal afirmar que els efectes de la mundialitzaci\u00f3 econ\u00f2mica no s\u00f3n iguals per a totes les \u00e0rees del m\u00f3n. En termes macroecon\u00f2mics, tenint en compte exclusivament el PIB, el planeta presenta grans desigualtats, ja qu\u00e8 si b\u00e9 \u00e9s cert que s&#8217;han assolit alts nivells de creixement a EEUU, Europa, Jap\u00f3 i als pa\u00efsos emergents, especialment a l&#8217;\u00cdndia i a Xina, tamb\u00e9 \u00e9s cert que una part del planeta, l&#8217;\u00c0frica subsahariana, per exemple, no participa d&#8217;aquesta pretesa prosperitat. Podr\u00edem afirmar, aleshores, que la mundialitzaci\u00f3 no \u00e9s bona per a tothom.<\/p>\n<p align=\"JUSTIFY\"><a href=\"http:\/\/blog.elpuig.xeill.net\/wp-content\/uploads\/2012\/04\/Pa\u00efsos-emergents.jpg\"><img loading=\"lazy\" class=\"aligncenter size-full wp-image-646\" title=\"Pa\u00efsos emergents\" src=\"http:\/\/blog.elpuig.xeill.net\/wp-content\/uploads\/2012\/04\/Pa\u00efsos-emergents.jpg\" alt=\"\" width=\"266\" height=\"190\" \/><\/a>Els efectes en els pa\u00efsos desenvolupats tenen caracter\u00edstiques i manifestacions pr\u00f2pies. Un dels efectes que es poden observar, i que ha estat ben diagnosticat per soci\u00f2legs i polit\u00f2legs, \u00e9s la crisi de l&#8217;Estat Naci\u00f3, at\u00e8s que est\u00e0 perdent efectivitat i legitimitat.<\/p>\n<p align=\"JUSTIFY\">L&#8217;Estat davant de la mundialitzaci\u00f3 econ\u00f2mica es mostra incapa\u00e7 de solucionar els problemes globals, aquells que transcendeixen a les seves fronteres i que escapen a la seva jurisdicci\u00f3. Tot i que la crisi de l&#8217;Estat tutelar \u00e9s anterior a la mundialitzaci\u00f3 de l&#8217;economia i es fa visible a partir de la crisi del petroli (1973), aquesta no ha fet sin\u00f3 accelerar-la. Com diu Ulrich Beck (<em>Qu\u00e8 \u00e9s la globalitzaci\u00f3?<\/em>), \u201cel nucli ideol\u00f2gic del globalisme consisteix sobretot en acabar amb les distincions fonamentals de la primera modernitat, \u00e9s a dir, l&#8217;existent entre pol\u00edtica i economia. L&#8217;\u00e0rea principal de la pol\u00edtica \u2014la delimitaci\u00f3 dels marcs jur\u00eddics, socials i ecol\u00f2gics dins dels quals el fet econ\u00f2mic \u00e9s possible i leg\u00edtim socialment, s&#8217;amaga o s&#8217;aliena\u201d. Aix\u00ed, la globalitzaci\u00f3 econ\u00f2mica com ideologia del domini del mercat mundial, del liberalisme, en alienar les decisions econ\u00f2miques al lliure mercat, i no l&#8217;Estat, comporta la progressiva deslegitimizatci\u00f3 pol\u00edtica d&#8217;aquest davant la ciutadania.<\/p>\n<p align=\"JUSTIFY\"><a href=\"http:\/\/blog.elpuig.xeill.net\/wp-content\/uploads\/2012\/04\/Ulrich-Beck.jpg\"><img loading=\"lazy\" class=\"aligncenter size-full wp-image-647\" title=\"Ulrich Beck\" src=\"http:\/\/blog.elpuig.xeill.net\/wp-content\/uploads\/2012\/04\/Ulrich-Beck.jpg\" alt=\"\" width=\"185\" height=\"272\" \/><\/a>L&#8217;Estat es mostra incapa\u00e7 de solucionar alguns dels problemes que l&#8217;afecten, com la p\u00e8rdua de llocs de treball per la deslocalitzaci\u00f3 industrial; la precaritzaci\u00f3 laboral en amplis sectors de la poblaci\u00f3 menys formada; la impossibilitat d&#8217;accedir a una vivenda digna pels preus del mercat immobiliari; la inseguretat provocada per la globalitzaci\u00f3 del terrorisme o la insufici\u00e8ncia d&#8217;ajuts socials per a tots els col\u00b7lectius amb rendes baixes, especialment amb l&#8217;arribada d&#8217;immigrants, inicialment molt m\u00e9s febles.<\/p>\n<p align=\"JUSTIFY\">Tot aix\u00f2 ha minat les bases del contracte sobre el que s&#8217;assentava l&#8217;Estat Naci\u00f3, un contracte social i pol\u00edtic mitjan\u00e7ant el qual cada persona cedia a l&#8217;Estat part dels seus drets per poder-los exercir col\u00b7lectivament com a ciutad\u00e0 en benefici de l&#8217;inter\u00e8s general. Una de les conseq\u00fc\u00e8ncies m\u00e9s evidents \u00e9s la deslegitimitat de l&#8217;Estat, que s&#8217;est\u00e0 traduint en una p\u00e8rdua de credibilitat de les institucions pol\u00edtiques i dels partits que les governen.<\/p>\n<p align=\"JUSTIFY\">La desafecci\u00f3 dels ciutadans de la pol\u00edtica, m\u00e9s ben dit de la seva \u201cclasse pol\u00edtica\u201d, \u00e9s deu, en bona part, a la seva impossibilitat per poder resoldre tots els problemes de les persones a les que representen i han de servir. No \u00e9s alinea aquesta deslegitimitzaci\u00f3 a l&#8217;exist\u00e8ncia d&#8217;un Estat cada cop m\u00e9s a remolc de les decisions d&#8217;institucions globals com el FMI, BM, OMC i BCE, entre d&#8217;altres, per altra banda amb grans d\u00e8ficits de representativitat democr\u00e0tica.<\/p>\n<p align=\"JUSTIFY\">En resum, una desafecci\u00f3 provocada per la percepci\u00f3 d&#8217;una ciutadania que no veu ja, a l&#8217;Estat com sostenidor de la seva seguretat i benestar.<\/p>\n<p align=\"JUSTIFY\">La segona gran conseq\u00fc\u00e8ncia de la mundialitzaci\u00f3 econ\u00f2mica \u00e9s la redistribuci\u00f3 de les activitats econ\u00f2miques a escala planet\u00e0ria, distribuint poder i riquesa segons nous par\u00e0metres socioecon\u00f2mics. Si b\u00e9 fins ara, el m\u00f3n es podia dividir entre pa\u00efsos rics i pobres, desenvolupats o subdesenvolupats, entre el Nord i el Sud, l&#8217;aparici\u00f3 de nodes metropolitans estrat\u00e8gics en diferents punts del planeta, gr\u00e0cies a la relocalitzaci\u00f3 del capital i les activitats productives a nivell mundial, estan creant una neoburgesia que conviu amb capes de desheretats als pa\u00efsos emergents, per\u00f2 tamb\u00e9 un Quart M\u00f3n als pa\u00efsos rics.<\/p>\n<p align=\"JUSTIFY\"><a href=\"http:\/\/blog.elpuig.xeill.net\/wp-content\/uploads\/2012\/04\/Quart-m\u00f3n.jpg\"><img loading=\"lazy\" class=\"aligncenter size-full wp-image-648\" title=\"Quart m\u00f3n\" src=\"http:\/\/blog.elpuig.xeill.net\/wp-content\/uploads\/2012\/04\/Quart-m\u00f3n.jpg\" alt=\"\" width=\"275\" height=\"183\" \/><\/a>Actualment s&#8217;estan produint canvis en l&#8217;ocupaci\u00f3 i en les relacions capital-treball que estan afectant a la segmentaci\u00f3 social dels pa\u00efsos i regions implicades. Si b\u00e9 hi ha zones en declivi en termes d&#8217;activitat econ\u00f2mica i ocupaci\u00f3, altres noves neixen com a conseq\u00fc\u00e8ncia de la deslocalitzaci\u00f3 i dels moviments del capital.<\/p>\n<p align=\"JUSTIFY\">Aquests canvis serien menys traum\u00e0tics si no estiguessin acompanyats per la precaritzaci\u00f3 laboral i la reducci\u00f3 de la protecci\u00f3 social que s&#8217;observa als pa\u00efsos desenvolupats, on amplis sectors de la poblaci\u00f3 no poden competir amb els baixos salaris i rendes dels pa\u00efsos subdesenvolupats. Aquest atur estructural no pot ser f\u00e0cilment integrat al mercat laboral actual.<\/p>\n<p align=\"JUSTIFY\"><a href=\"http:\/\/blog.elpuig.xeill.net\/wp-content\/uploads\/2012\/04\/Precaritzaci\u00f3-laboral.jpg\"><img loading=\"lazy\" class=\"aligncenter size-full wp-image-649\" title=\"Precaritzaci\u00f3 laboral\" src=\"http:\/\/blog.elpuig.xeill.net\/wp-content\/uploads\/2012\/04\/Precaritzaci\u00f3-laboral.jpg\" alt=\"\" width=\"284\" height=\"177\" \/><\/a>Per una altra banda, la globalitzaci\u00f3 tampoc est\u00e0 generant prosperitat a grans espais geogr\u00e0fics, concentrant-se una part de la mis\u00e8ria en determinades regions del planeta, constituint la immigraci\u00f3 als pa\u00efsos rics la seva \u00fanica soluci\u00f3 de superviv\u00e8ncia. Una emigraci\u00f3 que en \u00e8poques recessives i amb un increment de l&#8217;atur pot generar tensions socials que caldr\u00e0 gestionar.<\/p>\n<p align=\"RIGHT\">Gemma Garc\u00eda Fuertes<\/p>\n","protected":false},"excerpt":{"rendered":"<p>La globalitzaci\u00f3 o mundialitzaci\u00f3 constitueix una nova fase del capitalisme caracteritzada per l&#8217;expansi\u00f3 de l&#8217;economia de mercat a nivell planetari, que es fa especialment visible a partir de la caiguda del mur de Berl\u00edn (1989) i la descomposici\u00f3 de l&#8217;anomenat &hellip; <a href=\"https:\/\/blog.elpuig.xeill.net\/?p=643\">Continua llegint <span class=\"meta-nav\">&rarr;<\/span><\/a><\/p>\n","protected":false},"author":2,"featured_media":0,"comment_status":"open","ping_status":"open","sticky":false,"template":"","format":"standard","meta":[],"categories":[41,66,42,33,40],"tags":[77],"_links":{"self":[{"href":"https:\/\/blog.elpuig.xeill.net\/index.php?rest_route=\/wp\/v2\/posts\/643"}],"collection":[{"href":"https:\/\/blog.elpuig.xeill.net\/index.php?rest_route=\/wp\/v2\/posts"}],"about":[{"href":"https:\/\/blog.elpuig.xeill.net\/index.php?rest_route=\/wp\/v2\/types\/post"}],"author":[{"embeddable":true,"href":"https:\/\/blog.elpuig.xeill.net\/index.php?rest_route=\/wp\/v2\/users\/2"}],"replies":[{"embeddable":true,"href":"https:\/\/blog.elpuig.xeill.net\/index.php?rest_route=%2Fwp%2Fv2%2Fcomments&post=643"}],"version-history":[{"count":4,"href":"https:\/\/blog.elpuig.xeill.net\/index.php?rest_route=\/wp\/v2\/posts\/643\/revisions"}],"predecessor-version":[{"id":653,"href":"https:\/\/blog.elpuig.xeill.net\/index.php?rest_route=\/wp\/v2\/posts\/643\/revisions\/653"}],"wp:attachment":[{"href":"https:\/\/blog.elpuig.xeill.net\/index.php?rest_route=%2Fwp%2Fv2%2Fmedia&parent=643"}],"wp:term":[{"taxonomy":"category","embeddable":true,"href":"https:\/\/blog.elpuig.xeill.net\/index.php?rest_route=%2Fwp%2Fv2%2Fcategories&post=643"},{"taxonomy":"post_tag","embeddable":true,"href":"https:\/\/blog.elpuig.xeill.net\/index.php?rest_route=%2Fwp%2Fv2%2Ftags&post=643"}],"curies":[{"name":"wp","href":"https:\/\/api.w.org\/{rel}","templated":true}]}}