{"id":632,"date":"2012-04-12T21:27:05","date_gmt":"2012-04-12T19:27:05","guid":{"rendered":"http:\/\/blog.elpuig.xeill.net\/?p=632"},"modified":"2020-05-06T19:32:47","modified_gmt":"2020-05-06T17:32:47","slug":"petites-investigacions","status":"publish","type":"post","link":"https:\/\/blog.elpuig.xeill.net\/?p=632","title":{"rendered":"Petites investigacions"},"content":{"rendered":"<p align=\"JUSTIFY\">\u00a0Al llarg del 2n trimestre, els alumnes de 1r d&#8217;ESO del nostre institut han estat realitzant el cr\u00e8dit de recerca, una f\u00f2rmula adient per desenvolupar diferents compet\u00e8ncies b\u00e0siques (comunicatives, metodol\u00f2giques, personals i socials). En grups de dos o tres i no individualment (per estimular l&#8217;esperit de cooperaci\u00f3 i fomentar el treball en equip), van triar un tema dels proposats pels professors orientadors, van fer un gui\u00f3 sobre el pla de treball (per desenvolupar la capacitat de planificaci\u00f3 a mig termini), van anar documentant-se gradualment i van mantenir reunions peri\u00f2diques de seguiment amb el seu tutor del projecte abans d&#8217;escriure l&#8217;informe final i de presentar-lo i de fer-ne un resum explicatiu oral davant d&#8217;un tribunal format per la tutora i altres professors el darrer dia del trimestre (el 30 de mar\u00e7).<\/p>\n<p align=\"JUSTIFY\"><a href=\"http:\/\/blog.elpuig.xeill.net\/wp-content\/uploads\/2012\/04\/Compet\u00e8ncies-b\u00e0siques.jpg\"><img loading=\"lazy\" class=\"aligncenter size-medium wp-image-633\" title=\"Compet\u00e8ncies b\u00e0siques\" src=\"http:\/\/blog.elpuig.xeill.net\/wp-content\/uploads\/2012\/04\/Compet\u00e8ncies-b\u00e0siques-300x178.jpg\" alt=\"\" width=\"300\" height=\"178\" srcset=\"https:\/\/blog.elpuig.xeill.net\/wp-content\/uploads\/2012\/04\/Compet\u00e8ncies-b\u00e0siques-300x178.jpg 300w, https:\/\/blog.elpuig.xeill.net\/wp-content\/uploads\/2012\/04\/Compet\u00e8ncies-b\u00e0siques.jpg 461w\" sizes=\"(max-width: 300px) 100vw, 300px\" \/><\/a><\/p>\n<p align=\"JUSTIFY\">Els alumnes han apr\u00e8s que fer una investigaci\u00f3, per petita que sigui, requereix una actitud de curiositat envers el m\u00f3n i una voluntat d&#8217;aprendre, a m\u00e9s d&#8217;una certa disciplina i autonomia per buscar informaci\u00f3 (en llibres, revistes, p\u00e0gines web, treball de camp, etc.) i una capacitat per seleccionar els continguts m\u00e9s interessants relacionats amb el projecte. I en aquest sentit, pel que vam veure, molts equips han sorpr\u00e8s als seus professors per la seva imaginaci\u00f3 per relacionar conceptes i pel seu domini de les noves eines tecnol\u00f2giques per la recerca i la reproducci\u00f3 de continguts.<\/p>\n<p align=\"JUSTIFY\"><a href=\"http:\/\/blog.elpuig.xeill.net\/wp-content\/uploads\/2012\/04\/Petites-investigacions.jpg\"><img loading=\"lazy\" class=\"aligncenter size-full wp-image-634\" title=\"Petites investigacions\" src=\"http:\/\/blog.elpuig.xeill.net\/wp-content\/uploads\/2012\/04\/Petites-investigacions.jpg\" alt=\"\" width=\"287\" height=\"176\" \/><\/a>Ara, un cop passada l&#8217;experi\u00e8ncia, perqu\u00e8 els visitants d&#8217;aquest bloc puguin saber sobre quins temes han investigat i quins han estat els reptes als que han hagut d&#8217;haver-se enfrontat, els demanem que ens expliquin la seva recerca, la seva descoberta i el que els ha resultat m\u00e9s estimulant i engrescador d&#8217;aquesta activitat.<\/p>\n","protected":false},"excerpt":{"rendered":"<p>\u00a0Al llarg del 2n trimestre, els alumnes de 1r d&#8217;ESO del nostre institut han estat realitzant el cr\u00e8dit de recerca, una f\u00f2rmula adient per desenvolupar diferents compet\u00e8ncies b\u00e0siques (comunicatives, metodol\u00f2giques, personals i socials). En grups de dos o tres i &hellip; <a href=\"https:\/\/blog.elpuig.xeill.net\/?p=632\">Continua llegint <span class=\"meta-nav\">&rarr;<\/span><\/a><\/p>\n","protected":false},"author":2,"featured_media":0,"comment_status":"open","ping_status":"open","sticky":false,"template":"","format":"standard","meta":[],"categories":[125],"tags":[75,76],"_links":{"self":[{"href":"https:\/\/blog.elpuig.xeill.net\/index.php?rest_route=\/wp\/v2\/posts\/632"}],"collection":[{"href":"https:\/\/blog.elpuig.xeill.net\/index.php?rest_route=\/wp\/v2\/posts"}],"about":[{"href":"https:\/\/blog.elpuig.xeill.net\/index.php?rest_route=\/wp\/v2\/types\/post"}],"author":[{"embeddable":true,"href":"https:\/\/blog.elpuig.xeill.net\/index.php?rest_route=\/wp\/v2\/users\/2"}],"replies":[{"embeddable":true,"href":"https:\/\/blog.elpuig.xeill.net\/index.php?rest_route=%2Fwp%2Fv2%2Fcomments&post=632"}],"version-history":[{"count":10,"href":"https:\/\/blog.elpuig.xeill.net\/index.php?rest_route=\/wp\/v2\/posts\/632\/revisions"}],"predecessor-version":[{"id":2845,"href":"https:\/\/blog.elpuig.xeill.net\/index.php?rest_route=\/wp\/v2\/posts\/632\/revisions\/2845"}],"wp:attachment":[{"href":"https:\/\/blog.elpuig.xeill.net\/index.php?rest_route=%2Fwp%2Fv2%2Fmedia&parent=632"}],"wp:term":[{"taxonomy":"category","embeddable":true,"href":"https:\/\/blog.elpuig.xeill.net\/index.php?rest_route=%2Fwp%2Fv2%2Fcategories&post=632"},{"taxonomy":"post_tag","embeddable":true,"href":"https:\/\/blog.elpuig.xeill.net\/index.php?rest_route=%2Fwp%2Fv2%2Ftags&post=632"}],"curies":[{"name":"wp","href":"https:\/\/api.w.org\/{rel}","templated":true}]}}