{"id":607,"date":"2012-03-27T21:13:20","date_gmt":"2012-03-27T19:13:20","guid":{"rendered":"http:\/\/blog.elpuig.xeill.net\/?p=607"},"modified":"2012-04-09T18:28:59","modified_gmt":"2012-04-09T16:28:59","slug":"el-parlament-de-catalunya","status":"publish","type":"post","link":"https:\/\/blog.elpuig.xeill.net\/?p=607","title":{"rendered":"El Parlament de Catalunya"},"content":{"rendered":"<p>Els dies 26 i 27 de mar\u00e7, amb els grups de 4t de l&#8217;institut, hem visitat el Parlament de Catalunya. L\u2019any 1978 es va aprovar la Constituci\u00f3 espanyola i l\u2019any 1979, l\u2019Estatut d\u2019autonomia, que va restablir la instituci\u00f3 de la Generalitat i amb ella el funcionament de nou del Parlament i el Govern de Catalunya. Les primeres eleccions per a elegir els diputats del Parlament restablert, representants del poble catal\u00e0, es van fer el 20 de mar\u00e7 de 1980, i el 10 d\u2019abril el Parlament va celebrar la primera sessi\u00f3.<\/p>\n<p><a href=\"http:\/\/blog.elpuig.xeill.net\/wp-content\/uploads\/2012\/03\/El-Parlament-de-Catalunya.jpg\"><img loading=\"lazy\" class=\"aligncenter size-full wp-image-608\" title=\"El Parlament de Catalunya\" src=\"http:\/\/blog.elpuig.xeill.net\/wp-content\/uploads\/2012\/03\/El-Parlament-de-Catalunya.jpg\" alt=\"\" width=\"259\" height=\"194\" \/><\/a>Des de llavors s\u2019han fet eleccions de diputats nou vegades. Cada periode entre unes eleccions i les altres s\u2019anomena legislatura. Ara som a la IX legislatura.<\/p>\n<p><a href=\"http:\/\/blog.elpuig.xeill.net\/wp-content\/uploads\/2012\/03\/Interior-del-Parlament.jpg\"><img loading=\"lazy\" class=\"aligncenter size-full wp-image-609\" title=\"Interior del Parlament\" src=\"http:\/\/blog.elpuig.xeill.net\/wp-content\/uploads\/2012\/03\/Interior-del-Parlament.jpg\" alt=\"\" width=\"259\" height=\"194\" \/><\/a>La presidenta actual del Parlament \u00e9s la Sra. N\u00faria de Gispert i Catal\u00e0, i est\u00e0 al capdavant dels 135 diputats que conformen el Parlament. Els partits pol\u00edtics que ultrapassen el 3 per cent dels vots hi estan representats. Aquesta legislatura el partit m\u00e9s votat ha estat Converg\u00e8ncia i Uni\u00f3 i aquesta coalici\u00f3 va a proposar el Sr. Artur Mas com a President del Govern actual, qui va ser investit com el 129\u00e8 President de la Generalitat de Catalunya el 23 de desembre de 2010. Altres partits representats de m\u00e9s a menys escons s\u00f3n el Partit dels Socialistes de Catalunya, el Partit Popular, Iniciativa-Els Verds per Catalunya, Esquerra Republicana de Catalunya, Solidaritat per la Independ\u00e8ncia i Ciutadans.<\/p>\n<p>Som set milions i mig de catalans i, naturalment, no podem anar tots al Parlament per decidir el nostre <strong>futur. <\/strong>\u00c9s per aix\u00f2 que cada quatre anys els ciutadans de Catalunya majors d\u2019edat tenim la responsabilitat d\u2019escollir els nostres representants. Les eleccions s\u00f3n democr\u00e0tiques i representatives i aquest fet comporta que el vot sigui lliure, universal, directe, igual i secret.<\/p>\n<p>En aquest punt us demano amb energia, sobretot als alumnes de 4t, que participeu amb els vostres escrits per tal de saber qu\u00e8 heu apr\u00e8s amb aquesta visita i demanar la vostra cr\u00f2nica d\u2019aquesta activitat que, si m\u00e9s no, ens ha fet reflexionar sobre el nostre futur i la nostra responsabilitat com a ciutadans per a la construcci\u00f3 d\u2019una societat cada cop m\u00e9s justa i m\u00e9s lliure amb la participaci\u00f3 activa de cadascun de nosaltres. \u00c0nim, i escriviu la cr\u00f3nica d\u2019aquesta sortida, el que us ha sobtat m\u00e9s, la hist\u00f2ria de la instituci\u00f3, de les seves activitats, l\u2019edifici, les vostres fotos i la vostra impressi\u00f3\u2026 Esperem les vostres col\u00b7laboracions.<\/p>\n<p>Moltes gr\u00e0cies per haver aprofitat tan b\u00e9 aquesta sortida durant la qual hem tingut la complicitat d&#8217;una primavera incipient, entusiasta, optimista i aclaparadora de sol i de bones vibracions. I sapigueu que hem estat felicitats els quatre grups de quart pel vostre comportament i l&#8217;inter\u00e8s que heu tingut durant la visita per part de les persones que tan amablement ens han rebut al Parlament de Catalunya. Endavant.<\/p>\n<p style=\"text-align: right;\">Josep Llu\u00eds Budr\u00eda<\/p>\n<p>&nbsp;<\/p>\n","protected":false},"excerpt":{"rendered":"<p>Els dies 26 i 27 de mar\u00e7, amb els grups de 4t de l&#8217;institut, hem visitat el Parlament de Catalunya. L\u2019any 1978 es va aprovar la Constituci\u00f3 espanyola i l\u2019any 1979, l\u2019Estatut d\u2019autonomia, que va restablir la instituci\u00f3 de la &hellip; <a href=\"https:\/\/blog.elpuig.xeill.net\/?p=607\">Continua llegint <span class=\"meta-nav\">&rarr;<\/span><\/a><\/p>\n","protected":false},"author":2,"featured_media":0,"comment_status":"open","ping_status":"open","sticky":false,"template":"","format":"standard","meta":[],"categories":[23,42],"tags":[70,69],"_links":{"self":[{"href":"https:\/\/blog.elpuig.xeill.net\/index.php?rest_route=\/wp\/v2\/posts\/607"}],"collection":[{"href":"https:\/\/blog.elpuig.xeill.net\/index.php?rest_route=\/wp\/v2\/posts"}],"about":[{"href":"https:\/\/blog.elpuig.xeill.net\/index.php?rest_route=\/wp\/v2\/types\/post"}],"author":[{"embeddable":true,"href":"https:\/\/blog.elpuig.xeill.net\/index.php?rest_route=\/wp\/v2\/users\/2"}],"replies":[{"embeddable":true,"href":"https:\/\/blog.elpuig.xeill.net\/index.php?rest_route=%2Fwp%2Fv2%2Fcomments&post=607"}],"version-history":[{"count":6,"href":"https:\/\/blog.elpuig.xeill.net\/index.php?rest_route=\/wp\/v2\/posts\/607\/revisions"}],"predecessor-version":[{"id":611,"href":"https:\/\/blog.elpuig.xeill.net\/index.php?rest_route=\/wp\/v2\/posts\/607\/revisions\/611"}],"wp:attachment":[{"href":"https:\/\/blog.elpuig.xeill.net\/index.php?rest_route=%2Fwp%2Fv2%2Fmedia&parent=607"}],"wp:term":[{"taxonomy":"category","embeddable":true,"href":"https:\/\/blog.elpuig.xeill.net\/index.php?rest_route=%2Fwp%2Fv2%2Fcategories&post=607"},{"taxonomy":"post_tag","embeddable":true,"href":"https:\/\/blog.elpuig.xeill.net\/index.php?rest_route=%2Fwp%2Fv2%2Ftags&post=607"}],"curies":[{"name":"wp","href":"https:\/\/api.w.org\/{rel}","templated":true}]}}