{"id":59,"date":"2011-10-05T19:44:10","date_gmt":"2011-10-05T17:44:10","guid":{"rendered":"http:\/\/blog.elpuig.xeill.net\/?p=59"},"modified":"2020-05-06T22:24:18","modified_gmt":"2020-05-06T20:24:18","slug":"quina-musica","status":"publish","type":"post","link":"https:\/\/blog.elpuig.xeill.net\/?p=59","title":{"rendered":"Quina m\u00fasica&#8230;?"},"content":{"rendered":"<p>Quina m\u00fasica no et cansaries mai de sentir? Quina \u00e9s la teva m\u00fasica preferida? Quina \u00e9s, diries, la m\u00fasica de la teva \u00e0nima? Creus que cada m\u00fasica t\u00e9 el seu moment i que cada moment t\u00e9 la seva m\u00fasica?&#8230;<a href=\"http:\/\/blog.elpuig.xeill.net\/wp-content\/uploads\/2011\/10\/M\u00fasica.jpg\"><img loading=\"lazy\" class=\"aligncenter size-full wp-image-388\" title=\"M\u00fasica\" src=\"http:\/\/blog.elpuig.xeill.net\/wp-content\/uploads\/2011\/10\/M\u00fasica.jpg\" alt=\"\" width=\"259\" height=\"194\" \/><\/a>Quina m\u00fasica o quin ritme hi posaries a aquest moment de la teva vida? Tu tens la paraula&#8230;<\/p>\n","protected":false},"excerpt":{"rendered":"<p>Quina m\u00fasica no et cansaries mai de sentir? Quina \u00e9s la teva m\u00fasica preferida? Quina \u00e9s, diries, la m\u00fasica de la teva \u00e0nima? Creus que cada m\u00fasica t\u00e9 el seu moment i que cada moment t\u00e9 la seva m\u00fasica?&#8230;Quina m\u00fasica &hellip; <a href=\"https:\/\/blog.elpuig.xeill.net\/?p=59\">Continua llegint <span class=\"meta-nav\">&rarr;<\/span><\/a><\/p>\n","protected":false},"author":2,"featured_media":0,"comment_status":"open","ping_status":"open","sticky":false,"template":"","format":"standard","meta":[],"categories":[10],"tags":[113],"_links":{"self":[{"href":"https:\/\/blog.elpuig.xeill.net\/index.php?rest_route=\/wp\/v2\/posts\/59"}],"collection":[{"href":"https:\/\/blog.elpuig.xeill.net\/index.php?rest_route=\/wp\/v2\/posts"}],"about":[{"href":"https:\/\/blog.elpuig.xeill.net\/index.php?rest_route=\/wp\/v2\/types\/post"}],"author":[{"embeddable":true,"href":"https:\/\/blog.elpuig.xeill.net\/index.php?rest_route=\/wp\/v2\/users\/2"}],"replies":[{"embeddable":true,"href":"https:\/\/blog.elpuig.xeill.net\/index.php?rest_route=%2Fwp%2Fv2%2Fcomments&post=59"}],"version-history":[{"count":7,"href":"https:\/\/blog.elpuig.xeill.net\/index.php?rest_route=\/wp\/v2\/posts\/59\/revisions"}],"predecessor-version":[{"id":2875,"href":"https:\/\/blog.elpuig.xeill.net\/index.php?rest_route=\/wp\/v2\/posts\/59\/revisions\/2875"}],"wp:attachment":[{"href":"https:\/\/blog.elpuig.xeill.net\/index.php?rest_route=%2Fwp%2Fv2%2Fmedia&parent=59"}],"wp:term":[{"taxonomy":"category","embeddable":true,"href":"https:\/\/blog.elpuig.xeill.net\/index.php?rest_route=%2Fwp%2Fv2%2Fcategories&post=59"},{"taxonomy":"post_tag","embeddable":true,"href":"https:\/\/blog.elpuig.xeill.net\/index.php?rest_route=%2Fwp%2Fv2%2Ftags&post=59"}],"curies":[{"name":"wp","href":"https:\/\/api.w.org\/{rel}","templated":true}]}}