{"id":552,"date":"2012-03-16T10:56:12","date_gmt":"2012-03-16T08:56:12","guid":{"rendered":"http:\/\/blog.elpuig.xeill.net\/?p=552"},"modified":"2012-03-18T19:42:53","modified_gmt":"2012-03-18T17:42:53","slug":"patinatge-sobre-gel","status":"publish","type":"post","link":"https:\/\/blog.elpuig.xeill.net\/?p=552","title":{"rendered":"Patinatge sobre gel"},"content":{"rendered":"<p align=\"JUSTIFY\">Aquest curs, com cada any, ahir, 15 de mar\u00e7 de 2012, el Departament d&#8217;Educaci\u00f3 F\u00edsica del nostre institut va organitzar una sortida de l&#8217;alumnat de 1r i 2n d&#8217;ESOa l&#8217;Skating de Barcelona per patinar sobre gel. Durant tot el mat\u00ed, vam fer un exercici que desenvolupa unes qualitats f\u00edsiques (flexibilitat, for\u00e7a, velocitat&#8230;), unes habilitats motrius (girs, despla\u00e7aments&#8230;) i unes qualitats psicomotrius (equilibri, agilitat, coordinaci\u00f3), en un espai fora de l&#8217;\u00e0mbit de l&#8217;institut. A banda d&#8217;\u00e9sser un exercici f\u00edsic molt complet i alhora dif\u00edcil, \u00e9s una activitat que pot\u00e8ncia la superaci\u00f3 personal enfront una activitat f\u00edsica poc habitual, permet gaudir del patinatge amb companys i ens proporciona un temps de distensi\u00f3 en companyonia que millora la cohesi\u00f3 dels grups i la socialitzaci\u00f3 en general.<\/p>\n<p align=\"JUSTIFY\"><a href=\"http:\/\/blog.elpuig.xeill.net\/wp-content\/uploads\/2012\/03\/Patinatge.jpg\"><img loading=\"lazy\" class=\"aligncenter size-medium wp-image-555\" title=\"Patinatge\" src=\"http:\/\/blog.elpuig.xeill.net\/wp-content\/uploads\/2012\/03\/Patinatge-300x225.jpg\" alt=\"\" width=\"300\" height=\"225\" srcset=\"https:\/\/blog.elpuig.xeill.net\/wp-content\/uploads\/2012\/03\/Patinatge-300x225.jpg 300w, https:\/\/blog.elpuig.xeill.net\/wp-content\/uploads\/2012\/03\/Patinatge-1024x768.jpg 1024w, https:\/\/blog.elpuig.xeill.net\/wp-content\/uploads\/2012\/03\/Patinatge-400x300.jpg 400w\" sizes=\"(max-width: 300px) 100vw, 300px\" \/><\/a>Per a una part de l&#8217;alumnat \u00e9s tot un repte mantenir-se dret sobre\u00a0 uns patins, per a d&#8217;altres \u00e9s un plaer gaudir de la possibilitat de lliscar velo\u00e7 sobre el gel i per a tots una diversi\u00f3 compartida.<\/p>\n<p align=\"JUSTIFY\"><a href=\"http:\/\/blog.elpuig.xeill.net\/wp-content\/uploads\/2012\/03\/Skating.jpg\"><img loading=\"lazy\" class=\"aligncenter size-medium wp-image-557\" title=\"Skating\" src=\"http:\/\/blog.elpuig.xeill.net\/wp-content\/uploads\/2012\/03\/Skating-300x225.jpg\" alt=\"\" width=\"300\" height=\"225\" srcset=\"https:\/\/blog.elpuig.xeill.net\/wp-content\/uploads\/2012\/03\/Skating-300x225.jpg 300w, https:\/\/blog.elpuig.xeill.net\/wp-content\/uploads\/2012\/03\/Skating-1024x768.jpg 1024w, https:\/\/blog.elpuig.xeill.net\/wp-content\/uploads\/2012\/03\/Skating-400x300.jpg 400w\" sizes=\"(max-width: 300px) 100vw, 300px\" \/><\/a>Ara, despr\u00e9s d&#8217;haver gaudit d&#8217;aquesta experi\u00e8ncia, us convidem a manifestar les vostres impressions i les vostres an\u00e8cdotes sobre aquesta jornada.<\/p>\n<p style=\"text-align: right;\" align=\"JUSTIFY\">Nury Ruiz<\/p>\n<p style=\"text-align: right;\" align=\"JUSTIFY\">Imma Vilar<\/p>\n<p>.<\/p>\n","protected":false},"excerpt":{"rendered":"<p>Aquest curs, com cada any, ahir, 15 de mar\u00e7 de 2012, el Departament d&#8217;Educaci\u00f3 F\u00edsica del nostre institut va organitzar una sortida de l&#8217;alumnat de 1r i 2n d&#8217;ESOa l&#8217;Skating de Barcelona per patinar sobre gel. Durant tot el mat\u00ed, &hellip; <a href=\"https:\/\/blog.elpuig.xeill.net\/?p=552\">Continua llegint <span class=\"meta-nav\">&rarr;<\/span><\/a><\/p>\n","protected":false},"author":2,"featured_media":0,"comment_status":"open","ping_status":"open","sticky":false,"template":"","format":"standard","meta":[],"categories":[16],"tags":[65],"_links":{"self":[{"href":"https:\/\/blog.elpuig.xeill.net\/index.php?rest_route=\/wp\/v2\/posts\/552"}],"collection":[{"href":"https:\/\/blog.elpuig.xeill.net\/index.php?rest_route=\/wp\/v2\/posts"}],"about":[{"href":"https:\/\/blog.elpuig.xeill.net\/index.php?rest_route=\/wp\/v2\/types\/post"}],"author":[{"embeddable":true,"href":"https:\/\/blog.elpuig.xeill.net\/index.php?rest_route=\/wp\/v2\/users\/2"}],"replies":[{"embeddable":true,"href":"https:\/\/blog.elpuig.xeill.net\/index.php?rest_route=%2Fwp%2Fv2%2Fcomments&post=552"}],"version-history":[{"count":6,"href":"https:\/\/blog.elpuig.xeill.net\/index.php?rest_route=\/wp\/v2\/posts\/552\/revisions"}],"predecessor-version":[{"id":565,"href":"https:\/\/blog.elpuig.xeill.net\/index.php?rest_route=\/wp\/v2\/posts\/552\/revisions\/565"}],"wp:attachment":[{"href":"https:\/\/blog.elpuig.xeill.net\/index.php?rest_route=%2Fwp%2Fv2%2Fmedia&parent=552"}],"wp:term":[{"taxonomy":"category","embeddable":true,"href":"https:\/\/blog.elpuig.xeill.net\/index.php?rest_route=%2Fwp%2Fv2%2Fcategories&post=552"},{"taxonomy":"post_tag","embeddable":true,"href":"https:\/\/blog.elpuig.xeill.net\/index.php?rest_route=%2Fwp%2Fv2%2Ftags&post=552"}],"curies":[{"name":"wp","href":"https:\/\/api.w.org\/{rel}","templated":true}]}}