{"id":545,"date":"2012-03-16T10:40:21","date_gmt":"2012-03-16T08:40:21","guid":{"rendered":"http:\/\/blog.elpuig.xeill.net\/?p=545"},"modified":"2012-03-25T13:01:54","modified_gmt":"2012-03-25T11:01:54","slug":"iniciativa-la-emprendeduria-de-siempre","status":"publish","type":"post","link":"https:\/\/blog.elpuig.xeill.net\/?p=545","title":{"rendered":"Iniciativa, la emprendedur\u00eda de siempre"},"content":{"rendered":"<p lang=\"es-ES\" align=\"JUSTIFY\">\u00daltimamente se habla mucho de la figura del emprendedor, de que hay que incentivar la emprendedur\u00eda en nuestra sociedad, en nuestras aulas&#8230;<\/p>\n<p lang=\"es-ES\" align=\"JUSTIFY\">El aplicar la emprendedur\u00eda en nuestras aulas, de entrada parece un poco fuera de lugar cuando pensamos en nuestros alumnos. Quiz\u00e1 porque, como son j\u00f3venes, cuesta pensar en ellos como empresarios o como aut\u00f3nomos, como creadores de empleo en definitiva.<\/p>\n<p lang=\"es-ES\" align=\"JUSTIFY\">Sin embargo, a veces, nuestros estudiantes nos pasan por delante y nos dan la respuesta sobre la manera de hacerlo. \u00bfC\u00f3mo? Con su iniciativa. Y para muestra, un bot\u00f3n: el ejemplo de dos alumnos de CFGM Gesti\u00f3n Administrativa, que comento brevemente.<\/p>\n<p lang=\"es-ES\" align=\"JUSTIFY\">Al cabo de unos d\u00edas de haber examinado a un grupo de Gesti\u00f3n Administrativa sobre c\u00f3mo hacer p\u00e1ginas web y blogs, medio de casualidad me encontr\u00e9 con que dos alumnos ya hab\u00edan utilizado las herramientas que se les hab\u00eda ense\u00f1ado. Uno, para crear su <em>curr\u00edculum vitae <\/em>en formato de web, aqu\u00ed tenemos el enlace: nagemen<\/p>\n<p lang=\"es-ES\" align=\"JUSTIFY\"><span style=\"color: #000000;\"> <span style=\"font-family: Arial,sans-serif;\"><span style=\"font-size: x-small;\"><span style=\"font-size: small;\"><a href=\"https:\/\/sites.google.com\/site\/cvricard\/\">https:\/\/sites.google.com\/site\/cvricard\/<\/a><\/span><\/span><\/span><\/span><\/p>\n<p lang=\"es-ES\" align=\"JUSTIFY\">Oreo, para crear un blog sobre una tem\u00e1tica de su inter\u00e9s, con la siguiente direcci\u00f3n:<\/p>\n<p lang=\"es-ES\" align=\"JUSTIFY\"><span style=\"color: #000000;\"><span style=\"font-family: Arial,sans-serif;\"><span style=\"font-size: x-small;\"><span style=\"font-size: small;\"><a href=\"http:\/\/amusementsparksandmore.blogspot.com\/\">http:\/\/amusementsparksandmore.blogspot.com\/<\/a> <\/span><\/span><\/span><\/span><\/p>\n<p lang=\"es-ES\" align=\"JUSTIFY\">En definitiva, hab\u00edan utilizado los conocimientos adquiridos para hacer algo nuevo y para aportar valor para ellos o para los dem\u00e1s.<\/p>\n<p lang=\"es-ES\" align=\"JUSTIFY\"><a href=\"http:\/\/blog.elpuig.xeill.net\/wp-content\/uploads\/2012\/03\/Emprendedur\u00eda.png\"><img loading=\"lazy\" class=\"aligncenter size-medium wp-image-588\" title=\"Emprendedur\u00eda\" src=\"http:\/\/blog.elpuig.xeill.net\/wp-content\/uploads\/2012\/03\/Emprendedur\u00eda-300x300.png\" alt=\"\" width=\"300\" height=\"300\" srcset=\"https:\/\/blog.elpuig.xeill.net\/wp-content\/uploads\/2012\/03\/Emprendedur\u00eda-300x300.png 300w, https:\/\/blog.elpuig.xeill.net\/wp-content\/uploads\/2012\/03\/Emprendedur\u00eda-150x150.png 150w, https:\/\/blog.elpuig.xeill.net\/wp-content\/uploads\/2012\/03\/Emprendedur\u00eda.png 400w\" sizes=\"(max-width: 300px) 100vw, 300px\" \/><\/a>Tal vez no estemos en condiciones de formar a nuestros alumnos en un <em>entrepreneurship management<\/em>, pero sin duda les estaremos entrenando para ello si motivamos (o al menos no limitamos) su iniciativa.<\/p>\n<p style=\"text-align: right;\" lang=\"es-ES\" align=\"JUSTIFY\">Xavier Cruz<\/p>\n<p lang=\"es-ES\" align=\"JUSTIFY\"><span style=\"color: #000000;\"><span style=\"font-family: Arial,sans-serif;\"><span style=\"font-size: small;\"><em>\u00bfC\u00f3mo incentivar la emprendedur\u00eda? \u00bfQu\u00e9 iniciativas proponen las personas que visitan este blog para sacar adelante nuevos proyectos? \u00bfCu\u00e1les son vuestros proyectos? \u00bfQu\u00e9 se necesita para llevarlos a cabo?<\/em><\/span><\/span><\/span> Esperamos vuestras respuestas a estas preguntas y a las que puedan formular quienes est\u00e1n a ese lado de la pantalla. Gracias por vuestra participaci\u00f3n.<\/p>\n<p>&nbsp;<\/p>\n","protected":false},"excerpt":{"rendered":"<p>\u00daltimamente se habla mucho de la figura del emprendedor, de que hay que incentivar la emprendedur\u00eda en nuestra sociedad, en nuestras aulas&#8230; El aplicar la emprendedur\u00eda en nuestras aulas, de entrada parece un poco fuera de lugar cuando pensamos en &hellip; <a href=\"https:\/\/blog.elpuig.xeill.net\/?p=545\">Continua llegint <span class=\"meta-nav\">&rarr;<\/span><\/a><\/p>\n","protected":false},"author":2,"featured_media":0,"comment_status":"open","ping_status":"open","sticky":false,"template":"","format":"standard","meta":[],"categories":[41,63],"tags":[64],"_links":{"self":[{"href":"https:\/\/blog.elpuig.xeill.net\/index.php?rest_route=\/wp\/v2\/posts\/545"}],"collection":[{"href":"https:\/\/blog.elpuig.xeill.net\/index.php?rest_route=\/wp\/v2\/posts"}],"about":[{"href":"https:\/\/blog.elpuig.xeill.net\/index.php?rest_route=\/wp\/v2\/types\/post"}],"author":[{"embeddable":true,"href":"https:\/\/blog.elpuig.xeill.net\/index.php?rest_route=\/wp\/v2\/users\/2"}],"replies":[{"embeddable":true,"href":"https:\/\/blog.elpuig.xeill.net\/index.php?rest_route=%2Fwp%2Fv2%2Fcomments&post=545"}],"version-history":[{"count":9,"href":"https:\/\/blog.elpuig.xeill.net\/index.php?rest_route=\/wp\/v2\/posts\/545\/revisions"}],"predecessor-version":[{"id":589,"href":"https:\/\/blog.elpuig.xeill.net\/index.php?rest_route=\/wp\/v2\/posts\/545\/revisions\/589"}],"wp:attachment":[{"href":"https:\/\/blog.elpuig.xeill.net\/index.php?rest_route=%2Fwp%2Fv2%2Fmedia&parent=545"}],"wp:term":[{"taxonomy":"category","embeddable":true,"href":"https:\/\/blog.elpuig.xeill.net\/index.php?rest_route=%2Fwp%2Fv2%2Fcategories&post=545"},{"taxonomy":"post_tag","embeddable":true,"href":"https:\/\/blog.elpuig.xeill.net\/index.php?rest_route=%2Fwp%2Fv2%2Ftags&post=545"}],"curies":[{"name":"wp","href":"https:\/\/api.w.org\/{rel}","templated":true}]}}