{"id":531,"date":"2012-03-09T11:21:40","date_gmt":"2012-03-09T09:21:40","guid":{"rendered":"http:\/\/blog.elpuig.xeill.net\/?p=531"},"modified":"2012-04-13T22:32:06","modified_gmt":"2012-04-13T20:32:06","slug":"octet-de-veus-a-capella","status":"publish","type":"post","link":"https:\/\/blog.elpuig.xeill.net\/?p=531","title":{"rendered":"Octet de veus a capella"},"content":{"rendered":"<p align=\"JUSTIFY\"><em><\/em> Avui, 9 de mar\u00e7 de 2012, a la sala d&#8217;actes del nostre institut, hem pogut veure i sentir un concert molt especial (<em>Octet de veus a capella<\/em>) a c\u00e0rrec del grup Cor de Teatre. Un concert especial perqu\u00e8 Cor de Teatre no \u00e9s exactament, malgrat el seu nom, un grup de teatre, com tampoc \u00e9s un grup vocal, sin\u00f3 les dues coses al mateix temps. Si ens demanessin qu\u00e8 hem vist podr\u00edem dir que hem vist un espectacle de teatre musical.<\/p>\n<p align=\"JUSTIFY\">Cor de Teatre ha interpretat, sense partitures, un repertori polif\u00f2nic amb una gestualitat i una expressivitat corporal pr\u00f2pies del llenguatge teatral. El repertori ha estat molt variat: han interpretat des de peces del Renaixement (<em>Eco<\/em> d&#8217;Orlando di Lasso): i de la m\u00fasica cl\u00e0ssica (Bach, Mozart, Satie) fins a altres de la m\u00fasica pop (Beatles, Rolling Stones, Jimi Hendrix), m\u00e9s el <em>Masterprice<\/em> de Paul Drayton, que ve a ser un interessant resum de la m\u00fasica occidental, i a m\u00e9s, han fet servir un recurs teatral: el fil argumental, una hist\u00f2ria que combina humor, s\u00e0tira i par\u00f2dia (hi ha un moment molt divertit en qu\u00e8 les actrius cantants es disputen intervenir, que \u00e9s una veritable par\u00f2dia del vedettisme).<\/p>\n<p align=\"JUSTIFY\"><a href=\"http:\/\/blog.elpuig.xeill.net\/wp-content\/uploads\/2012\/03\/Octet-de-veus-a-capella.png\"><img loading=\"lazy\" class=\"aligncenter size-full wp-image-654\" title=\"Octet de veus a capella\" src=\"http:\/\/blog.elpuig.xeill.net\/wp-content\/uploads\/2012\/03\/Octet-de-veus-a-capella.png\" alt=\"\" width=\"293\" height=\"195\" \/><\/a>El fil argumental potser hagi recordat <a href=\"http:\/\/blog.elpuig.xeill.net\/?p=348\"><em>Se suspende la funci\u00f3n<\/em><\/a>, obra molt coneguda per l&#8217;alumnat de 1r, 2n i 3r del nostre institut (i pels usuaris d&#8217;aquest blog). Efectivament, en el concert d&#8217;avui els tramoistes van portant a l&#8217;escenari mobiliari, cadires plegables, faristols, etc., perqu\u00e8 s&#8217;est\u00e0 preparant un concert a c\u00e0rrec d&#8217;una famosa orquestra, per\u00f2 com que no hi han arribat encara els m\u00fasics, aquests tramoistes \u2014quatre homes i quatre dones\u2014 van gesticulant i entonant com si ells mateixos toquessin instruments musicals. Els recursos voc\u00e0lics, r\u00edtmics i gestuals que fan servir s\u00f3n variats, sorprenents i carregats de comicitat. Cor de Teatre sap treure gran partit musical i r\u00edtmic de diferents objectes \u2014les cadires que es pleguen i despleguen, una bossa de pl\u00e0stic transparent que van arrugant i estirant, un rollo de cinta adhesiva, els tubs acanalats de pl\u00e0stic vermell de les canalitzacions, les ampolles de vidre&#8230;\u2014, per\u00f2 tamb\u00e9 sentit esc\u00e8nic teatral d&#8217;altres \u2014de les ulleres, de les suposades partitures, dels faristols, etc.\u2014, fins al punt de crear amb aquests objectes<em> gags<\/em> c\u00f2mics que poden recordar Buster Keaton o El Tricicle. En conjunt, l&#8217;obra transmet humor, aire fresc, amor a la m\u00fasica, a la poesia dels escenaris i un ventall d&#8217;impressions positives. \u00c9s dif\u00edcil treure&#8217;s el somriure de la cara i dels ulls durant el temps de la representaci\u00f3. Segur que els nostres alumnes han gaudit i han apr\u00e8s: han vist que, de vegades, al llenguatge teatral i musical <em>menys \u00e9s m\u00e9s<\/em>: perqu\u00e8 es poden transmetre moltes emocions sense paraules i sense instruments musicals, nom\u00e8s amb les veus, el cos, el ritme i la gestualitat.<\/p>\n<p align=\"JUSTIFY\"><a href=\"http:\/\/blog.elpuig.xeill.net\/wp-content\/uploads\/2012\/03\/Octet-de-veus.png\"><img loading=\"lazy\" class=\"aligncenter size-medium wp-image-655\" title=\"Octet de veus\" src=\"http:\/\/blog.elpuig.xeill.net\/wp-content\/uploads\/2012\/03\/Octet-de-veus-300x148.png\" alt=\"\" width=\"300\" height=\"148\" srcset=\"https:\/\/blog.elpuig.xeill.net\/wp-content\/uploads\/2012\/03\/Octet-de-veus-300x148.png 300w, https:\/\/blog.elpuig.xeill.net\/wp-content\/uploads\/2012\/03\/Octet-de-veus.png 420w\" sizes=\"(max-width: 300px) 100vw, 300px\" \/><\/a><span style=\"color: #282828;\">Despr\u00e9s de l&#8217;espectacle, el grup ha contestat molt amablement les preguntes que han fet els espectadors, alumnat i professorat (si vols saber m\u00e9s d&#8217;aquest grup has de saber que intervindr\u00e0 al Teatre Sagarra de Santa Coloma el 19 de maig amb la seva obra <em>Operetta<\/em> i, en tot cas, pots <a href=\"http:\/\/www.cordeteatre.com\/web\/index.php?lang=ca\">visitar la seva p\u00e0gina<\/a> quan vulguis), per\u00f2 com que, per q\u00fcesti\u00f3 de temps, no tothom podia plantejar preguntes, ara les plantegem nosaltres perqu\u00e8 qualsevol persona pugui respondre i dir la seva:<\/span> <em>Qu\u00e8 t&#8217;ha semblat aquest concert? Quina pe\u00e7a t&#8217;ha agradat m\u00e9s? Qu\u00e8 ha estat el m\u00e9s original d&#8217;aquesta audici\u00f3? Creus que aquesta m\u00fasica comunica alegria i ganes de viure, de compartir les coses i de treballar en equip?<\/em> Raona les teves respostes o explica&#8217;ns les teves impressions i t&#8217;ho agrairem. Gr\u00e0cies&#8230; de <em>tot cor.<\/em><\/p>\n","protected":false},"excerpt":{"rendered":"<p>Avui, 9 de mar\u00e7 de 2012, a la sala d&#8217;actes del nostre institut, hem pogut veure i sentir un concert molt especial (Octet de veus a capella) a c\u00e0rrec del grup Cor de Teatre. Un concert especial perqu\u00e8 Cor de &hellip; <a href=\"https:\/\/blog.elpuig.xeill.net\/?p=531\">Continua llegint <span class=\"meta-nav\">&rarr;<\/span><\/a><\/p>\n","protected":false},"author":2,"featured_media":0,"comment_status":"open","ping_status":"open","sticky":false,"template":"","format":"standard","meta":[],"categories":[10,28],"tags":[62],"_links":{"self":[{"href":"https:\/\/blog.elpuig.xeill.net\/index.php?rest_route=\/wp\/v2\/posts\/531"}],"collection":[{"href":"https:\/\/blog.elpuig.xeill.net\/index.php?rest_route=\/wp\/v2\/posts"}],"about":[{"href":"https:\/\/blog.elpuig.xeill.net\/index.php?rest_route=\/wp\/v2\/types\/post"}],"author":[{"embeddable":true,"href":"https:\/\/blog.elpuig.xeill.net\/index.php?rest_route=\/wp\/v2\/users\/2"}],"replies":[{"embeddable":true,"href":"https:\/\/blog.elpuig.xeill.net\/index.php?rest_route=%2Fwp%2Fv2%2Fcomments&post=531"}],"version-history":[{"count":13,"href":"https:\/\/blog.elpuig.xeill.net\/index.php?rest_route=\/wp\/v2\/posts\/531\/revisions"}],"predecessor-version":[{"id":534,"href":"https:\/\/blog.elpuig.xeill.net\/index.php?rest_route=\/wp\/v2\/posts\/531\/revisions\/534"}],"wp:attachment":[{"href":"https:\/\/blog.elpuig.xeill.net\/index.php?rest_route=%2Fwp%2Fv2%2Fmedia&parent=531"}],"wp:term":[{"taxonomy":"category","embeddable":true,"href":"https:\/\/blog.elpuig.xeill.net\/index.php?rest_route=%2Fwp%2Fv2%2Fcategories&post=531"},{"taxonomy":"post_tag","embeddable":true,"href":"https:\/\/blog.elpuig.xeill.net\/index.php?rest_route=%2Fwp%2Fv2%2Ftags&post=531"}],"curies":[{"name":"wp","href":"https:\/\/api.w.org\/{rel}","templated":true}]}}