{"id":52,"date":"2011-10-02T22:16:48","date_gmt":"2011-10-02T20:16:48","guid":{"rendered":"http:\/\/blog.elpuig.xeill.net\/?p=52"},"modified":"2012-01-16T21:15:04","modified_gmt":"2012-01-16T19:15:04","slug":"centrals-nuclears","status":"publish","type":"post","link":"https:\/\/blog.elpuig.xeill.net\/?p=52","title":{"rendered":"Centrals nuclears&#8230;?"},"content":{"rendered":"<p>Com que la crisi de <a href=\"http:\/\/es.wikipedia.org\/wiki\/Central_nuclear_Fukushima_I\">la central nuclear de Fukushima<\/a>, al Jap\u00f3, ha portat de nou la pol\u00e8mica sobre els perills de les centrals nuclears al primer pla de l&#8217;actualitat informativa (des d&#8217;una perspectiva ecologista, en canvi, aquesta q\u00fcesti\u00f3 ha estat vigent permanentment), volem obrir aquesta p\u00e0gina al nostre blog per acollir les opinions de totes les persones que hi estiguin interessades&#8230;<\/p>\n<p><a href=\"http:\/\/blog.elpuig.xeill.net\/wp-content\/uploads\/2011\/10\/Centrals-nuclears.jpg\"><img loading=\"lazy\" class=\"aligncenter size-full wp-image-392\" title=\"Centrals nuclears\" src=\"http:\/\/blog.elpuig.xeill.net\/wp-content\/uploads\/2011\/10\/Centrals-nuclears.jpg\" alt=\"\" width=\"274\" height=\"184\" \/><\/a>Han de continuar operatives les centrals nuclears o han de tancar-se? Han d&#8217;obrir-se de noves? \u00bfS\u00ed o no? Tu qu\u00e8 en penses?<\/p>\n","protected":false},"excerpt":{"rendered":"<p>Com que la crisi de la central nuclear de Fukushima, al Jap\u00f3, ha portat de nou la pol\u00e8mica sobre els perills de les centrals nuclears al primer pla de l&#8217;actualitat informativa (des d&#8217;una perspectiva ecologista, en canvi, aquesta q\u00fcesti\u00f3 ha &hellip; <a href=\"https:\/\/blog.elpuig.xeill.net\/?p=52\">Continua llegint <span class=\"meta-nav\">&rarr;<\/span><\/a><\/p>\n","protected":false},"author":2,"featured_media":0,"comment_status":"open","ping_status":"open","sticky":false,"template":"","format":"standard","meta":[],"categories":[7],"tags":[8],"_links":{"self":[{"href":"https:\/\/blog.elpuig.xeill.net\/index.php?rest_route=\/wp\/v2\/posts\/52"}],"collection":[{"href":"https:\/\/blog.elpuig.xeill.net\/index.php?rest_route=\/wp\/v2\/posts"}],"about":[{"href":"https:\/\/blog.elpuig.xeill.net\/index.php?rest_route=\/wp\/v2\/types\/post"}],"author":[{"embeddable":true,"href":"https:\/\/blog.elpuig.xeill.net\/index.php?rest_route=\/wp\/v2\/users\/2"}],"replies":[{"embeddable":true,"href":"https:\/\/blog.elpuig.xeill.net\/index.php?rest_route=%2Fwp%2Fv2%2Fcomments&post=52"}],"version-history":[{"count":7,"href":"https:\/\/blog.elpuig.xeill.net\/index.php?rest_route=\/wp\/v2\/posts\/52\/revisions"}],"predecessor-version":[{"id":54,"href":"https:\/\/blog.elpuig.xeill.net\/index.php?rest_route=\/wp\/v2\/posts\/52\/revisions\/54"}],"wp:attachment":[{"href":"https:\/\/blog.elpuig.xeill.net\/index.php?rest_route=%2Fwp%2Fv2%2Fmedia&parent=52"}],"wp:term":[{"taxonomy":"category","embeddable":true,"href":"https:\/\/blog.elpuig.xeill.net\/index.php?rest_route=%2Fwp%2Fv2%2Fcategories&post=52"},{"taxonomy":"post_tag","embeddable":true,"href":"https:\/\/blog.elpuig.xeill.net\/index.php?rest_route=%2Fwp%2Fv2%2Ftags&post=52"}],"curies":[{"name":"wp","href":"https:\/\/api.w.org\/{rel}","templated":true}]}}