{"id":517,"date":"2012-03-05T23:29:02","date_gmt":"2012-03-05T21:29:02","guid":{"rendered":"http:\/\/blog.elpuig.xeill.net\/?p=517"},"modified":"2012-03-18T12:11:38","modified_gmt":"2012-03-18T10:11:38","slug":"mesures-per-frenar-el-consum","status":"publish","type":"post","link":"https:\/\/blog.elpuig.xeill.net\/?p=517","title":{"rendered":"Mesures per frenar el consum"},"content":{"rendered":"<p>El 9 de febrer de 2012, a la secci\u00f3 &#8220;La Contra&#8221; del diari <em>La Vanguardia, <\/em>sota el t\u00edtol <a href=\"http:\/\/lescontres.blogspot.com\/\">&#8220;Cal establir mesures per frenar el consum&#8221;<\/a>, van entrevistar l&#8217;economista Tim Jackson.<\/p>\n<p><a href=\"http:\/\/blog.elpuig.xeill.net\/wp-content\/uploads\/2012\/03\/Tim-Jackson.jpg\"><img loading=\"lazy\" class=\"aligncenter size-full wp-image-518\" title=\"Tim Jackson\" src=\"http:\/\/blog.elpuig.xeill.net\/wp-content\/uploads\/2012\/03\/Tim-Jackson.jpg\" alt=\"\" width=\"220\" height=\"229\" \/><\/a>Tim Jackson, professor de desenvolupament sostenible a la Universitat de Surrey, proposa un seguit de mesures per sortir de la crisi partint d&#8217;una profunda reflexi\u00f3 cr\u00edtica sobre el sistema actual. Proposa mesures que van des de replantejar-se els objectius de les empreses fins a revaloritzar el sector dels serveis, des d&#8217;apujar els impostos sobre els recursos naturals i la contaminaci\u00f3 fins a imposar restriccions sobre la publicitat, des de la redistribuci\u00f3 de l&#8217;ocupaci\u00f3 mitjan\u00e7ant la reducci\u00f3 d&#8217;hores laborals fins a reformar els sistemes financers.\u00a0 Totes aquestes interessants idees s&#8217;enmarcarien en models anomenats de<em> decreixement<\/em>, emparentats als proposats, per exemple, per La Touche. Q\u00fcestionen, per tant, l&#8217;opini\u00f3 que la prosperitat sigui inseparable del creixement: &#8220;la prosperitat t\u00e9 a veure amb la qualitat de la nostra vida i de les relacions, i l&#8217;economia s&#8217;hi ha d&#8217;adaptar&#8221; , &#8220;a banda d&#8217;acumular i consumir, no t\u00e9 res a veure amb prosperar, \u00e9s insostenible financerament: de fet la crisi que ara vivim \u00e9s la conseq\u00fc\u00e8ncia d&#8217;aquest sistema insostenible&#8221;, ens diu Tim Jackson.<\/p>\n<p><a href=\"http:\/\/blog.elpuig.xeill.net\/wp-content\/uploads\/2012\/03\/Decreixement.jpg\"><img loading=\"lazy\" class=\"aligncenter size-full wp-image-519\" title=\"Decreixement\" src=\"http:\/\/blog.elpuig.xeill.net\/wp-content\/uploads\/2012\/03\/Decreixement.jpg\" alt=\"\" width=\"259\" height=\"194\" \/><\/a>Aquest article el vaig llegir un dia abans de comen\u00e7ar el tema de l&#8217;economia d&#8217;entreguerres i el Crac del 29 a classe d&#8217;Hist\u00f2ria del M\u00f3n Contemporani. Vaig pensar que era perfecte per generar una reflexi\u00f3 a la classe entre l&#8217;alumnat de batxillerat. Realment, recomano que llegiu aquesta entrevista, aix\u00ed com el llibre del professor Jackson<em> Prosperidad sin crecimiento: Econom\u00eda para un planeta finito <\/em>(publicat per l&#8217;editorial Ic\u00e0ria) o, si m\u00e9s no, l&#8217;article que, pocs dies despr\u00e9s de l&#8217;entrevista, va publicar el periodista Antonio Cerrillo sobre aquest mateix tema a <em>La Vanguardia<\/em><a href=\"http:\/\/www.lavanguardia.com\/medio-ambiente\/20120219\/54257473598\/economia-lenta-para-poner-planeta-forma.html\"> (&#8220;Una econom\u00eda lenta para poner el planeta en forma&#8221;).<\/a> <em>Qu\u00e8 hi penseu? Com creieu que pot ser un desenvolupament sostenible? Quines mesures es podrien prendre per frenar el consum?<\/em><\/p>\n<p style=\"text-align: right;\">Marta Navarro<\/p>\n","protected":false},"excerpt":{"rendered":"<p>El 9 de febrer de 2012, a la secci\u00f3 &#8220;La Contra&#8221; del diari La Vanguardia, sota el t\u00edtol &#8220;Cal establir mesures per frenar el consum&#8221;, van entrevistar l&#8217;economista Tim Jackson. Tim Jackson, professor de desenvolupament sostenible a la Universitat de &hellip; <a href=\"https:\/\/blog.elpuig.xeill.net\/?p=517\">Continua llegint <span class=\"meta-nav\">&rarr;<\/span><\/a><\/p>\n","protected":false},"author":2,"featured_media":0,"comment_status":"open","ping_status":"open","sticky":false,"template":"","format":"standard","meta":[],"categories":[11,41,1,33,35],"tags":[61],"_links":{"self":[{"href":"https:\/\/blog.elpuig.xeill.net\/index.php?rest_route=\/wp\/v2\/posts\/517"}],"collection":[{"href":"https:\/\/blog.elpuig.xeill.net\/index.php?rest_route=\/wp\/v2\/posts"}],"about":[{"href":"https:\/\/blog.elpuig.xeill.net\/index.php?rest_route=\/wp\/v2\/types\/post"}],"author":[{"embeddable":true,"href":"https:\/\/blog.elpuig.xeill.net\/index.php?rest_route=\/wp\/v2\/users\/2"}],"replies":[{"embeddable":true,"href":"https:\/\/blog.elpuig.xeill.net\/index.php?rest_route=%2Fwp%2Fv2%2Fcomments&post=517"}],"version-history":[{"count":10,"href":"https:\/\/blog.elpuig.xeill.net\/index.php?rest_route=\/wp\/v2\/posts\/517\/revisions"}],"predecessor-version":[{"id":564,"href":"https:\/\/blog.elpuig.xeill.net\/index.php?rest_route=\/wp\/v2\/posts\/517\/revisions\/564"}],"wp:attachment":[{"href":"https:\/\/blog.elpuig.xeill.net\/index.php?rest_route=%2Fwp%2Fv2%2Fmedia&parent=517"}],"wp:term":[{"taxonomy":"category","embeddable":true,"href":"https:\/\/blog.elpuig.xeill.net\/index.php?rest_route=%2Fwp%2Fv2%2Fcategories&post=517"},{"taxonomy":"post_tag","embeddable":true,"href":"https:\/\/blog.elpuig.xeill.net\/index.php?rest_route=%2Fwp%2Fv2%2Ftags&post=517"}],"curies":[{"name":"wp","href":"https:\/\/api.w.org\/{rel}","templated":true}]}}