{"id":482,"date":"2012-02-22T20:52:25","date_gmt":"2012-02-22T18:52:25","guid":{"rendered":"http:\/\/blog.elpuig.xeill.net\/?p=482"},"modified":"2013-02-18T18:31:21","modified_gmt":"2013-02-18T16:31:21","slug":"el-carnaval","status":"publish","type":"post","link":"https:\/\/blog.elpuig.xeill.net\/?p=482","title":{"rendered":"El Carnaval"},"content":{"rendered":"<p align=\"JUSTIFY\"><span style=\"font-size: small;\"><strong>Carnaval <\/strong><em>m FOLK <\/em>Per\u00edode de divertiments p\u00fablics que precedeix l&#8217;\u00e8poca d&#8217;austeritat i de penit\u00e8ncia de la quaresma. [Gran Enciclop\u00e8dia Catalana]<\/span><\/p>\n<p align=\"JUSTIFY\"><span>El <a href=\"http:\/\/ca.wikipedia.org\/wiki\/Carnaval\">Carnaval<\/a> dels pa\u00efsos de tradici\u00f3 cristiana t\u00e9 el seu origen en ritus i festivitats paganes relacionats amb les festes dionisiaques gregues, amb les saturnals de l&#8217;antiga Roma i amb celebracions per l&#8217;adveniment de la primavera. De fet, segons alguns autors, la paraula <em>carnaval<\/em> procedeix de <em>carrus navalis <\/em>(una carrossa consistent en una nau muntada dalt d&#8217;un carro que era passejada per la ciutat); segons altres, per\u00f2, la paraula ve de <em>carn levare<\/em>, \u00e9s a dir, treure la carn (perqu\u00e8 \u00e9s l&#8217;anunci dels \u00faltims dies abans de l&#8217;\u00e8poca del dejuni de la Quaresma).<\/span><\/p>\n<p align=\"JUSTIFY\"><span style=\"font-size: small;\">Hi ha molts testimonis i documents sobre el Carnaval a l&#8217;Edat Mitjana, sobretot en relaci\u00f3 a certes prohibicions (per exemple, cavalcar disfressat o llen\u00e7ar taronges) i sabem que algunes coses han canviat i que d&#8217;altres continuen. Per exemple, alguns costums t\u00edpics del Carnaval a tots els temps i a tots els pa\u00efsos s\u00f3n els balls, les comparses, l&#8217;\u00fas de la m\u00e0scara que oculta el rostre, etc.<\/span><\/p>\n<p align=\"JUSTIFY\"><span style=\"font-size: small;\">El Carnaval \u00e9s un temps en qu\u00e8 algunes coses prohibides semblen no ser-ho. Les disfresses donen la possibilitat de canviar de personalitat per unes hores o almenys de representar un personatge diferent, sobretot abans que arribi la Quaresma (representada com una vella seca) amb els seus dies d&#8217;abstenci\u00f3. A la nostra \u00e8poca, la Quaresma sembla haver perdut la partida: el rei Carnestoltes continua arribant a tot arreu quan li toca i \u00e9s celebrat per grans i petits. El rei Carnestoltes \u00e9s el rei del carnaval, el personatge que, disfressat d&#8217;animal o de persona, llegeix el preg\u00f3 d&#8217;inauguraci\u00f3 de la festa i d\u00f3na perm\u00eds per passar-ho b\u00e9. (La paraula <em>Carnestoltes<\/em> t\u00e9 tamb\u00e9 un origen llat\u00ed; procedeix de l&#8217;expressi\u00f3 <em>carnes tolendas<\/em>, \u00e9s a dir, <em>carns prohibides<\/em>.)<\/span><\/p>\n<p align=\"JUSTIFY\"><a href=\"http:\/\/blog.elpuig.xeill.net\/wp-content\/uploads\/2012\/02\/Alumnes-del-102.jpg\"><img loading=\"lazy\" class=\"aligncenter size-medium wp-image-483\" title=\"Alumnes del 102\" src=\"http:\/\/blog.elpuig.xeill.net\/wp-content\/uploads\/2012\/02\/Alumnes-del-102-300x225.jpg\" alt=\"\" width=\"300\" height=\"225\" srcset=\"https:\/\/blog.elpuig.xeill.net\/wp-content\/uploads\/2012\/02\/Alumnes-del-102-300x225.jpg 300w, https:\/\/blog.elpuig.xeill.net\/wp-content\/uploads\/2012\/02\/Alumnes-del-102-400x300.jpg 400w, https:\/\/blog.elpuig.xeill.net\/wp-content\/uploads\/2012\/02\/Alumnes-del-102.jpg 800w\" sizes=\"(max-width: 300px) 100vw, 300px\" \/><\/a><span style=\"font-size: small;\">Les festes de Carnaval m\u00e9s famoses s\u00f3n, probablement, les de R\u00edo de Janeiro (amb les seves desfilades de les escoles de samba), les de Ven\u00e8cia (amb les seves m\u00e0scares), i a Catalunya, les de Vilanova (amb els seus caramels) i les de Sitges (amb les seves grans rues).<\/span><\/p>\n<p align=\"JUSTIFY\"><a href=\"http:\/\/blog.elpuig.xeill.net\/wp-content\/uploads\/2012\/02\/Alumnes-de-1r-B.jpg\"><img loading=\"lazy\" class=\"aligncenter size-medium wp-image-484\" title=\"Alumnes de 1r B\" src=\"http:\/\/blog.elpuig.xeill.net\/wp-content\/uploads\/2012\/02\/Alumnes-de-1r-B-300x225.jpg\" alt=\"\" width=\"300\" height=\"225\" srcset=\"https:\/\/blog.elpuig.xeill.net\/wp-content\/uploads\/2012\/02\/Alumnes-de-1r-B-300x225.jpg 300w, https:\/\/blog.elpuig.xeill.net\/wp-content\/uploads\/2012\/02\/Alumnes-de-1r-B-400x300.jpg 400w, https:\/\/blog.elpuig.xeill.net\/wp-content\/uploads\/2012\/02\/Alumnes-de-1r-B.jpg 800w\" sizes=\"(max-width: 300px) 100vw, 300px\" \/><\/a><span style=\"font-size: small;\">Divendres 17 de febrer es va celebrar el carnaval a l&#8217;institut, aquest any sota la coordinaci\u00f3 de la professora Belinda Le\u00f3n. Primer vam veure desfilar al pati les comparses davant el jurat, cadascuna acompanyada d&#8217;una m\u00fasica, d&#8217;una presentaci\u00f3 i d&#8217;una coreografia diferent. Despr\u00e9s, a la sala d&#8217;actes, amb un gui\u00f3 molt preparat pels alumnes de 4t (els organitzadors d&#8217;aquest festival), es van poder veure les actuacions d&#8217;alguns dels cantants de m\u00e9s \u00e9xit, presentats per dues parelles que s&#8217;anaven alternant (Izan Garc\u00eda i Marta Garz\u00f3n, per una banda, i J\u00falia Garrido i Abraham Romero, per l&#8217;altra).<br \/>\n<\/span><\/p>\n<p align=\"JUSTIFY\"><a href=\"http:\/\/blog.elpuig.xeill.net\/wp-content\/uploads\/2012\/02\/Estopa.jpg\"><img loading=\"lazy\" class=\"aligncenter size-medium wp-image-485\" title=\"Estopa\" src=\"http:\/\/blog.elpuig.xeill.net\/wp-content\/uploads\/2012\/02\/Estopa-300x225.jpg\" alt=\"\" width=\"300\" height=\"225\" srcset=\"https:\/\/blog.elpuig.xeill.net\/wp-content\/uploads\/2012\/02\/Estopa-300x225.jpg 300w, https:\/\/blog.elpuig.xeill.net\/wp-content\/uploads\/2012\/02\/Estopa-400x300.jpg 400w, https:\/\/blog.elpuig.xeill.net\/wp-content\/uploads\/2012\/02\/Estopa.jpg 800w\" sizes=\"(max-width: 300px) 100vw, 300px\" \/><\/a>Les actuacions van seguir aquest ordre: Beyonc\u00e9 (interpretada per Iman Saihi, Iris Vieite i Sara Jim\u00e9nez), Estopa (Albert P\u00e9rez i Erick Tabares), Adele (Eli Mart\u00ednez, que tamb\u00e9 va interpretar un sol de piano), Bob Marley (Miguel Agueras, Xavi Moreno, Eli Mart\u00ednez i Judith S\u00e1nchez), Hip-Hop (grup de Marina Carmona), The Beatles (Erick Saiz, David Criado, Ferran S\u00e1nchez i Alejandro Toral), Pimpinela (Brian Romero i Estela Vegas), Camar\u00f3n (Iv\u00e1n Ur\u00e9ndez, Judith S\u00e1nchez i Estela Vegas), Jennifer L\u00f3pez (Mireia Oriol, Eli Mart\u00ednez&#8230;), Cindy Lauper (Estela Vegas, Ana D\u00edaz, Cristina Alcantarilla, Mireia Oriol, Sara Jim\u00e9nez, Celia Ur\u00e9ndez, Eli Mart\u00ednez&#8230;),\u00a0 Rihanna (Mireia Col\u00e0s), Jessi J, LMFAO (Ana D\u00edaz, J\u00falia Garrido, Abraham Romero, Cristina Alcantarilla, Brian, Marc, Mireia Oriol, Celia Ur\u00e9ndez), Britney Spears (Mar\u00eda Hern\u00e1ndez, Nadira Y\u00e1\u00f1ez i Brian Romero) i ball final (tots els alumnes de 4t). La il\u00b7luminaci\u00f3 i el so van estar a c\u00e0rrec de Beatr\u00edz Rodr\u00edguez, Daniel S\u00e1nchez, Iv\u00e1n Sambl\u00e1s, Pau P\u00e9rez, Jeferson Peralta i Sandra Alegre.<\/p>\n<p align=\"JUSTIFY\"><a href=\"http:\/\/blog.elpuig.xeill.net\/wp-content\/uploads\/2012\/02\/Bob-Marley.jpg\"><img loading=\"lazy\" class=\"aligncenter size-medium wp-image-486\" title=\"Bob Marley\" src=\"http:\/\/blog.elpuig.xeill.net\/wp-content\/uploads\/2012\/02\/Bob-Marley-300x225.jpg\" alt=\"\" width=\"300\" height=\"225\" srcset=\"https:\/\/blog.elpuig.xeill.net\/wp-content\/uploads\/2012\/02\/Bob-Marley-300x225.jpg 300w, https:\/\/blog.elpuig.xeill.net\/wp-content\/uploads\/2012\/02\/Bob-Marley-400x300.jpg 400w, https:\/\/blog.elpuig.xeill.net\/wp-content\/uploads\/2012\/02\/Bob-Marley.jpg 800w\" sizes=\"(max-width: 300px) 100vw, 300px\" \/><\/a><span style=\"font-size: small;\">S&#8217;ha de dir que despr\u00e9s de cada actuaci\u00f3 els int\u00e8rprets eren entrevistats pels presentadors i que alguns dels di\u00e0legs eren molt divertits perqu\u00e8, a m\u00e9s, els cantants estaven molt posats als seus papers i feien molt bones imitacions dels seus \u00eddols. I com que el p\u00fablic s&#8217;ho va passar fant\u00e0stic amb tanta festa, ara volem recollir les opinions de tots els amics i amigues d&#8217;aquest blog perqu\u00e8 les persones que no hi eren s\u00e0piguen tamb\u00e9 com de divertit va ser aquest carnaval. Us encoratgem a enviar els vostres comentaris!<\/span><\/p>\n<p align=\"JUSTIFY\">\n","protected":false},"excerpt":{"rendered":"<p>Carnaval m FOLK Per\u00edode de divertiments p\u00fablics que precedeix l&#8217;\u00e8poca d&#8217;austeritat i de penit\u00e8ncia de la quaresma. [Gran Enciclop\u00e8dia Catalana] El Carnaval dels pa\u00efsos de tradici\u00f3 cristiana t\u00e9 el seu origen en ritus i festivitats paganes relacionats amb les festes &hellip; <a href=\"https:\/\/blog.elpuig.xeill.net\/?p=482\">Continua llegint <span class=\"meta-nav\">&rarr;<\/span><\/a><\/p>\n","protected":false},"author":2,"featured_media":0,"comment_status":"open","ping_status":"open","sticky":false,"template":"","format":"standard","meta":[],"categories":[55,56],"tags":[205],"_links":{"self":[{"href":"https:\/\/blog.elpuig.xeill.net\/index.php?rest_route=\/wp\/v2\/posts\/482"}],"collection":[{"href":"https:\/\/blog.elpuig.xeill.net\/index.php?rest_route=\/wp\/v2\/posts"}],"about":[{"href":"https:\/\/blog.elpuig.xeill.net\/index.php?rest_route=\/wp\/v2\/types\/post"}],"author":[{"embeddable":true,"href":"https:\/\/blog.elpuig.xeill.net\/index.php?rest_route=\/wp\/v2\/users\/2"}],"replies":[{"embeddable":true,"href":"https:\/\/blog.elpuig.xeill.net\/index.php?rest_route=%2Fwp%2Fv2%2Fcomments&post=482"}],"version-history":[{"count":8,"href":"https:\/\/blog.elpuig.xeill.net\/index.php?rest_route=\/wp\/v2\/posts\/482\/revisions"}],"predecessor-version":[{"id":1107,"href":"https:\/\/blog.elpuig.xeill.net\/index.php?rest_route=\/wp\/v2\/posts\/482\/revisions\/1107"}],"wp:attachment":[{"href":"https:\/\/blog.elpuig.xeill.net\/index.php?rest_route=%2Fwp%2Fv2%2Fmedia&parent=482"}],"wp:term":[{"taxonomy":"category","embeddable":true,"href":"https:\/\/blog.elpuig.xeill.net\/index.php?rest_route=%2Fwp%2Fv2%2Fcategories&post=482"},{"taxonomy":"post_tag","embeddable":true,"href":"https:\/\/blog.elpuig.xeill.net\/index.php?rest_route=%2Fwp%2Fv2%2Ftags&post=482"}],"curies":[{"name":"wp","href":"https:\/\/api.w.org\/{rel}","templated":true}]}}