{"id":46,"date":"2011-10-01T17:49:18","date_gmt":"2011-10-01T15:49:18","guid":{"rendered":"http:\/\/blog.elpuig.xeill.net\/?p=46"},"modified":"2020-05-06T22:25:06","modified_gmt":"2020-05-06T20:25:06","slug":"quina-serie-de-tv","status":"publish","type":"post","link":"https:\/\/blog.elpuig.xeill.net\/?p=46","title":{"rendered":"Quina s\u00e8rie de TV&#8230;?"},"content":{"rendered":"<p>Quina s\u00e8rie de TV recordes amb m\u00e9s de gust despr\u00e9s dels anys? A un article publicat fa poc (27 de setembre de 2011) a <em>El Pa\u00eds<\/em>, <a href=\"http:\/\/www.elpais.com\/articulo\/opinion\/vida\/serie\/elpepuopi\/20110927elpepiopi_11\/Tes\">&#8220;La vida en serie&#8221;<\/a>, l&#8217;escriptor <a href=\"http:\/\/www.enriquelynch.com\/\">Enrique Lynch<\/a> analitzava un dels nous h\u00e0bits culturals: veure s\u00e8ries de TV. Deia ell que &#8220;invertimos una enorme cantidad de tiempo conviviendo con los personajes y sus mundos de ficci\u00f3n para paliar la incomunicaci\u00f3n y el aislamiento&#8221;&#8230; Tu qu\u00e8 en penses?\u00a0 Hi est\u00e0s d&#8217;acord?<\/p>\n<p><a href=\"http:\/\/blog.elpuig.xeill.net\/wp-content\/uploads\/2011\/10\/S\u00e8ries-de-TV.jpg\"><img loading=\"lazy\" class=\"aligncenter size-full wp-image-394\" title=\"S\u00e8ries de TV\" src=\"http:\/\/blog.elpuig.xeill.net\/wp-content\/uploads\/2011\/10\/S\u00e8ries-de-TV.jpg\" alt=\"\" width=\"250\" height=\"201\" \/><\/a>Penses que estem incomunicats i aillats i que per aix\u00f2 veiem les s\u00e8ries? En tot cas, per qu\u00e8 no ens parles de la s\u00e8rie de TV que m\u00e9s t&#8217;hagi agradat?<\/p>\n","protected":false},"excerpt":{"rendered":"<p>Quina s\u00e8rie de TV recordes amb m\u00e9s de gust despr\u00e9s dels anys? A un article publicat fa poc (27 de setembre de 2011) a El Pa\u00eds, &#8220;La vida en serie&#8221;, l&#8217;escriptor Enrique Lynch analitzava un dels nous h\u00e0bits culturals: veure &hellip; <a href=\"https:\/\/blog.elpuig.xeill.net\/?p=46\">Continua llegint <span class=\"meta-nav\">&rarr;<\/span><\/a><\/p>\n","protected":false},"author":2,"featured_media":0,"comment_status":"open","ping_status":"open","sticky":false,"template":"","format":"standard","meta":[],"categories":[6],"tags":[113],"_links":{"self":[{"href":"https:\/\/blog.elpuig.xeill.net\/index.php?rest_route=\/wp\/v2\/posts\/46"}],"collection":[{"href":"https:\/\/blog.elpuig.xeill.net\/index.php?rest_route=\/wp\/v2\/posts"}],"about":[{"href":"https:\/\/blog.elpuig.xeill.net\/index.php?rest_route=\/wp\/v2\/types\/post"}],"author":[{"embeddable":true,"href":"https:\/\/blog.elpuig.xeill.net\/index.php?rest_route=\/wp\/v2\/users\/2"}],"replies":[{"embeddable":true,"href":"https:\/\/blog.elpuig.xeill.net\/index.php?rest_route=%2Fwp%2Fv2%2Fcomments&post=46"}],"version-history":[{"count":8,"href":"https:\/\/blog.elpuig.xeill.net\/index.php?rest_route=\/wp\/v2\/posts\/46\/revisions"}],"predecessor-version":[{"id":2876,"href":"https:\/\/blog.elpuig.xeill.net\/index.php?rest_route=\/wp\/v2\/posts\/46\/revisions\/2876"}],"wp:attachment":[{"href":"https:\/\/blog.elpuig.xeill.net\/index.php?rest_route=%2Fwp%2Fv2%2Fmedia&parent=46"}],"wp:term":[{"taxonomy":"category","embeddable":true,"href":"https:\/\/blog.elpuig.xeill.net\/index.php?rest_route=%2Fwp%2Fv2%2Fcategories&post=46"},{"taxonomy":"post_tag","embeddable":true,"href":"https:\/\/blog.elpuig.xeill.net\/index.php?rest_route=%2Fwp%2Fv2%2Ftags&post=46"}],"curies":[{"name":"wp","href":"https:\/\/api.w.org\/{rel}","templated":true}]}}