{"id":443,"date":"2012-02-02T20:00:52","date_gmt":"2012-02-02T18:00:52","guid":{"rendered":"http:\/\/blog.elpuig.xeill.net\/?p=443"},"modified":"2012-02-02T20:13:52","modified_gmt":"2012-02-02T18:13:52","slug":"hablemos-de-harry-potter","status":"publish","type":"post","link":"https:\/\/blog.elpuig.xeill.net\/?p=443","title":{"rendered":"Harry Potter"},"content":{"rendered":"<p>Hablemos de Harry Potter. Ahora quiz\u00e1 parezca incre\u00edble, pero hace algunos a\u00f1os, en 1999, los libros de Harry Potter fueron los m\u00e1s censurados y perseguidos en EE. UU., seg\u00fan declaraba la asociaci\u00f3n de bibliotecarios norteamericanos. Los motivos de esta persecuci\u00f3n eran, a veces, consecuencia de denuncias por parte de adultos que ve\u00edan en las aventuras de Harry Potter \u201cuna apolog\u00eda de la brujer\u00eda y el ocultismo, paso previo a la magia negra y el satanismo\u201d (<em>El Pa\u00eds<\/em>, 29-10-2000). Afortunadamente esas denuncias fueron archivadas y\u00a0 probablemente ya nadie recuerde los nombres de quienes las presentaban, pero es seguro que, en el 2012, los libros de Harry Potter se siguen leyendo en todo el mundo y que, si no la fiebre masiva propia del momento de su aparici\u00f3n, siguen produciendo gran satisfacci\u00f3n entre muchos de sus j\u00f3venes lectores de ahora, cuando no adicci\u00f3n e inter\u00e9s por conocer todos los libros de la serie.<\/p>\n<p><a href=\"http:\/\/blog.elpuig.xeill.net\/wp-content\/uploads\/2012\/02\/J.-K.-Rowling.jpg\"><img loading=\"lazy\" class=\"aligncenter size-medium wp-image-444\" title=\"J. K. Rowling\" src=\"http:\/\/blog.elpuig.xeill.net\/wp-content\/uploads\/2012\/02\/J.-K.-Rowling-210x300.jpg\" alt=\"\" width=\"210\" height=\"300\" srcset=\"https:\/\/blog.elpuig.xeill.net\/wp-content\/uploads\/2012\/02\/J.-K.-Rowling-210x300.jpg 210w, https:\/\/blog.elpuig.xeill.net\/wp-content\/uploads\/2012\/02\/J.-K.-Rowling.jpg 250w\" sizes=\"(max-width: 210px) 100vw, 210px\" \/><\/a><br \/>\nLos libros de Harry Potter empezaron a publicarse en 1997. Su autora, J. K. Rowling (Yate, Inglaterra, 1965), era una perfecta desconocida que hab\u00eda visto c\u00f3mo el primero de la serie,<em> Harry Potter y la piedra filosofal<\/em>, hab\u00eda sido rechazado previamente por doce editoriales con el argumento de que <em>el libro era demasiado largo&#8230; y, por tanto, sin inter\u00e9s comercial para el p\u00fablico juvenil al que iba dirigido<\/em>. Poco pod\u00eda prever ella\u00a0 que al cabo de cuatro o cinco a\u00f1os sus libros se traducir\u00edan a m\u00e1s de 65 idiomas y que se vender\u00edan por millones en todo el mundo. Y del \u00e9xito de los libros nacer\u00eda el \u00e9xito de las pel\u00edculas basadas en ellos \u2014antes la autora hab\u00eda rechazado la oferta de Steven Spielberg de adaptar la historia de Harry Potter al cine porque Spielberg pretend\u00eda ambientar la escuela de Hogwarts en Norteam\u00e9rica, pero ella no aceptaba una adaptaci\u00f3n cinematogr\u00e1fica con demasiados cambios sobre el original\u2014, y as\u00ed, en el 2001, se estren\u00f3 <em>Harry Potter y la piedra filosofal<\/em> (dirigida por Chris Columbus y producida por la Warner).<\/p>\n<p><a href=\"http:\/\/blog.elpuig.xeill.net\/wp-content\/uploads\/2012\/02\/Harry-Potter-y-la-piedra-filosofal.jpg\"><img loading=\"lazy\" class=\"aligncenter size-medium wp-image-445\" title=\"Harry Potter y la piedra filosofal\" src=\"http:\/\/blog.elpuig.xeill.net\/wp-content\/uploads\/2012\/02\/Harry-Potter-y-la-piedra-filosofal-201x300.jpg\" alt=\"\" width=\"201\" height=\"300\" srcset=\"https:\/\/blog.elpuig.xeill.net\/wp-content\/uploads\/2012\/02\/Harry-Potter-y-la-piedra-filosofal-201x300.jpg 201w, https:\/\/blog.elpuig.xeill.net\/wp-content\/uploads\/2012\/02\/Harry-Potter-y-la-piedra-filosofal.jpg 226w\" sizes=\"(max-width: 201px) 100vw, 201px\" \/><\/a><br \/>\nComo millones de j\u00f3venes de su tiempo, muchos alumnos de nuestro instituto han le\u00eddo los libros de Harry Potter y han quedado seducidos por sus aventuras (a otros les habr\u00e1n parecido enredosas y ajenas, por qu\u00e9 no). Algunos quiz\u00e1s no hayan le\u00eddo ning\u00fan libro de la serie, pero conocen al personaje por las pel\u00edculas. Quien m\u00e1s quien menos tiene entre todos los personajes de la saga alguno que le resulta m\u00e1s atractivo o simp\u00e1tico (o m\u00e1s insoportable y odioso), ll\u00e1mese Ron, Hermione, Hagrid, Lord Voldemort, Dumbledore, etc. Quien m\u00e1s quien menos tiene un episodio o un libro como favorito: <em>Harry Potter y la piedra filosofal, Harry Potter y la c\u00e1mara secreta, Harry Potter y el prisionero de Azkaban, Harry Potter y el c\u00e1liz de fuego, Harry Potter y la Orden del F\u00e9nix, Harry Potter y el misterio del pr\u00edncipe, Harry Potter y las Reliquias de la Muerte&#8230;<\/em><\/p>\n<p><a href=\"http:\/\/blog.elpuig.xeill.net\/wp-content\/uploads\/2012\/02\/Versi\u00f3n-cinematogr\u00e1fica-de-Harry-Potter.jpg\"><img loading=\"lazy\" class=\"aligncenter size-full wp-image-446\" title=\"Versi\u00f3n cinematogr\u00e1fica de Harry Potter\" src=\"http:\/\/blog.elpuig.xeill.net\/wp-content\/uploads\/2012\/02\/Versi\u00f3n-cinematogr\u00e1fica-de-Harry-Potter.jpg\" alt=\"\" width=\"259\" height=\"194\" \/><\/a><br \/>\nSea como sea, como una de las razones por las que los seres humanos leemos y vemos pel\u00edculas es para poder compartir con los dem\u00e1s nuestras impresiones \u2014pues intuimos que, como cantaba Facundo Cabral, <em>s\u00f3lo aquel que comparte puede ser due\u00f1o de algo<\/em>\u2014, abrimos esta entrada para recoger comentarios sobre los libros y las pel\u00edculas de Harry Potter, sobre lo que seduce, gusta, molesta o disgusta de este personaje, de toda su parentela de amigos, magos, <em>muggles<\/em>,\u00a0 criaturas fant\u00e1sticas, etc., y de todas sus secuelas, literarias o cinematogr\u00e1ficas. \u00bfQui\u00e9n pide la palabra en primer lugar?<\/p>\n","protected":false},"excerpt":{"rendered":"<p>Hablemos de Harry Potter. Ahora quiz\u00e1 parezca incre\u00edble, pero hace algunos a\u00f1os, en 1999, los libros de Harry Potter fueron los m\u00e1s censurados y perseguidos en EE. UU., seg\u00fan declaraba la asociaci\u00f3n de bibliotecarios norteamericanos. Los motivos de esta persecuci\u00f3n &hellip; <a href=\"https:\/\/blog.elpuig.xeill.net\/?p=443\">Continua llegint <span class=\"meta-nav\">&rarr;<\/span><\/a><\/p>\n","protected":false},"author":2,"featured_media":0,"comment_status":"open","ping_status":"open","sticky":false,"template":"","format":"standard","meta":[],"categories":[49,27],"tags":[39],"_links":{"self":[{"href":"https:\/\/blog.elpuig.xeill.net\/index.php?rest_route=\/wp\/v2\/posts\/443"}],"collection":[{"href":"https:\/\/blog.elpuig.xeill.net\/index.php?rest_route=\/wp\/v2\/posts"}],"about":[{"href":"https:\/\/blog.elpuig.xeill.net\/index.php?rest_route=\/wp\/v2\/types\/post"}],"author":[{"embeddable":true,"href":"https:\/\/blog.elpuig.xeill.net\/index.php?rest_route=\/wp\/v2\/users\/2"}],"replies":[{"embeddable":true,"href":"https:\/\/blog.elpuig.xeill.net\/index.php?rest_route=%2Fwp%2Fv2%2Fcomments&post=443"}],"version-history":[{"count":4,"href":"https:\/\/blog.elpuig.xeill.net\/index.php?rest_route=\/wp\/v2\/posts\/443\/revisions"}],"predecessor-version":[{"id":449,"href":"https:\/\/blog.elpuig.xeill.net\/index.php?rest_route=\/wp\/v2\/posts\/443\/revisions\/449"}],"wp:attachment":[{"href":"https:\/\/blog.elpuig.xeill.net\/index.php?rest_route=%2Fwp%2Fv2%2Fmedia&parent=443"}],"wp:term":[{"taxonomy":"category","embeddable":true,"href":"https:\/\/blog.elpuig.xeill.net\/index.php?rest_route=%2Fwp%2Fv2%2Fcategories&post=443"},{"taxonomy":"post_tag","embeddable":true,"href":"https:\/\/blog.elpuig.xeill.net\/index.php?rest_route=%2Fwp%2Fv2%2Ftags&post=443"}],"curies":[{"name":"wp","href":"https:\/\/api.w.org\/{rel}","templated":true}]}}