{"id":427,"date":"2012-01-30T22:42:04","date_gmt":"2012-01-30T20:42:04","guid":{"rendered":"http:\/\/blog.elpuig.xeill.net\/?p=427"},"modified":"2020-05-06T22:12:26","modified_gmt":"2020-05-06T20:12:26","slug":"que-vols-que-et-facin","status":"publish","type":"post","link":"https:\/\/blog.elpuig.xeill.net\/?p=427","title":{"rendered":"Qu\u00e8 vols que et facin&#8230;?"},"content":{"rendered":"<p>Qu\u00e8 vols que et facin, qu\u00e8 vols que et diguin els minairons? Diu la llegenda, per\u00f2 qui ho sap?, que els minairons (o manairons) de la mitologia pirinenca s\u00f3n diminutes criatures fant\u00e0stiques \u2014una mena de follets hiperactius i xerraires\u2014 que hi caben a milers en un canut de canya o un canut d&#8217;agulles i que si alg\u00fa obre el canut, surten com a un eixam de mosquits espurnejants i comencen a demanar feina i conversa, tot dient: \u201cQu\u00e8 farem, qu\u00e8 direm?\u201d. La for\u00e7a o el poder d&#8217;aquests \u00e9ssers \u00e9s extraordin\u00e0ria. Algunes llegendes del Pirineu, per explicar la formaci\u00f3 de les tarteres, per exemple, diuen que aquestes acumulacions de pedres despreses del cim que hi ha als flancs d&#8217;algunes muntanyes han estat obra d&#8217;aquests follets<em>, quan el seu amo havia obert per descuit o accident l&#8217;ampolleta o canut i desesperat els ordenava aplegar en un punt determinat totes les pedres dels rodals.<\/em><\/p>\n<p><a href=\"http:\/\/blog.elpuig.xeill.net\/wp-content\/uploads\/2012\/01\/Minairons.jpg\"><img loading=\"lazy\" class=\"aligncenter size-full wp-image-428\" title=\"Minairons\" src=\"http:\/\/blog.elpuig.xeill.net\/wp-content\/uploads\/2012\/01\/Minairons.jpg\" alt=\"\" width=\"289\" height=\"72\" \/><\/a>Sobre aquests diablorins, l&#8217;escriptor catal\u00e0 Pep Coll (Pessonada, Pallars Juss\u00e0, 1949) va escriure una novel\u00b7la d&#8217;aventures molt simp\u00e0tica titulada precisament aix\u00ed, <em>Qu\u00e8 farem, qu\u00e8 direm?<\/em> (editorial Cru\u00eflla, Barcelona, 1992).<\/p>\n<p><a href=\"http:\/\/blog.elpuig.xeill.net\/wp-content\/uploads\/2012\/01\/Tartera.jpg\"><img loading=\"lazy\" class=\"aligncenter size-full wp-image-429\" title=\"Tartera\" src=\"http:\/\/blog.elpuig.xeill.net\/wp-content\/uploads\/2012\/01\/Tartera.jpg\" alt=\"\" width=\"274\" height=\"184\" \/><\/a><br \/>\nI com que sabem que alguns dels nostres alumnes de 1r d&#8217;ESO han llegit i s&#8217;han divertit molt amb aquesta novel\u00b7la, potser ara tinguin el mateix somni de la Bet (una nena de tretze anys que viu a Esterri), la seva protagonista i narradora: posseir un canut de minairons per poder demanar-los que facin realitat els seus desitjos i entremaliadures. I en aquest cas, ens agradaria saber qu\u00e8 demanaria cadasc\u00fa. S\u00ed, a veure tu, Gina, que ets m\u00e9s a prop meu: A m\u00e9s dels deures de l&#8217;institut, \u00e9s clar, qu\u00e8 vols que et facin, qu\u00e8 vols que et diguin els minairons? \u00bfQue no has llegit el llibre encara? No t&#8217;amo\u00efnis, dona, no passa res, ja el llegir\u00e0s m\u00e9s endavant: tamb\u00e9 tu ara pots dir-nos qu\u00e8 els demanaries als minairons (o, ja posats, a un elf dom\u00e8stic com els que apareixen, per exemple, als llibres de Harry Potter si el tinguessis a m\u00e0, o a qualsevol altra criatura fant\u00e0stica capa\u00e7 de realitzar els teus somnis, o imagina&#8217;t, si m\u00e9s no, que tens una vareta m\u00e0gica i pots demanar el que vulguis&#8230;). Tu i tots els usuaris o visitants d&#8217;aquest blog: qu\u00e8 demanar\u00edeu als minairons?, <em>qu\u00e8 voleu que us facin, qu\u00e8 voleu que us diguin?<\/em><\/p>\n","protected":false},"excerpt":{"rendered":"<p>Qu\u00e8 vols que et facin, qu\u00e8 vols que et diguin els minairons? Diu la llegenda, per\u00f2 qui ho sap?, que els minairons (o manairons) de la mitologia pirinenca s\u00f3n diminutes criatures fant\u00e0stiques \u2014una mena de follets hiperactius i xerraires\u2014 que &hellip; <a href=\"https:\/\/blog.elpuig.xeill.net\/?p=427\">Continua llegint <span class=\"meta-nav\">&rarr;<\/span><\/a><\/p>\n","protected":false},"author":2,"featured_media":0,"comment_status":"open","ping_status":"open","sticky":false,"template":"","format":"standard","meta":[],"categories":[13],"tags":[48,366,367],"_links":{"self":[{"href":"https:\/\/blog.elpuig.xeill.net\/index.php?rest_route=\/wp\/v2\/posts\/427"}],"collection":[{"href":"https:\/\/blog.elpuig.xeill.net\/index.php?rest_route=\/wp\/v2\/posts"}],"about":[{"href":"https:\/\/blog.elpuig.xeill.net\/index.php?rest_route=\/wp\/v2\/types\/post"}],"author":[{"embeddable":true,"href":"https:\/\/blog.elpuig.xeill.net\/index.php?rest_route=\/wp\/v2\/users\/2"}],"replies":[{"embeddable":true,"href":"https:\/\/blog.elpuig.xeill.net\/index.php?rest_route=%2Fwp%2Fv2%2Fcomments&post=427"}],"version-history":[{"count":16,"href":"https:\/\/blog.elpuig.xeill.net\/index.php?rest_route=\/wp\/v2\/posts\/427\/revisions"}],"predecessor-version":[{"id":2868,"href":"https:\/\/blog.elpuig.xeill.net\/index.php?rest_route=\/wp\/v2\/posts\/427\/revisions\/2868"}],"wp:attachment":[{"href":"https:\/\/blog.elpuig.xeill.net\/index.php?rest_route=%2Fwp%2Fv2%2Fmedia&parent=427"}],"wp:term":[{"taxonomy":"category","embeddable":true,"href":"https:\/\/blog.elpuig.xeill.net\/index.php?rest_route=%2Fwp%2Fv2%2Fcategories&post=427"},{"taxonomy":"post_tag","embeddable":true,"href":"https:\/\/blog.elpuig.xeill.net\/index.php?rest_route=%2Fwp%2Fv2%2Ftags&post=427"}],"curies":[{"name":"wp","href":"https:\/\/api.w.org\/{rel}","templated":true}]}}