{"id":3775,"date":"2023-10-20T16:16:46","date_gmt":"2023-10-20T14:16:46","guid":{"rendered":"https:\/\/blog.elpuig.xeill.net\/?p=3775"},"modified":"2025-07-13T13:03:36","modified_gmt":"2025-07-13T11:03:36","slug":"endevinalles","status":"publish","type":"post","link":"https:\/\/blog.elpuig.xeill.net\/?p=3775","title":{"rendered":"Endevinalles"},"content":{"rendered":"\n<p><em>El professor <a href=\"https:\/\/elpuig.xeill.net\/el-centre\/noticies\/curs-2011-2012\/actes-dhomenatge\/josep-mercade\">Josep Mercad\u00e9 Riambau<\/a> va presentar-se als <a href=\"https:\/\/nules.org\/nules-convoca-els-lxix-jocs-florals-vila-de-nules\/\">LXIX Jocs Florals Vila de Nules <\/a><\/em>d&#8217;aquest any <em>amb un conjunt de <\/em>100 endevinalles per jugar i aprendre de la natura<em> i va rebre el premi al millor poemari infantil. Aqu\u00ed ho teniu.<\/em><\/p>\n\n\n\n<p><strong>100 endevinalles sobre la natura<\/strong><\/p>\n\n\n\n<p>Saps qu\u00e8 \u00e9s una endevinalla?<br>\u00c9s un enigma senzill<br>que tu haur\u00e0s de resoldre<br>amb una mica d\u2019enginy.<br>S\u00f3n f\u00e0cils, no t\u2019hi capfiquis,<br>i si alguna et fa patir<br>en trobes la soluci\u00f3<br>en la p\u00e0gina del fi.<br>Serviran per divertir-te<br>i jugar amb els amics<br>i n\u2019aprendr\u00e0s moltes coses<br>i paraules, no cal dir.<br>Sobre el m\u00f3n dels animals<br>sabr\u00e0s qui porta ver\u00ed,<br>quin vegetal primer \u00e9s verd<br>i negre abans de morir,<br>quin fruit a dins de sa closca<br>amaga un cervell petit,<br>qu\u00e8 s\u00f3n les lluernes blanques<br>que s\u2019encenen a la nit<br>i com surt dalt la muntanya<br>un pont de colors molt vius.<\/p>\n\n\n\n<p>Obertes ja tens les portes<br>per comen\u00e7ar-ne a gaudir<br>d\u2019aquestes endevinalles.<br>I que et facin bon profit!<\/p>\n\n\n\n<ol><li><strong>Animals<\/strong><\/li><\/ol>\n\n\n\n<p> Jo salto de flor en flor<br>fabricant ric elixir.<br>No tinc ni tripes ni cor<br>i, si et pico, moro all\u00ed. (1)<\/p>\n\n\n\n<p>Volo com un ocell<br>per\u00f2 em diuen que soc rata.<br>En les pelis de vampirs<br>em lloguen si els hi faig falta. (2)<\/p>\n\n\n\n<p>Ocell que veus molt sovint,<br>de cos blanc-gris i suau,<br>i encara que embruta molt<br>\u00e9s el s\u00edmbol de la pau.(3)<\/p>\n\n\n\n<p>Jo soc molt treballadora<br>i estalvio per l\u2019hivern.<br>Portant el blat a ma cova<br>jo i les altres menjarem. (4 )<\/p>\n\n\n\n<figure class=\"wp-block-image size-large is-resized\"><img loading=\"lazy\" src=\"https:\/\/blog.elpuig.xeill.net\/wp-content\/uploads\/2023\/10\/Formiga.png\" alt=\"\" class=\"wp-image-3781\" width=\"188\" height=\"258\"\/><\/figure>\n\n\n\n<p>Orelles llargues, cua petita.<br>Jo corro molt i vinc saltant,<br>visc al bosc o en granges se\u2019m cria<br>i d\u2019un barret em sap treure un mag. (5)<\/p>\n\n\n\n<p>Quan jo desplego les potes<br>semblo una m\u00f2bil estrella,<br>i jo nedo molt tranquil<br>si no em fan a la gallega. (6)<\/p>\n\n\n\n<p>Soc mestre de la disfressa,<br>tinc ulls que giren pertot,<br>i tinc la llengua molt llarga<br>que disparo en mig segon. (7)<\/p>\n\n\n\n<p>Jo porto la casa a sobre<br>i em moc ben a poc a poc,<br>m\u2019agrada sortir amb la pluja<br>i m\u2019encanta menjar col. (8)<\/p>\n\n\n\n<figure class=\"wp-block-image size-large is-resized\"><img loading=\"lazy\" src=\"https:\/\/blog.elpuig.xeill.net\/wp-content\/uploads\/2023\/10\/Cargol.jpg\" alt=\"\" class=\"wp-image-3786\" width=\"284\" height=\"156\" srcset=\"https:\/\/blog.elpuig.xeill.net\/wp-content\/uploads\/2023\/10\/Cargol.jpg 310w, https:\/\/blog.elpuig.xeill.net\/wp-content\/uploads\/2023\/10\/Cargol-300x165.jpg 300w\" sizes=\"(max-width: 284px) 100vw, 284px\" \/><\/figure>\n\n\n\n<p>Com mon amic dromedari<br>jo faig la vida al desert;<br>per\u00f2 jo tinc dues gepes,<br>no com ell, i \u00e9s ben b\u00e9 cert<br>que de mi tot s\u2019aprofita:<br>la pell, la carn i la llet. (9)<\/p>\n\n\n\n<p>\u00c9s gran i noble animal<br>que corre i tamb\u00e9 treballa,<br>menja alfals i dorm en palla.<br>Que f\u00e0cil ho tens, xaval! (10)<\/p>\n\n\n\n<p>T\u00e9 ales curtes i no vola<br>cames llargues, corre molt.<br>Es defensa amb bec i potes<br>i pon un ou grandi\u00f3s. (11)<\/p>\n\n\n\n<p>S\u00f3c parent de la granota<br>per\u00f2 diuen que s\u00f3c m\u00e9s lleig.<br>Pell rugosa, salts petits,<br>menjo insectes pel torrent. (12)<\/p>\n\n\n\n<figure class=\"wp-block-image size-large is-resized\"><img loading=\"lazy\" src=\"https:\/\/blog.elpuig.xeill.net\/wp-content\/uploads\/2023\/10\/Gripau-1.png\" alt=\"\" class=\"wp-image-3788\" width=\"177\" height=\"210\"\/><\/figure>\n\n\n\n<p>Si no tens un microscopi<br>no em veur\u00e0s de tan petit<br>per\u00f2 jo puc emmalaltir-te<br>fins al punt que pots morir (13)<\/p>\n\n\n\n<p>Tinc el cos cobert de pues,<br>soc mass\u00eds, rod\u00f3, pesant.<br>M\u2019enrotllo com una bola<br>si m\u2019estan amena\u00e7ant.<br>Surto a ca\u00e7ar al capvespre,<br>molts morim atropellats. (14)<\/p>\n\n\n\n<p>Endevina, petitona,<br>quin \u00e9s aquell animal<br>que ens imita a cada estona<br>i que creuen que tu hi vas<br>quan troben que vas bufona. (15)<\/p>\n\n\n\n<p>Jo soc el rei de la selva.<br>Soc ferotge, noble i fort,<br>porto llarga cabellera<br>i, si m\u2019empipes, ets mort. (16)<\/p>\n\n\n\n<div class=\"wp-block-image\"><figure class=\"aligncenter size-large is-resized\"><img loading=\"lazy\" src=\"https:\/\/blog.elpuig.xeill.net\/wp-content\/uploads\/2023\/10\/Lleo.png\" alt=\"\" class=\"wp-image-3789\" width=\"352\" height=\"191\" srcset=\"https:\/\/blog.elpuig.xeill.net\/wp-content\/uploads\/2023\/10\/Lleo.png 454w, https:\/\/blog.elpuig.xeill.net\/wp-content\/uploads\/2023\/10\/Lleo-300x163.png 300w\" sizes=\"(max-width: 352px) 100vw, 352px\" \/><\/figure><\/div>\n\n\n\n<p>S\u00f3c petitona i poruga,<br>encenc ma llum a la nit,<br>la m\u00e9s coneguda eruga.<br>Els meus noms s\u00f3n m\u00e9s de vint. (17)<\/p>\n\n\n\n<p>Mesclant palla i fang<br>elles fan el niu.<br>S\u00f3n blanques i negres,<br>tornen a l\u2019estiu. (18)<\/p>\n\n\n\n<p>T\u00e9 mem\u00f2ria fabulosa,<br>un fi olfacte i dura pell<br>i la m\u00e0nega m\u00e9s grossa<br>que en el m\u00f3n hi pot haver. (19)<\/p>\n\n\n\n<p>Una corda que es belluga<br>i que corre sense potes,<br>per\u00f2 vigila perqu\u00e8 alguna<br>pot ser-ne molt perillosa. (20)<\/p>\n\n\n\n<figure class=\"wp-block-image size-large is-resized\"><img loading=\"lazy\" src=\"https:\/\/blog.elpuig.xeill.net\/wp-content\/uploads\/2023\/10\/Serp.png\" alt=\"\" class=\"wp-image-3809\" width=\"336\" height=\"161\" srcset=\"https:\/\/blog.elpuig.xeill.net\/wp-content\/uploads\/2023\/10\/Serp.png 421w, https:\/\/blog.elpuig.xeill.net\/wp-content\/uploads\/2023\/10\/Serp-300x144.png 300w\" sizes=\"(max-width: 336px) 100vw, 336px\" \/><\/figure>\n\n\n\n<p>Soc negre i de vida curta,<br>en les potes hi tinc dents,<br>m\u2019agrada sortir de nit<br>i cantar molt estrident. (21)<\/p>\n\n\n\n<p>A les tardes de l\u2019estiu<br>em sentir\u00e0s cantar fort.<br>Amb membranes vibrat\u00f2ries<br>crido alarma o faig la cort. (22)<\/p>\n\n\n\n<p>Jo tinc la cua molt llarga<br>i el bec molt fort.<br>Ma cua \u00e9s un espectacle<br>quan la desplego del tot. (23)<\/p>\n\n\n\n<p>Faig menys f\u00e0stic que la rata<br>perqu\u00e8 s\u00f3c m\u00e9s petitet.<br>Corro pel camp o la casa<br>i m\u2019amago dels gatets. (24)<\/p>\n\n\n\n<figure class=\"wp-block-image size-large is-resized\"><img loading=\"lazy\" src=\"https:\/\/blog.elpuig.xeill.net\/wp-content\/uploads\/2023\/10\/Ratoli.png\" alt=\"\" class=\"wp-image-3810\" width=\"278\" height=\"177\" srcset=\"https:\/\/blog.elpuig.xeill.net\/wp-content\/uploads\/2023\/10\/Ratoli.png 316w, https:\/\/blog.elpuig.xeill.net\/wp-content\/uploads\/2023\/10\/Ratoli-300x191.png 300w\" sizes=\"(max-width: 278px) 100vw, 278px\" \/><\/figure>\n\n\n\n<p>Tinc una cua molt llarga<br>tota plena de ver\u00ed.<br>Si et pico et far\u00e9 molt mal,<br>no t\u2019apropis mai a mi. (25)<\/p>\n\n\n\n<p>Una b\u00e8stia molt petita<br>que salta com la llagosta;<br>ens pica causant dolor<br>ja que \u00e9s molt empipadora. (26)<\/p>\n\n\n\n<p>Pot ser que molts espanyols<br>em martiritzin en places<br>i en facin la gran festassa<br>dient que \u00e9s cultura i prou? (27)<\/p>\n\n\n\n<p>\u00c9s un velo\u00e7 nedador,<br>t\u00e9 morro i dents afilades.<br>Amb la cua de motor<br>pot gastar males passades. (28)<\/p>\n\n\n\n<figure class=\"wp-block-image size-large\"><img loading=\"lazy\" width=\"433\" height=\"149\" src=\"https:\/\/blog.elpuig.xeill.net\/wp-content\/uploads\/2023\/10\/Tauro.png\" alt=\"\" class=\"wp-image-3811\" srcset=\"https:\/\/blog.elpuig.xeill.net\/wp-content\/uploads\/2023\/10\/Tauro.png 433w, https:\/\/blog.elpuig.xeill.net\/wp-content\/uploads\/2023\/10\/Tauro-300x103.png 300w\" sizes=\"(max-width: 433px) 100vw, 433px\" \/><\/figure>\n\n\n\n<p>S\u00f3c el m\u00e9s fidel amic<br>que mai has tingut.<br>S\u00e9 moure la cua<br>i avisar amb lladrucs- (29)<\/p>\n\n\n\n<p>Sorg\u00ed d\u2019una tomba obscura<br>i vaig comen\u00e7ar a volar.<br>Soc molt fina i delicada,<br>ma bellesa no t\u00e9 igual.<br>Jo volo de flor en flor<br>i aix\u00ed les vaig fecundant.<br>Quan m\u2019aparello i ponc ous<br>ma vida ja s\u2019ha acabat.(30)<\/p>\n\n\n\n<figure class=\"wp-block-image size-large is-resized\"><img loading=\"lazy\" src=\"https:\/\/blog.elpuig.xeill.net\/wp-content\/uploads\/2023\/10\/Papallona.png\" alt=\"\" class=\"wp-image-3812\" width=\"243\" height=\"204\"\/><\/figure>\n\n\n\n<p>Ella \u00e9s la m\u00e9s saltadora<br>dels insectes que conec.<br>Quan s\u2019ajunten en un camp<br>d\u2019all\u00e0 ja no en queda res. (31)<\/p>\n\n\n\n<p>Viu a dalt dels arbres<br>i cava en els troncs<br>sa fosca caseta<br>on guarda pinyons. (32)<\/p>\n\n\n\n<figure class=\"wp-block-image size-large is-resized\"><img loading=\"lazy\" src=\"https:\/\/blog.elpuig.xeill.net\/wp-content\/uploads\/2023\/10\/Esquirol.png\" alt=\"\" class=\"wp-image-3813\" width=\"213\" height=\"177\"\/><\/figure>\n\n\n\n<p>Endevina, endevinalla,<br>saps qui t\u00e9 un ou a la panxa?<br>Endevina, endevinalla,<br>quin ocell pon a la palla? (33)<\/p>\n\n\n\n<p>Ta mare ha mirat a voltes<br>si estic entre els teus cabells<br>perqu\u00e8, petit com soc, xuclo<br>sang o mossego pell.<br>I soc molt empipador<br>i puc passar-me als dem\u00e9s. (34)<\/p>\n\n\n\n<p>No s\u00f3c rei per\u00f2 duc corona,<br>porto daurat esper\u00f3.<br>Jo canto a la matinada<br>i s\u00f3c de dames senyor. (35)<\/p>\n\n\n\n<p>Jo del ventre de la mare?<br>Quina vergonya!<br>La meva \u00e0via em digu\u00e9<br>que em port\u00e0 la\u2026 (36)<\/p>\n\n\n\n<figure class=\"wp-block-image size-large is-resized\"><img loading=\"lazy\" src=\"https:\/\/blog.elpuig.xeill.net\/wp-content\/uploads\/2023\/10\/Cigonya.png\" alt=\"\" class=\"wp-image-3815\" width=\"281\" height=\"296\" srcset=\"https:\/\/blog.elpuig.xeill.net\/wp-content\/uploads\/2023\/10\/Cigonya.png 310w, https:\/\/blog.elpuig.xeill.net\/wp-content\/uploads\/2023\/10\/Cigonya-286x300.png 286w\" sizes=\"(max-width: 281px) 100vw, 281px\" \/><\/figure>\n\n\n\n<p>Una senyora amb vuit potes<br>teixeix com no ho fa ning\u00fa.<br>Para la trampa perfecta<br>i si alg\u00fa hi cau: Tururut! (37)<\/p>\n\n\n\n<p>Vuit potes per\u00f2 sense cap,<br>avan\u00e7a cap endarrere,<br>si et pessiga et pot fer mal.<br>Tu saps quin animal era? (38)<\/p>\n\n\n\n<p>No arribar\u00e9 a papallona.<br>Despr\u00e9s de treballar molt<br>menjant fulles de morera<br>per fabricar un bell tresor,<br>per poder disposar d\u2019ell<br>m\u2019ofegareu en capoll. (39)<\/p>\n\n\n\n<p>Encara que us represento<br>el meu nom \u00e9s un insult.<br>Uns s\u2019espanten quan jo canto<br>i hi ha qui em puja al damunt. (40)<\/p>\n\n\n\n<div class=\"wp-block-image\"><figure class=\"aligncenter size-large is-resized\"><img loading=\"lazy\" src=\"https:\/\/blog.elpuig.xeill.net\/wp-content\/uploads\/2023\/10\/Ruc.jpg\" alt=\"\" class=\"wp-image-3816\" width=\"307\" height=\"256\" srcset=\"https:\/\/blog.elpuig.xeill.net\/wp-content\/uploads\/2023\/10\/Ruc.jpg 337w, https:\/\/blog.elpuig.xeill.net\/wp-content\/uploads\/2023\/10\/Ruc-300x249.jpg 300w\" sizes=\"(max-width: 307px) 100vw, 307px\" \/><\/figure><\/div>\n\n\n\n<p><strong>2. Vegetals<\/strong><\/p>\n\n\n\n<p>Tinc molts bra\u00e7os i un sol peu,<br>jo em vesteixo per l\u2019estiu<br>i em despullen a l\u2019hivern.<br>En primavera faig goig,<br>a l\u2019estiu us dono ombra,<br>a la tardor aliment<br>i tot aix\u00f2 sense moure\u2019m. (41)<\/p>\n\n\n\n<p>T\u00e9 dents per\u00f2 no t\u00e9 boca,<br>t\u00e9 cap per\u00f2 no t\u00e9 peus,<br>t\u00e9 barba i no s\u2019afaita<br>i l\u2019olores quan no el veus. (42)<\/p>\n\n\n\n<p>S\u00f3c petita, petiteta,<br>i dormo sota terra.<br>Quan sigui m\u00e9s gran<br>ser\u00e9 maca i verda.(43)<\/p>\n\n\n\n<p>De fora s\u00f3c marronosa,<br>de dintre blanc transparent,<br>em vesteixo amb moltes capes<br>i faig plorar a molta gent. (44)<\/p>\n\n\n\n<figure class=\"wp-block-image size-large\"><img loading=\"lazy\" width=\"208\" height=\"232\" src=\"https:\/\/blog.elpuig.xeill.net\/wp-content\/uploads\/2023\/10\/Ceba.png\" alt=\"\" class=\"wp-image-3817\"\/><\/figure>\n\n\n\n<p>Primer \u00e9s verd,<br>negre despr\u00e9s, ans de morir<br>molt tu te\u2019l beus. (45)<\/p>\n\n\n\n<p>Soc un arbre mil\u00b7lenari,<br>mon fruit dona l\u00edquid d\u2019or.<br>jo visc al Mediterrani,<br>dono pau i serenor. (46)<\/p>\n\n\n\n<p>S\u00f3c la reina de les flors.<br>Em regalen per Sant Jordi<br>perqu\u00e8 s\u00f3c s\u00edmbol d\u2019amor. (47)<\/p>\n\n\n\n<p>Cada gra cent en dar\u00e0<br>enterrat a sota terra<br>i ja, despr\u00e9s de la sega,<br>es tornar\u00e0 el nostre pa. (48)<\/p>\n\n\n\n<p>Verd fou el meu naixement<br>i negra ma joventut,<br>despr\u00e9s vaig vestir de blanc<br>abans d\u2019estar ja perdut.<br>Per\u00f2 dins meu porto un ver\u00ed<br>que potser no \u00e9s conegut<br>i si tu el proves massa<br>et pot portar al ta\u00fct. (49)<\/p>\n\n\n\n<p>S\u00f3c l\u2019aliment preferit<br>dels pa\u00efsos asi\u00e0tics.<br>Necessito camps humits<br>i en paelles solc estar-hi. (50)<\/p>\n\n\n\n<p>Un arbre que et dona pinyes<br>algunes tamb\u00e9 amb pinyons.<br>Quin goig passejar-te entre ells<br>respirant a ple pulm\u00f3! (51)<\/p>\n\n\n\n<p>Jo porto alegria als homes<br>i els faig dir la veritat;<br>Per\u00f2, compte!, si caus borratxo<br>et far\u00e9 dir disbarats. (52)<\/p>\n\n\n\n<figure class=\"wp-block-image size-large\"><img loading=\"lazy\" width=\"122\" height=\"275\" src=\"https:\/\/blog.elpuig.xeill.net\/wp-content\/uploads\/2023\/10\/Vi.png\" alt=\"\" class=\"wp-image-3818\"\/><\/figure>\n\n\n\n<p>Esvalotat enciam,<br>cada fulla fent xat\u00f3.<br>Ronda pel cap, ves pensant,<br>la que t\u2019he dit soluci\u00f3. (53)<\/p>\n\n\n\n<p>Soc una monja petita<br>que no faig mal a ning\u00fa,<br>per\u00f2 em posen dintre de l\u2019olla<br>per devorar-me en dej\u00fa. (54)<\/p>\n\n\n\n<p>Cara tens de presentar-te<br>amb un suspens de l\u2019escola?<br>Caldr\u00e0 tirar-te a la bassa<br>per deixar de fer tabola? (55)<\/p>\n\n\n\n<p>Som unes plantes boniques<br>de formes molt variades,<br>Aguantem b\u00e9 la calor<br>per\u00f2 et punxem si tu ens agafes. (56)<\/p>\n\n\n\n<figure class=\"wp-block-image size-large\"><img loading=\"lazy\" width=\"174\" height=\"302\" src=\"https:\/\/blog.elpuig.xeill.net\/wp-content\/uploads\/2023\/10\/Cactus.jpg\" alt=\"\" class=\"wp-image-3819\" srcset=\"https:\/\/blog.elpuig.xeill.net\/wp-content\/uploads\/2023\/10\/Cactus.jpg 174w, https:\/\/blog.elpuig.xeill.net\/wp-content\/uploads\/2023\/10\/Cactus-173x300.jpg 173w\" sizes=\"(max-width: 174px) 100vw, 174px\" \/><\/figure>\n\n\n\n<p><strong>3. Fruits i fruites<\/strong><\/p>\n\n\n\n<p>Com l\u2019avellana, ma amiga,<br>soc al torr\u00f3 o xocolata,<br>per\u00f2 de mi en fan panellets,<br>(d\u2019aix\u00f2 ella no en sap massa). (57)<\/p>\n\n\n\n<p>Quan era jove era verd<br>i, de vell, m\u2019he tornat groc.<br>Si m\u2019esprems i em vols beure<br>millor posa sucre al got. (58)<\/p>\n\n\n\n<p>S\u00f3c un parent de la s\u00edndria<br>per\u00f2 jo s\u00f3c molt m\u00e9s dol\u00e7.<br>Amb pernil tamb\u00e9 se\u2019m mengen<br>per\u00f2 sol tamb\u00e9 estic molt bo. (59)<\/p>\n\n\n\n<p>Vermella, groga o verdeta.<br>Al cor hi guardo llavors.<br>S\u00f3c rodoneta, gustosa,<br>i sempre faig molt de goig. (60)<\/p>\n\n\n\n<figure class=\"wp-block-image size-large\"><img loading=\"lazy\" width=\"203\" height=\"201\" src=\"https:\/\/blog.elpuig.xeill.net\/wp-content\/uploads\/2023\/10\/Poma.png\" alt=\"\" class=\"wp-image-3820\" srcset=\"https:\/\/blog.elpuig.xeill.net\/wp-content\/uploads\/2023\/10\/Poma.png 203w, https:\/\/blog.elpuig.xeill.net\/wp-content\/uploads\/2023\/10\/Poma-150x150.png 150w\" sizes=\"(max-width: 203px) 100vw, 203px\" \/><\/figure>\n\n\n\n<p>S\u00f3c una capseta<br>xica i rodoneta.<br>Dintre hi ha cervell petit<br>molt bo per llepar-se els dits. (61)<\/p>\n\n\n\n<p>Verd fou el meu naixement<br>i de vell m\u2019he tornat groc.<br>Soc canari per\u00f2 no canto<br>i els micos m\u2019estimen molt. (62)<\/p>\n\n\n\n<p>Ve de la vinya<br>ell tot campant,<br>n\u2019hi ha de negre,<br>n\u2019hi ha de blanc.<br>Tu pots menjar-te\u2019l<br>de gra en gra.(63)<\/p>\n\n\n\n<p>Soc verda per fora,<br>vermella per dins.<br>A l\u2019estiu\u2026 Que bona!,<br>diuen els fadrins. (64)<\/p>\n\n\n\n<figure class=\"wp-block-image size-large\"><img loading=\"lazy\" width=\"201\" height=\"160\" src=\"https:\/\/blog.elpuig.xeill.net\/wp-content\/uploads\/2023\/10\/Sindria.jpg\" alt=\"\" class=\"wp-image-3821\"\/><\/figure>\n\n\n\n<p>S\u00f3c rodoneta i m\u2019amago<br>dins d\u2019una closca.<br>Si em torres estar\u00e9<br>d\u2019all\u00f2 m\u00e9s bona. (65)<\/p>\n\n\n\n<p>Tinc deu grills per\u00f2 els tinc tots muts.<br>Nascuda verda a Val\u00e8ncia,<br>m\u2019he tornat groga rogenca<br>i em mengen grans i menuts. (66)<\/p>\n\n\n\n<p>Blanca era quan nasqu\u00ed<br>i despr\u00e9s em torn\u00ed verda,<br>vermella despr\u00e9s, i negra<br>a l\u2019hora que se\u2019m crusp\u00ed. (67)<\/p>\n\n\n\n<p>Qu\u00e8 bones s\u00f3n i vermelles!<br>Semblen roges arracades<br>si les penges de l\u2019orella. (68)<\/p>\n\n\n\n<figure class=\"wp-block-image size-large\"><img loading=\"lazy\" width=\"179\" height=\"202\" src=\"https:\/\/blog.elpuig.xeill.net\/wp-content\/uploads\/2023\/10\/Cireres.png\" alt=\"\" class=\"wp-image-3822\"\/><\/figure>\n\n\n\n<p>Els pares s\u00f3n alts i verds,<br>les mares s\u00f3n bonyegudes,<br>i els fills morenos, primets,<br>i els nets blancs i bona fruita. (69)<\/p>\n\n\n\n<p><strong>Espera<\/strong> que aquesta fruita<br>t\u00e9 forma piramidal.<br>I no et dir\u00e9 m\u00e9s, vailet,<br>ja te n\u2019he donat senyal. (70)<\/p>\n\n\n\n<p>Jo entro a les amanides<br>i tamb\u00e9 als sofregits,<br>faig tornar vermell el pa<br>quan el caso amb el pernil. (71)<\/p>\n\n\n\n<p>A Granada hi ha un convent<br>amb m\u00e9s de cent monges dintre.<br>Vesteixen h\u00e0bits vermells<br>i jo me les menjaria. (72)<\/p>\n\n\n\n<figure class=\"wp-block-image size-large\"><img loading=\"lazy\" width=\"149\" height=\"162\" src=\"https:\/\/blog.elpuig.xeill.net\/wp-content\/uploads\/2023\/10\/Magrana.png\" alt=\"\" class=\"wp-image-3824\"\/><\/figure>\n\n\n\n<p><strong>4. Elements del paisatge<\/strong><\/p>\n\n\n\n<p>Des de fa mil segles<br>tot segueix igual:<br>Vingueren ahir<br>i vindran dem\u00e0,<br>sovint enfurides,<br>m\u00e9s sovint suaus. (73)<\/p>\n\n\n\n<p>Llanterna gegant<br>que a la nit ajuda<br>tots els navegants. (74)<\/p>\n\n\n\n<figure class=\"wp-block-image size-large\"><img loading=\"lazy\" width=\"192\" height=\"362\" src=\"https:\/\/blog.elpuig.xeill.net\/wp-content\/uploads\/2023\/10\/Far.png\" alt=\"\" class=\"wp-image-3825\" srcset=\"https:\/\/blog.elpuig.xeill.net\/wp-content\/uploads\/2023\/10\/Far.png 192w, https:\/\/blog.elpuig.xeill.net\/wp-content\/uploads\/2023\/10\/Far-159x300.png 159w\" sizes=\"(max-width: 192px) 100vw, 192px\" \/><\/figure>\n\n\n\n<p>Ull que mira cap al cel,<br>humit, obscur i rod\u00f3.<br>S\u2019empassa moltes galledes<br>cap a dintre del seu coll. (75)<\/p>\n\n\n\n<p>Encara que no tinc boca<br>devoro el que tinc davant<br>i, repartit, jo augmento,<br>em faig cada cop m\u00e9s gran. (76)<\/p>\n\n\n\n<figure class=\"wp-block-image size-large\"><img loading=\"lazy\" width=\"199\" height=\"269\" src=\"https:\/\/blog.elpuig.xeill.net\/wp-content\/uploads\/2023\/10\/Foc.png\" alt=\"\" class=\"wp-image-3827\"\/><\/figure>\n\n\n\n<p>N\u2019hi ha de vent, n\u2019hi ha d\u2019aigua<br>i els que fan servir animals.<br>Tots donen voltes i voltes<br>per moldre i remoure el gra. (77)<\/p>\n\n\n\n<p>Fugint del brogit dels cotxes<br>caminen per mi tranquils.<br>Jo porto d\u2019un lloc a un altre<br>fins que arriben al dest\u00ed. (78)<\/p>\n\n\n\n<p>Jo bramo, escupo, marejo,<br>s\u00f3c tomba, abisme i mirall.<br>A mi van a parar els rius<br>i tinc vaixells navegant. (79)<\/p>\n\n\n\n<p>Neixo molt esquifidet<br>all\u00e0 dalt de la muntanya,<br>i, en c\u00f3rrer, ja vaig creixent<br>fins que ajunto amb la mar l\u2019aigua. (80)<\/p>\n\n\n\n<figure class=\"wp-block-image size-large is-resized\"><img loading=\"lazy\" src=\"https:\/\/blog.elpuig.xeill.net\/wp-content\/uploads\/2023\/10\/Riu.png\" alt=\"\" class=\"wp-image-3828\" width=\"389\" height=\"265\"\/><\/figure>\n\n\n\n<p>Puc ser blanc o puc ser negre,<br>no m\u2019atrapen mai.<br>Jo faig plorar els m\u00e9s valents<br>i t\u2019ofego si en mi caus. (81)<\/p>\n\n\n\n<p>Milions de lluernes blanques<br>que s\u2019encenen a la nit.<br>Tu no podr\u00e0s pas comptar-les<br>i ens fan sentir molt petits. (82)<\/p>\n\n\n\n<p>Dono voltes a la terra<br>i diuen que estan amb mi<br>els distrets i els poetes<br>que semblen no viure aqu\u00ed. (83)<\/p>\n\n\n\n<figure class=\"wp-block-image size-large\"><img loading=\"lazy\" width=\"136\" height=\"150\" src=\"https:\/\/blog.elpuig.xeill.net\/wp-content\/uploads\/2023\/10\/Lluna.png\" alt=\"\" class=\"wp-image-3829\"\/><\/figure>\n\n\n\n<p>Qui ser\u00e0, ser\u00e0,<br>que de dia surt<br>i de nit se\u2019n va? (84)<\/p>\n\n\n\n<p>\u00c9s amiga dels amants,<br>dels lladres i dormilegues,<br>apaivaga el son dels nens<br>amb son gran mantell d\u2019estrelles. (85)<\/p>\n\n\n\n<figure class=\"wp-block-image size-large is-resized\"><img loading=\"lazy\" src=\"https:\/\/blog.elpuig.xeill.net\/wp-content\/uploads\/2023\/10\/Nit.jpg\" alt=\"\" class=\"wp-image-3830\" width=\"366\" height=\"250\"\/><\/figure>\n\n\n\n<p><strong>5. Fen\u00f2mens atmosf\u00e8rics i estacions<\/strong><\/p>\n\n\n\n<p>Jo n&#8217;era aigua                                                                                                                                    per\u00f2 amb tant de fred<br>canvio de sexe.<br>Hi tinc el dret. (86)<\/p>\n\n\n\n<p>Dos gegants molt enfadats<br>xoquen i neixo jo.<br>S\u00f3c una gran resplendor<br>que a tots deixo enlluernats. (87)<\/p>\n\n\n\n<p>Jo porto vestit de flors<br>i al meu pas faig cr\u00e9ixer l\u2019herba.<br>Temps suau, potser pluj\u00f3s<br>i una alegria que esvera. (88)<\/p>\n\n\n\n<p>Jo toco molts instruments<br>i empenyo sense mans,<br>m\u2019agrada aixecar faldilles<br>i fer algunes malvestats. (89)<\/p>\n\n\n\n<figure class=\"wp-block-image size-large is-resized\"><img loading=\"lazy\" src=\"https:\/\/blog.elpuig.xeill.net\/wp-content\/uploads\/2023\/10\/Vent.png\" alt=\"\" class=\"wp-image-3831\" width=\"300\" height=\"184\"\/><\/figure>\n\n\n\n<p>A tot vivent dono vida<br>per\u00f2 a mi ning\u00fa em veu.<br>A l\u2019estiu la gent em crida<br>per\u00f2 s\u00f3c molest a l\u2019hivern. (90)<\/p>\n\n\n\n<p>Veu del cel esfere\u00efdora<br>nascuda d\u2019aigua i de llum.<br>T\u2019espanta si ets a la vora,<br>la sents bramar des de lluny. (91)<\/p>\n\n\n\n<p>Jo he portat la calor<br>i les vacances d\u2019escola,<br>el bany a l\u2019hora del sol<br>i, a les nits, gresca i tabola. (92)<\/p>\n\n\n\n<p>Un pont de colors molt vius<br>ha sorgit dalt la muntanya.<br>Quan la pluja s\u2019ha acabat<br>tot ha tornat a la calma. (93)<\/p>\n\n\n\n<figure class=\"wp-block-image size-large is-resized\"><img loading=\"lazy\" src=\"https:\/\/blog.elpuig.xeill.net\/wp-content\/uploads\/2023\/10\/Arc-de-Sant-Marti.png\" alt=\"\" class=\"wp-image-3832\" width=\"390\" height=\"190\" srcset=\"https:\/\/blog.elpuig.xeill.net\/wp-content\/uploads\/2023\/10\/Arc-de-Sant-Marti.png 338w, https:\/\/blog.elpuig.xeill.net\/wp-content\/uploads\/2023\/10\/Arc-de-Sant-Marti-300x146.png 300w\" sizes=\"(max-width: 390px) 100vw, 390px\" \/><\/figure>\n\n\n\n<p>Quatre senyores gracioses<br>es reparteixen tot l\u2019any:<br>una ens porta moltes roses,<br>una altra ens empeny al bany,<br>l\u2019altra desfulla les fulles<br>i l\u2019altra es vesteix de blanc. (94)<\/p>\n\n\n\n<p>El pag\u00e8s b\u00e9 que m\u2019espera<br>si li caic a poc a poc.<br>Si caic tota enfurismada<br>puc fer molt mal a tothom. (95)<\/p>\n\n\n\n<p>Poc a poc cauen les fulles<br>i fa una mica de fred.<br>Ja heu tornat al col\u00b7legi.<br>Temps de menjar panellets. (96)<\/p>\n\n\n\n<p>Caient, caient dono vida.<br>Pujant, pujant dono mort.<br>Suau, m\u2019estimen a l\u2019hort,<br>massa, esguerro la partida. (97)<\/p>\n\n\n\n<figure class=\"wp-block-image size-large\"><img loading=\"lazy\" width=\"257\" height=\"204\" src=\"https:\/\/blog.elpuig.xeill.net\/wp-content\/uploads\/2023\/10\/Llet.png\" alt=\"\" class=\"wp-image-3833\"\/><\/figure>\n\n\n\n<p>Fa molt de fred<br>i cau la neu.<br>Vora el pessebre<br>jo espero els reis. (98)<\/p>\n\n\n\n<p>Un mantell blanc que cobreix<br>arbres i camps per\u00f2 no el riu.<br>\u00c9s la filla de sa mare<br>que ella retorna al niu. (99)<\/p>\n\n\n\n<p>Veig un cot\u00f3 fluix molt gran<br>si miro cap dalt del cel.<br>Saps tu si es cura amb ell<br>la ferida d\u2019un gegant? (100)<\/p>\n\n\n\n<figure class=\"wp-block-image size-large is-resized\"><img loading=\"lazy\" src=\"https:\/\/blog.elpuig.xeill.net\/wp-content\/uploads\/2023\/10\/Nuvol.png\" alt=\"\" class=\"wp-image-3834\" width=\"302\" height=\"185\"\/><\/figure>\n\n\n\n<p class=\"has-text-align-right\">Josep Mercad\u00e9 Riambau<\/p>\n\n\n\n<p><strong>Solucions<\/strong><\/p>\n\n\n\n<p>1) Abella, 2) rata-pinyada, 3) colom, 4) formiga, 5) conill, 6) pop,<br>7) camale\u00f3, 8) cargol, 9) camell, 10) cavall, 11) estru\u00e7, 12) gripau,<br>13) microbi, 14) eri\u00e7\u00f3, 15) mona, 16) lle\u00f3, 17) lluerna, 18) orenetes,<br>19) elefant, 20) serp, 21) grill, 22) cigala, 23) pa\u00f3, 24) ratol\u00ed, 25) escorp\u00ed,<br>26) pu\u00e7a, 27) toro, 28) taur\u00f3, 29) gos, 30), papallona, 31) llagosta,<br>32) esquirol, 33) gallina, 34) poll, 35) gall, 36) cigonya, 37) aranya,<br>38) cranc, 39) cuc de seda, 40) ruc, 41) arbre, 42) all, 43) llavor, 44) ceba,<br>45) caf\u00e8, 46) olivera, 47) rosa, 48) blat, 49) tabac, 50) arr\u00f2s, 51) pi, 52) vi,<br>53) escarola, 54) mongeta, 55) carabassa, 56) cactus, 57) ametlla,<br>58) llimona, 59) mel\u00f3, 60) poma, 61) nou, 62) pl\u00e0tan, 63) ra\u00efm, 64) s\u00edndria, 65) avellana, 66) taronja, 67) mora, 68) cireres, 69) pinyes i pinyons,<br>70) pera, 71) tom\u00e0quet, 72) magrana, 73) ones, 74) far, 75, pou, 76) foc, 77) mol\u00ed, 78) cam\u00ed, 79) mar, 80) riu, 81) fum, 82) estrelles, 83) lluna,<br>84) sol, 85) nit, 86) gel, 87) llampec, 88) primavera, 89) vent, 90) aire,<br>91) tro, 92) estiu, 93) arc de Sant Mart\u00ed, 94) les quatre estacions, 95) pluja,<br>96) tardor, 97) aigua, 98) hivern, 99) neu, 100) n\u00favol.<\/p>\n\n\n\n<p><strong>N.B.: <\/strong>Aquestes 100 endevinalles in\u00e8dites (diferents de les d\u2019un llibre publicat per mi) formen part d\u2019un recull de 300, no presentat a cap editorial. Aquest treball no ha estat premiat a cap concurs ni presentat a cap altre. Hi he posat les il\u00b7lustracions d\u2019un amic meu, amb el seu perm\u00eds, perqu\u00e8 crec que aix\u00ed queda m\u00e9s bonic.<\/p>\n","protected":false},"excerpt":{"rendered":"<p>El professor Josep Mercad\u00e9 Riambau va presentar-se als LXIX Jocs Florals Vila de Nules d&#8217;aquest any amb un conjunt de 100 endevinalles per jugar i aprendre de la natura i va rebre el premi al millor poemari infantil. Aqu\u00ed ho &hellip; <a href=\"https:\/\/blog.elpuig.xeill.net\/?p=3775\">Continua llegint <span class=\"meta-nav\">&rarr;<\/span><\/a><\/p>\n","protected":false},"author":2,"featured_media":0,"comment_status":"open","ping_status":"open","sticky":false,"template":"","format":"standard","meta":[],"categories":[505],"tags":[502],"_links":{"self":[{"href":"https:\/\/blog.elpuig.xeill.net\/index.php?rest_route=\/wp\/v2\/posts\/3775"}],"collection":[{"href":"https:\/\/blog.elpuig.xeill.net\/index.php?rest_route=\/wp\/v2\/posts"}],"about":[{"href":"https:\/\/blog.elpuig.xeill.net\/index.php?rest_route=\/wp\/v2\/types\/post"}],"author":[{"embeddable":true,"href":"https:\/\/blog.elpuig.xeill.net\/index.php?rest_route=\/wp\/v2\/users\/2"}],"replies":[{"embeddable":true,"href":"https:\/\/blog.elpuig.xeill.net\/index.php?rest_route=%2Fwp%2Fv2%2Fcomments&post=3775"}],"version-history":[{"count":69,"href":"https:\/\/blog.elpuig.xeill.net\/index.php?rest_route=\/wp\/v2\/posts\/3775\/revisions"}],"predecessor-version":[{"id":3879,"href":"https:\/\/blog.elpuig.xeill.net\/index.php?rest_route=\/wp\/v2\/posts\/3775\/revisions\/3879"}],"wp:attachment":[{"href":"https:\/\/blog.elpuig.xeill.net\/index.php?rest_route=%2Fwp%2Fv2%2Fmedia&parent=3775"}],"wp:term":[{"taxonomy":"category","embeddable":true,"href":"https:\/\/blog.elpuig.xeill.net\/index.php?rest_route=%2Fwp%2Fv2%2Fcategories&post=3775"},{"taxonomy":"post_tag","embeddable":true,"href":"https:\/\/blog.elpuig.xeill.net\/index.php?rest_route=%2Fwp%2Fv2%2Ftags&post=3775"}],"curies":[{"name":"wp","href":"https:\/\/api.w.org\/{rel}","templated":true}]}}