{"id":366,"date":"2012-01-15T14:48:14","date_gmt":"2012-01-15T12:48:14","guid":{"rendered":"http:\/\/blog.elpuig.xeill.net\/?p=366"},"modified":"2012-01-25T08:08:46","modified_gmt":"2012-01-25T06:08:46","slug":"eliminacio-de-la-pobresa-utopia-o-conformisme","status":"publish","type":"post","link":"https:\/\/blog.elpuig.xeill.net\/?p=366","title":{"rendered":"Eliminaci\u00f3 de la pobresa: utopia o conformisme?"},"content":{"rendered":"<p><em>Una alumna de 1r de batxillerat, Noelia Lorenzo Fern\u00e1ndez, per obrir un debat, ens ha enviat el seg\u00fcent text amb l&#8217;\u00e0nim que tothom pugui llegir-lo i donar la seva opini\u00f3 sobre l&#8217;eliminaci\u00f3 de la pobresa<\/em>:<\/p>\n<p><strong>Eliminaci\u00f3 de la pobresa: utopia o conformisme?<\/strong><\/p>\n<p>Al meu parer, les difer\u00e8ncies entre rics i pobres no s\u00f3n naturals. Tot i que els que defensen el contrari diguin que aquesta diferenciaci\u00f3 ha existit sempre, no es aix\u00ed. Durant la prehist\u00f2ria, no hi havia difer\u00e8ncies perqu\u00e8 els hom\u00ednids nom\u00e9s posse\u00efen el necessari per viure, per tant, aquestes difer\u00e8ncies van sorgir a partir de l\u2019obsessi\u00f3 de l\u2019\u00e9sser hum\u00e0 per viure amb m\u00e9s coses de les que s\u00f3n necess\u00e0ries.<\/p>\n<p style=\"text-align: left;\"><a href=\"http:\/\/blog.elpuig.xeill.net\/wp-content\/uploads\/2012\/01\/Pobresa.jpg\"><img loading=\"lazy\" class=\"aligncenter size-medium wp-image-367\" title=\"Pobresa\" src=\"http:\/\/blog.elpuig.xeill.net\/wp-content\/uploads\/2012\/01\/Pobresa-300x208.jpg\" alt=\"\" width=\"300\" height=\"208\" srcset=\"https:\/\/blog.elpuig.xeill.net\/wp-content\/uploads\/2012\/01\/Pobresa-300x208.jpg 300w, https:\/\/blog.elpuig.xeill.net\/wp-content\/uploads\/2012\/01\/Pobresa-430x300.jpg 430w, https:\/\/blog.elpuig.xeill.net\/wp-content\/uploads\/2012\/01\/Pobresa.jpg 540w\" sizes=\"(max-width: 300px) 100vw, 300px\" \/><\/a>La creaci\u00f3 d\u2019una societat igualit\u00e0ria com a utopia, \u00e9s un altre argument molt utilitzat pels que creuen que la pobresa \u00e9s inevitable. Per\u00f2, en realitat, la creaci\u00f3 d\u2019una societat totalment igualit\u00e0ria ja va ser provada per \u00c9tienne Cabet, qui va dissenyar Ic\u00e0ria, un pa\u00eds on s\u2019acomplia el somni comunista d\u2019una igualtat social completa, un projecte que va portar a terme amb algunes comunes a Am\u00e8rica. Si aquest somni de Cabet (com el de molts altres) no va tenir un gran \u00e8xit, \u00e9s perqu\u00e8 els que tenen les riqueses i, per conseg\u00fcent, el poder, no estan disposats a canviar el desigual sistema econ\u00f2mic en el qual vivim: el capitalisme. Si hi ha pa\u00efsos m\u00e9s pobres, \u00e9s perqu\u00e8 els m\u00e9s rics s\u2019han aprofitat dels seus recursos per obtenir el m\u00e0xim benefici, que \u00e9s la base del capitalisme.<br \/>\nSi cadasc\u00fa busca el m\u00e0xim benefici individual, mai aconseguirem trencar les barreres de la desigualtat, perqu\u00e8 tard o d\u2019hora els nostres interessos individuals xocaran i tal i com est\u00e0 estructurada la nostra societat, quan aix\u00f2 passa, s\u00f3n els m\u00e9s forts econ\u00f2micament els que trepitgen als m\u00e9s d\u00e8bils.<\/p>\n<p style=\"text-align: left;\"><a href=\"http:\/\/blog.elpuig.xeill.net\/wp-content\/uploads\/2012\/01\/Mans-unides-per-lluitar-contra-la-pobresa.jpg\"><img loading=\"lazy\" class=\"aligncenter size-full wp-image-368\" title=\"Mans unides per lluitar contra la pobresa\" src=\"http:\/\/blog.elpuig.xeill.net\/wp-content\/uploads\/2012\/01\/Mans-unides-per-lluitar-contra-la-pobresa.jpg\" alt=\"\" width=\"197\" height=\"194\" \/><\/a>Com a conclusi\u00f3, jo dir\u00eda: S\u00ed, podem acabar amb la pobresa. Per aconseguir-ho primer hem de desfer-nos del nostre conformisme, lluitar pel que ens correspon com a societat, no com a individus. Nom\u00e9s si pensem de manera col\u00b7lectiva podem aconseguir formar una societat igualit\u00e0ria, sense rics ni pobres, sense classes socials, sense pensaments egoistes. Una societat on es tingui m\u00e9s consideraci\u00f3 per les persones que per les coses materials. Aquesta \u00e9s la veritable societat igualit\u00e0ria que comportaria l\u2019eliminaci\u00f3 de les difer\u00e8ncies entre rics i pobres i la conviv\u00e8ncia en pau de tots individus que la formen, potser no amb masses riqueses materials, per\u00f2 amb la m\u00e0xima realitzaci\u00f3 espiritual i social.<\/p>\n<p>Podem acabar amb la pobresa. Tu qu\u00e8 en penses? \u00bf\u00c9s una utopia voler acabar amb la pobresa? \u00bfNo ser\u00e0 conformisme no voler fer-ho?<\/p>\n","protected":false},"excerpt":{"rendered":"<p>Una alumna de 1r de batxillerat, Noelia Lorenzo Fern\u00e1ndez, per obrir un debat, ens ha enviat el seg\u00fcent text amb l&#8217;\u00e0nim que tothom pugui llegir-lo i donar la seva opini\u00f3 sobre l&#8217;eliminaci\u00f3 de la pobresa: Eliminaci\u00f3 de la pobresa: utopia &hellip; <a href=\"https:\/\/blog.elpuig.xeill.net\/?p=366\">Continua llegint <span class=\"meta-nav\">&rarr;<\/span><\/a><\/p>\n","protected":false},"author":2,"featured_media":0,"comment_status":"open","ping_status":"open","sticky":false,"template":"","format":"standard","meta":[],"categories":[41,42,40],"tags":[44],"_links":{"self":[{"href":"https:\/\/blog.elpuig.xeill.net\/index.php?rest_route=\/wp\/v2\/posts\/366"}],"collection":[{"href":"https:\/\/blog.elpuig.xeill.net\/index.php?rest_route=\/wp\/v2\/posts"}],"about":[{"href":"https:\/\/blog.elpuig.xeill.net\/index.php?rest_route=\/wp\/v2\/types\/post"}],"author":[{"embeddable":true,"href":"https:\/\/blog.elpuig.xeill.net\/index.php?rest_route=\/wp\/v2\/users\/2"}],"replies":[{"embeddable":true,"href":"https:\/\/blog.elpuig.xeill.net\/index.php?rest_route=%2Fwp%2Fv2%2Fcomments&post=366"}],"version-history":[{"count":7,"href":"https:\/\/blog.elpuig.xeill.net\/index.php?rest_route=\/wp\/v2\/posts\/366\/revisions"}],"predecessor-version":[{"id":371,"href":"https:\/\/blog.elpuig.xeill.net\/index.php?rest_route=\/wp\/v2\/posts\/366\/revisions\/371"}],"wp:attachment":[{"href":"https:\/\/blog.elpuig.xeill.net\/index.php?rest_route=%2Fwp%2Fv2%2Fmedia&parent=366"}],"wp:term":[{"taxonomy":"category","embeddable":true,"href":"https:\/\/blog.elpuig.xeill.net\/index.php?rest_route=%2Fwp%2Fv2%2Fcategories&post=366"},{"taxonomy":"post_tag","embeddable":true,"href":"https:\/\/blog.elpuig.xeill.net\/index.php?rest_route=%2Fwp%2Fv2%2Ftags&post=366"}],"curies":[{"name":"wp","href":"https:\/\/api.w.org\/{rel}","templated":true}]}}