{"id":3608,"date":"2023-03-05T19:35:06","date_gmt":"2023-03-05T17:35:06","guid":{"rendered":"https:\/\/blog.elpuig.xeill.net\/?p=3608"},"modified":"2023-03-12T19:19:22","modified_gmt":"2023-03-12T17:19:22","slug":"8-de-marc-dia-internacional-de-la-dona-a-la-memoria-de-mahsa-amini","status":"publish","type":"post","link":"https:\/\/blog.elpuig.xeill.net\/?p=3608","title":{"rendered":"Mem\u00f2ria de Mahs\u00e0 Amin\u00ed i d&#8217;altres dones iranianes"},"content":{"rendered":"\n<p>Al llarg d&#8217;aquest \u00faltim any hem conegut pels mitjans de comunicaci\u00f3 diverses not\u00edcies relacionades, d&#8217;una i d&#8217;altra manera, amb el llarg cam\u00ed per aconseguir el reconeixement pr\u00e0ctic \u2014no nom\u00e9s te\u00f2ric\u2014 de la igualtat de drets entre homes i dones. D&#8217;aquestes not\u00edcies, en podr\u00edem comentar com a representatives tres o quatre de diferent magnitud i resoluci\u00f3 (la manca d&#8217;equiparaci\u00f3 salarial d&#8217;homes i dones en alguns camps professionals, la poca pres\u00e8ncia de dones en c\u00e0rrecs directius del m\u00f3n empresarial, el fet que el cine realitzat per dones comenci a tenir m\u00e9s visibilitat que abans, la divisi\u00f3 del moviment feminista a Espanya com a conseq\u00fc\u00e8ncia de l&#8217;\u00fas partidista que en fan els uns i els altres\u2026). Per\u00f2, com a homenatge a la revolta de les dones a l&#8217;Iran, potser sigui m\u00e9s adient aquest 8 de mar\u00e7 de 2023 recordar les circumst\u00e0ncies de la mort, a mans de la policia iraniana, de la jove <a href=\"https:\/\/ca.wikipedia.org\/wiki\/Mahs%C3%A0_Amin%C3%AD\">Mash\u00e0 Amin\u00ed <\/a>per no portar totalment coberts els cabells amb el seu vel. Perqu\u00e8 la lluita pels drets humans a l&#8217;Iran \u00e9s la lluita per la vida i per la llibertat de totes les persones del m\u00f3n que creuen en la fonamental igualtat entre homes i dones, i la perseveran\u00e7a en aquesta lluita \u00e9s un dels objectius del Dia Internacional de la Dona.<\/p>\n\n\n\n<figure class=\"wp-block-image size-large is-resized\"><img loading=\"lazy\" src=\"https:\/\/blog.elpuig.xeill.net\/wp-content\/uploads\/2023\/03\/Masha-Amini.jpeg\" alt=\"\" class=\"wp-image-3611\" width=\"563\" height=\"543\"\/><figcaption>Mahs\u00e0 Amin\u00ed (Sakkiz, 22 de juliol de 2000-Teheran, 16 de setembre de 2022).<\/figcaption><\/figure>\n\n\n\n<p><a href=\"https:\/\/ca.wikipedia.org\/wiki\/Amnistia_Internacional\">Amnistia Internacional,<\/a> <a href=\"https:\/\/ca.wikipedia.org\/wiki\/Human_Rights_Watch\">Human Rights Watch<\/a> i altres organitzacions no governamentals han denunciat reiteradament <a href=\"https:\/\/ca.wikipedia.org\/wiki\/Drets_humans_a_l%27Iran\">les cont\u00ednues violacions dels drets humans a Iran<\/a>: falta de llibertat de reuni\u00f3 i expressi\u00f3, \u00fas sistem\u00e0tic de la tortura i de la viol\u00e8ncia contra els detinguts, aplicaci\u00f3 de la pena de mort tant a adults com a menors d&#8217;edat, lapidaci\u00f3 de les dones per adulteri (sobretot al m\u00f3n rural), consideraci\u00f3 de les dones com a ciutadans de segona categoria (la llei no reconeix els mateixos drets a l&#8217;home i a la dona, davant dels tribunals el testimoni d&#8217;una dona t\u00e9 menys valor que el d&#8217;un home), etc. Tothom sap, per\u00f2, que una cosa s\u00f3n els governs i una altra la gent d&#8217;un pa\u00eds. I aix\u00ed, quan els turistes occidentals viatgen a Iran acostumen a tornar majorit\u00e0riament admirats i agra\u00efts per l&#8217;amabilitat i la bona acollida rebuda per part de la poblaci\u00f3, ja que la tradici\u00f3 hospital\u00e0ria de la gent no ha desaparegut malgrat viure sota un r\u00e8gim teocr\u00e0tic molt repressiu. Les normes religioses hi s\u00f3n molt estrictes i es fiquen, fins i tot, amb la vestimenta: les dones (tamb\u00e9 les turistes, siguin o no musulmanes) han de portar al cap, obligat\u00f2riament, un vel (<a href=\"https:\/\/ca.wikipedia.org\/wiki\/Hijab\">hijab o mocador isl\u00e0mic<\/a>) per cobrir el cabell quan estan en un espai p\u00f9blic o davant de desconeguts. No tots els iranians, per\u00f2, hi estan d&#8217;acord, amb aquesta obligatorietat.<\/p>\n\n\n\n<p>Als darrers anys han augmentat considerablement les persones que critiquen els abusos i la viol\u00e8ncia de la <a href=\"https:\/\/ca.wikipedia.org\/wiki\/Patrulla_d%27orientaci%C3%B3\">policia de la moral<\/a> per fer complir aquesta norma. De fet, al desembre de 2017 va comen\u00e7ar una campanya de desobedi\u00e8ncia p\u00fablica contra l\u2019\u00fas obligatori del vel, l\u2019anomenada <a href=\"https:\/\/ca.wikipedia.org\/wiki\/Revoluci%C3%B3_Isl%C3%A0mica_de_les_noies_del_carrer\">Revoluci\u00f3 Isl\u00e0mica de les noies del carrer<\/a>. La campanya va iniciar-se amb el gest d\u2019una jove de 31 anys, <a href=\"https:\/\/en.wikipedia.org\/wiki\/Vida_Movahed\">Vida Movahedi,<\/a> que va treure\u2019s el vel al carrer, va lligar-lo a un pal i el va onejar com si fos una bandera. Malgrat que Viva Movahedi va estar detinguda i condemnada a un any de pres\u00f3 per aquests fets, moltes altres dones, en solidaritat amb ella, van perdre la por i van comen\u00e7ar a treure\u2019s el vel p\u00fablicament com a forma de protesta; va ser el cas, entre moltes altres, d\u2019una activista pels drets humans, Shima Babaei, que ho va fer davant d\u2019un tribunal i per la qual cosa va ser detinguda.<\/p>\n\n\n\n<figure class=\"wp-block-image size-large\"><img loading=\"lazy\" width=\"504\" height=\"574\" src=\"https:\/\/blog.elpuig.xeill.net\/wp-content\/uploads\/2023\/03\/VidaMovahed.jpg\" alt=\"\" class=\"wp-image-3627\" srcset=\"https:\/\/blog.elpuig.xeill.net\/wp-content\/uploads\/2023\/03\/VidaMovahed.jpg 504w, https:\/\/blog.elpuig.xeill.net\/wp-content\/uploads\/2023\/03\/VidaMovahed-263x300.jpg 263w\" sizes=\"(max-width: 504px) 100vw, 504px\" \/><figcaption>Vida Movahedi, enarbolant el vel que acaba de treure&#8217;s p\u00fablicament el 27 de desembre de 2017.<\/figcaption><\/figure>\n\n\n\n<p>Mahs\u00e0 Amin\u00ed s\u00ed que  portava el vel, potser sense cobrir per complet el seu cabell, segons deia la policia de la moral iraniana, per\u00f2 el portava posat. Tenia 22 anys i va morir el 16 de setembre de 2022 a Teheran, tres dies despr\u00e9s d&#8217;haver estat arrestada al carrer, davant d&#8217;un germ\u00e0 seu que no va poder fer res per evitar-ho, quan tots dos sortien del metro, i, segons tots els indicis, va ser apallissada durant dues hores en un centre de <em>reeducaci\u00f3<\/em>. La seva mort va aixecar per tot Iran manifestacions de dol i protestes de repulsa contra el govern teocr\u00e0tic i, a molts pa\u00efsos d\u2019arreu del m\u00f3n, va generar una onada de simpatia i solidaritat amb aquesta lluita. Moltes dones iranianes van tallar-se el cabell i van cremar p\u00fablicament el vel com a s\u00edmbols de protesta. L\u2019esmentada Shima Babaei, quan va assabentar-se del que li havien fet a Mahs\u00e0 Amin\u00ed, va declarar: &#8220;Intento trobar paraules per a l\u2019odi i la r\u00e0bia que tinc ara mateix. La trista veritat \u00e9s que les dones iranianes estem en guerra amb la Rep\u00fablica Isl\u00e0mica cada dia quan sortim de casa, tot i que no ho sapiguem. La veritat \u00e9s que el nostre pa\u00eds est\u00e0 ocupat, i que hem d\u2019unir-nos i estar juntes perqu\u00e8 cap m\u00e9s dona sigui una v\u00edctima&#8221;.<\/p>\n\n\n\n<p>La forta repressi\u00f3 per part del r\u00e8gim irani\u00e0 de les mobilitzacions de dol i protesta per la mort de Mahs\u00e0 Amin\u00ed sembla donar-li la ra\u00f3 a Shima Babaei. Segons l\u2019organitzaci\u00f3 humanit\u00e0ria Human Rights Activists\u2019News Agency, des del setembre de 2022 a gener del 2023, van morir a les mobilitzacions 516 manifestants, dels quals uns 70 eren menors d\u2019edat, i van estar detingudes 19.262 persones. Tamb\u00e9 van morir unes 68 persones dels serveis policials en diversos enfrontaments. Quant a les condemnes per haver participat en les protestes, segons la CNN, a finals de desembre, a m\u00e9s de dues persones executades, n&#8217;hi havia 43 m\u00e9s que afrontaven la possibilitat de ser condemnades igualment a la pena m\u00e0xima.<\/p>\n\n\n\n<p>Totes aquestes informacions conformen un panorama molt trist per a les dones iranianes i per a totes les persones, homes i dones, que a l&#8217;Iran i arreu del m\u00f3n recolzen la seva causa i defensen els drets humans. Per aix\u00f2, aquest 8 de mar\u00e7 de 2023 ni es pot ni es deu oblidar a cap manifestaci\u00f3 internacional la lluita de la gent a l&#8217;Iran ni tampoc un dels seus esl\u00f2gans m\u00e9s proclamats: \u201cDones, vida i llibertat!\u201d.<\/p>\n\n\n\n<p class=\"has-text-align-right\">F. Gallardo<\/p>\n\n\n\n<p><strong>Postdata.<\/strong>&#8211; Per una cr\u00f3nica enviada des de Teheran, <a href=\"https:\/\/www.lavanguardia.com\/internacional\/20230308\/8808360\/destinos-cruzados-tres-iranies.html\">&#8220;Els destins creuats de tres iranianes&#8221;<\/a> (Catalina G\u00f3mez \u00c1ngel, <em>La Vanguardia, <\/em>8-3-2023), ens hem assabentat que &#8220;les periodistes <a href=\"https:\/\/es.wikipedia.org\/wiki\/Niloofar_Hamedi\">Nilufar Hamedi<\/a> (de 30 anys) i <a href=\"https:\/\/es.wikipedia.org\/wiki\/Elaheh_Mohammadi\">Elahe Mohammadi<\/a> (de 35 anys), que van revelar el cas de l&#8217;assassinada Mahsa Amini, continuen a la pres\u00f3&#8221; m\u00e9s de cinc mesos despr\u00e9s dels fets denunciats.  Empresonar periodistes i tractar que no facin el seu treball informatiu s\u00f3n altres manifestacions d&#8217;intoler\u00e0ncia pr\u00f2pies d&#8217;un r\u00e8gim opressiu i dictatorial. Demanar ara la llibertat de Nilufar Hamedi, Elahe Mohammadi i els altres periodistes empresonats \u00e9s tamb\u00e9 un objectiu del feminisme i de la lluita pels drets humans.<\/p>\n\n\n\n<p>[Altres articles d&#8217;aquest blog: &#8220;Som dones, som ling\u00fcistes, som moltes i diem prou&#8221; (26-1-2022), &#8220;Ecofeminismo&#8221; (30-5-2021), &#8220;L&#8217;efecte Matilda&#8221; (5-3-2021), &#8220;Mil dones&#8221; (2-7-2019), &#8220;Pa, sostre, drets i roses&#8221; (6-3-2016), &#8220;Les dones de veritat&#8221; (7-8-2013), &#8220;Contra la discriminaci\u00f3 de les dones&#8221; (10-12-2012), &#8220;Dones i poesia&#8221; (9-4-2012)&#8230;]<\/p>\n","protected":false},"excerpt":{"rendered":"<p>Al llarg d&#8217;aquest \u00faltim any hem conegut pels mitjans de comunicaci\u00f3 diverses not\u00edcies relacionades, d&#8217;una i d&#8217;altra manera, amb el llarg cam\u00ed per aconseguir el reconeixement pr\u00e0ctic \u2014no nom\u00e9s te\u00f2ric\u2014 de la igualtat de drets entre homes i dones. D&#8217;aquestes &hellip; <a href=\"https:\/\/blog.elpuig.xeill.net\/?p=3608\">Continua llegint <span class=\"meta-nav\">&rarr;<\/span><\/a><\/p>\n","protected":false},"author":2,"featured_media":0,"comment_status":"open","ping_status":"open","sticky":false,"template":"","format":"standard","meta":[],"categories":[484],"tags":[219,409,486,487],"_links":{"self":[{"href":"https:\/\/blog.elpuig.xeill.net\/index.php?rest_route=\/wp\/v2\/posts\/3608"}],"collection":[{"href":"https:\/\/blog.elpuig.xeill.net\/index.php?rest_route=\/wp\/v2\/posts"}],"about":[{"href":"https:\/\/blog.elpuig.xeill.net\/index.php?rest_route=\/wp\/v2\/types\/post"}],"author":[{"embeddable":true,"href":"https:\/\/blog.elpuig.xeill.net\/index.php?rest_route=\/wp\/v2\/users\/2"}],"replies":[{"embeddable":true,"href":"https:\/\/blog.elpuig.xeill.net\/index.php?rest_route=%2Fwp%2Fv2%2Fcomments&post=3608"}],"version-history":[{"count":36,"href":"https:\/\/blog.elpuig.xeill.net\/index.php?rest_route=\/wp\/v2\/posts\/3608\/revisions"}],"predecessor-version":[{"id":3651,"href":"https:\/\/blog.elpuig.xeill.net\/index.php?rest_route=\/wp\/v2\/posts\/3608\/revisions\/3651"}],"wp:attachment":[{"href":"https:\/\/blog.elpuig.xeill.net\/index.php?rest_route=%2Fwp%2Fv2%2Fmedia&parent=3608"}],"wp:term":[{"taxonomy":"category","embeddable":true,"href":"https:\/\/blog.elpuig.xeill.net\/index.php?rest_route=%2Fwp%2Fv2%2Fcategories&post=3608"},{"taxonomy":"post_tag","embeddable":true,"href":"https:\/\/blog.elpuig.xeill.net\/index.php?rest_route=%2Fwp%2Fv2%2Ftags&post=3608"}],"curies":[{"name":"wp","href":"https:\/\/api.w.org\/{rel}","templated":true}]}}