{"id":3568,"date":"2022-11-06T18:44:25","date_gmt":"2022-11-06T16:44:25","guid":{"rendered":"https:\/\/blog.elpuig.xeill.net\/?p=3568"},"modified":"2022-11-07T09:50:42","modified_gmt":"2022-11-07T07:50:42","slug":"la-meva-historia","status":"publish","type":"post","link":"https:\/\/blog.elpuig.xeill.net\/?p=3568","title":{"rendered":"La meva hist\u00f2ria"},"content":{"rendered":"\n<div class=\"wp-block-group\"><div class=\"wp-block-group__inner-container\">\n<p class=\"has-text-align-left\"><em>Obrim aquesta p\u00e0gina amb l&#8217;objectiu que els alumnes del nostre institut  que aix\u00ed ho vulguin ens expliquin una hist\u00f2ria personal, una experi\u00e8ncia seva o una lli\u00e7\u00f3 que hagin apr\u00e8s a la vida.                                                                                  <\/em><\/p>\n<\/div><\/div>\n\n\n\n<p class=\"has-text-align-left\"><strong>Jo vinc del Panjab&#8230;<\/strong><\/p>\n\n\n\n<p class=\"has-text-align-left\">Jo vaig n\u00e9ixer a l&#8217;\u00cdndia, i hi vaig estar all\u00e0 durant dos anys i mig. En aquell temps ja havia fet for\u00e7a amics i se m&#8217;havia fet dif\u00edcil deixar-los enrere.<br>En el meu primer dia de classe al nou continent, em vaig sentir m\u00e9s perduda que mai; nom\u00e9s distingia desconeguts, i no entenia pas la llengua que parlaven (\u00e9s clar, la meva llengua materna era el panjabi). Els meus primers passos al nou continent, se&#8217;m van fer for\u00e7a complicats; per\u00f2 fil per randa havia comen\u00e7at a acostumar-me a les noves condicions (per\u00f2 no va ser gens f\u00e0cil).<br>Ara aprecio els avantatges (i desavantatges) en fer el canvi de continent, un dels quals \u00e9s el fet d&#8217;aprendre noves lleng\u00fces. Ja que, si no, desconeixeria el catal\u00e0 i el castell\u00e0; i un dels avantatges que t\u00e9 el saber tantes lleng\u00fces \u00e9s l&#8217;ajuda que pots oferir a altres persones amb els teus coneixements ling\u00fc\u00edstics (traduint-los les coses perqu\u00e8 les entenguin). Per\u00f2 tamb\u00e9 va haver-hi desavantatges, com per exemple la manca de familiars propers.<br>Tot i aix\u00f2, hi ha una cosa que valoro molt, que \u00e9s el fet dels nous coneixements adquirits.<br><\/p>\n\n\n\n<p class=\"has-text-align-right\">Kavnoor Kaur (1r d&#8217;ESO)<\/p>\n\n\n\n<figure class=\"wp-block-image size-large is-resized\"><img loading=\"lazy\" src=\"https:\/\/blog.elpuig.xeill.net\/wp-content\/uploads\/2022\/11\/India.png\" alt=\"\" class=\"wp-image-3573\" width=\"506\" height=\"606\"\/><figcaption>&#8220;El Panjab (en panjabi \u0a2a\u0a70\u0a1c\u0a3e\u0a2c, en hindi \u092a\u0902\u091c\u093e\u092c) \u00e9s un estat del nord-est de l&#8217;\u00cdndia, a la frontera amb el Pakistan. T\u00e9 una superf\u00edcie de 50.362 km\u00b2 i una poblaci\u00f3 de 24.289.296 habitants (l&#8217;any 2001). La capital \u00e9s Chandigar, tot i que la ciutat principal \u00e9s Ludhiana. La llengua oficial \u00e9s el panjabi i la religi\u00f3 majorit\u00e0ria, practicada per un 60% de la poblaci\u00f3, el sikhisme.&#8221; (<a href=\"https:\/\/ca.wikipedia.org\/wiki\/Panjab_(%C3%8Dndia)\">Viquip\u00e8dia<\/a>)<\/figcaption><\/figure>\n\n\n\n<p><\/p>\n","protected":false},"excerpt":{"rendered":"<p>Jo vinc del Panjab&#8230; Jo vaig n\u00e9ixer a l&#8217;\u00cdndia, i hi vaig estar all\u00e0 durant dos anys i mig. En aquell temps ja havia fet for\u00e7a amics i se m&#8217;havia fet dif\u00edcil deixar-los enrere.En el meu primer dia de classe &hellip; <a href=\"https:\/\/blog.elpuig.xeill.net\/?p=3568\">Continua llegint <span class=\"meta-nav\">&rarr;<\/span><\/a><\/p>\n","protected":false},"author":2,"featured_media":0,"comment_status":"open","ping_status":"open","sticky":false,"template":"","format":"standard","meta":[],"categories":[348,476],"tags":[473,472],"_links":{"self":[{"href":"https:\/\/blog.elpuig.xeill.net\/index.php?rest_route=\/wp\/v2\/posts\/3568"}],"collection":[{"href":"https:\/\/blog.elpuig.xeill.net\/index.php?rest_route=\/wp\/v2\/posts"}],"about":[{"href":"https:\/\/blog.elpuig.xeill.net\/index.php?rest_route=\/wp\/v2\/types\/post"}],"author":[{"embeddable":true,"href":"https:\/\/blog.elpuig.xeill.net\/index.php?rest_route=\/wp\/v2\/users\/2"}],"replies":[{"embeddable":true,"href":"https:\/\/blog.elpuig.xeill.net\/index.php?rest_route=%2Fwp%2Fv2%2Fcomments&post=3568"}],"version-history":[{"count":8,"href":"https:\/\/blog.elpuig.xeill.net\/index.php?rest_route=\/wp\/v2\/posts\/3568\/revisions"}],"predecessor-version":[{"id":3578,"href":"https:\/\/blog.elpuig.xeill.net\/index.php?rest_route=\/wp\/v2\/posts\/3568\/revisions\/3578"}],"wp:attachment":[{"href":"https:\/\/blog.elpuig.xeill.net\/index.php?rest_route=%2Fwp%2Fv2%2Fmedia&parent=3568"}],"wp:term":[{"taxonomy":"category","embeddable":true,"href":"https:\/\/blog.elpuig.xeill.net\/index.php?rest_route=%2Fwp%2Fv2%2Fcategories&post=3568"},{"taxonomy":"post_tag","embeddable":true,"href":"https:\/\/blog.elpuig.xeill.net\/index.php?rest_route=%2Fwp%2Fv2%2Ftags&post=3568"}],"curies":[{"name":"wp","href":"https:\/\/api.w.org\/{rel}","templated":true}]}}