{"id":3502,"date":"2022-07-24T09:45:41","date_gmt":"2022-07-24T07:45:41","guid":{"rendered":"https:\/\/blog.elpuig.xeill.net\/?p=3502"},"modified":"2022-07-24T10:13:59","modified_gmt":"2022-07-24T08:13:59","slug":"la-desconeguda-historia-del-soldat-que-va-intentar-parar-el-alzamiento","status":"publish","type":"post","link":"https:\/\/blog.elpuig.xeill.net\/?p=3502","title":{"rendered":"La desconeguda hist\u00f2ria del soldat que va intentar &#8220;parar el Alzamiento&#8221;"},"content":{"rendered":"\n<p><em>La Wikipedia recorda breument la biografia de <a href=\"https:\/\/es.wikipedia.org\/wiki\/Jos%C3%A9_Rico_Mart%C3%ADn\">Jos\u00e9 Rico Mart\u00edn <\/a>(Villarino de los Aires, Salamanca, 1915-Ceuta, 1937), un militar espanyol republicano que va oposar-se al cop d&#8217;Estat de juliol de 1936 i va estar condemnat per un Consell de Guerra i afusellat per haver conspirat amb altres militars per assassinar al general Francisco Franco. La seva neboda, Agustina Rico, professora al nostre institut fins a la seva jubilaci\u00f3 i col\u00b7laboradora habitual d&#8217;El Blog del Puig, amb motiu de l&#8217;aniversari del 18 de Juliol, ha publicat a <a href=\"https:\/\/www.infograma.cat\/la-desconeguda-historia-del-soldat-que-va-intentar-parar-%c2%a8el-alzamiento%c2%a8\/\">Infograma<\/a> aquest article que, pel seu inter\u00e8s objectiu i amb perm\u00eds de l&#8217;autora, reprodu\u00efm a continuaci\u00f3<\/em>.<\/p>\n\n\n\n<p><strong>Agustina Rico:<\/strong><\/p>\n\n\n\n<p><strong>La desconeguda hist\u00f2ria del soldat que va intentar &#8220;parar el Alzamiento&#8221;<\/strong><\/p>\n\n\n\n<figure class=\"wp-block-image size-large\"><img loading=\"lazy\" width=\"200\" height=\"200\" src=\"https:\/\/blog.elpuig.xeill.net\/wp-content\/uploads\/2022\/07\/Jose-Rico-Marrtin.jpg\" alt=\"\" class=\"wp-image-3508\" srcset=\"https:\/\/blog.elpuig.xeill.net\/wp-content\/uploads\/2022\/07\/Jose-Rico-Marrtin.jpg 200w, https:\/\/blog.elpuig.xeill.net\/wp-content\/uploads\/2022\/07\/Jose-Rico-Marrtin-150x150.jpg 150w\" sizes=\"(max-width: 200px) 100vw, 200px\" \/><figcaption>Jos\u00e9 Rico Mart\u00edn (1915-1937), un soldat que va intentar atemptar contra Franco (imatge de l&#8217;arxiu de l&#8217;autora).<\/figcaption><\/figure>\n\n\n\n<p>\u201cCuatro cabos y varios soldados planearon asesinar a Franco en Ceuta el 18 de julio de 1936 para detener el alzamiento. Horas antes de la acci\u00f3n fueron delatados y finalmente ejecutados.\u201d<\/p>\n\n\n\n<p>Amb aquesta entrada i sota el t\u00edtol \u00a8El d\u00eda que no mataron a Franco\u00a8, un article signat per l\u2019historiador Francisco S\u00e1nchez Montoya \u2014un nom que llavors ens era totalment desconegut\u2014 explicava al suplement dominical del diari <em>El Mundo<\/em> el 31 d\u2019agost de l\u2019any 2003 una hist\u00f2ria que va commocionar la meva fam\u00edlia.<\/p>\n\n\n\n<p>L\u2019article continua: \u201cEl 17 de abril de 1937, tras 10 meses de duros interrogatorios, concluy\u00f3 un consejo de guerra sumar\u00edsimo contra 37 militares y dos civiles. Se les acusaba de organizar un complot en Ceuta para atentar contra la vida del general Franco y detener el alzamiento del 17 y 18 de julio del a\u00f1o anterior. Su acci\u00f3n pudo haber cambiado el curso de la Guerra Civil y s\u00f3lo el testimonio a \u00faltima hora de un soldado permiti\u00f3 abortarla. A pesar de ello, los detalles de aquel episodio han permanecido in\u00e9ditos hasta ahora.\u201d<\/p>\n\n\n\n<p>Francisco S\u00e1nchez Montoya, historiador de Ceuta, portava anys treballant intensament sobre una \u00e8poca dura i complexa \u2014segona Rep\u00fablica, guerra i postguerra\u2014 en un territori que ha tingut i t\u00e9 una significaci\u00f3 especial tant en la geoestrat\u00e8gia com en la hist\u00f2ria d\u2019Espanya moderna.<\/p>\n\n\n\n<p>La seva extensa i documentada obra <em>Ceuta y el Norte de \u00c1frica. Rep\u00fablica, guerra y represi\u00f3n 1931-1944<\/em> , publicada l\u2019any 2004, inclou el relat del primer intent d\u2019atemptar contra Franco. El pla havia estat ordit en poques hores, durant el dia 18 de juliol de 1936, i s\u2019havia de dur a terme el dia 19, quan Franco arrib\u00e9s a Ceuta provinent de Tetu\u00e1n, per liderar i estendre l\u2019al\u00e7ament militar contra la Rep\u00fablica.<br><\/p>\n\n\n\n<p><strong>El pla del cabo Rico era atemptar contra Franco<\/strong><\/p>\n\n\n\n<p>Explica S\u00e1nchez Montoya: &#8220;Todo comenz\u00f3 al filo de la medianoche del 17 de julio de 1936, cuando las tropas del acuartelamiento legionario de Dar Riffien, al mando del teniente coronel Juan Yag\u00fce, recibieron la orden de tomar Ceuta. Los diferentes cuerpos militares se distribuyeron para controlar la ciudad y al Regimiento de Infanter\u00eda del Serrallo N\u00ba 8 de Ceuta se le orden\u00f3 salir a la calle para <em>defender a Espa\u00f1a<\/em>. Pero no todos los integrantes del batall\u00f3n ten\u00edan la misma idea de lo que significaba <em>defender a Espa\u00f1a<\/em>.<\/p>\n\n\n\n<p>El acuartelamiento sol\u00eda ser destino de soldados de reemplazo y de veteranos peninsulares, en su mayor\u00eda j\u00f3venes que buscaban en el Ej\u00e9rcito un futuro mejor, sin olvidar por ello sus sentimientos republicanos.<\/p>\n\n\n\n<p>Como los cabos veteranos Jos\u00e9 Rico y Pedro Veintemillas, quienes en su ronda por las calles de Ceuta observaron c\u00f3mo patrullas de falangistas deten\u00edan a civiles y asaltaban varias sedes de partidos pol\u00edticos o c\u00f3mo en las paredes de la ciudad se hab\u00edan fijado bandos firmados por el general Franco en los que se comunicaba al pueblo el estado de guerra, la disoluci\u00f3n de los partidos y la prohibici\u00f3n de reuniones.<\/p>\n\n\n\n<p>Cuando Rico y Veintemillas volvieron al cuartel, en las primeras horas del 18 de julio, se reunieron en una peque\u00f1a habitaci\u00f3n de la compa\u00f1\u00eda con los tambi\u00e9n cabos veteranos Anselmo Carrasco y Pablo Frutos.<\/p>\n\n\n\n<p>Durante varias horas estudiaron c\u00f3mo frustrar el alzamiento, pero no fue hasta un segundo encuentro durante el mismo d\u00eda cuando el cabo Rico present\u00f3 el plan para matar a Franco. Cuando entrara en el patio central del acuartelamiento para revistar las tropas, \u00e9l mismo le disparar\u00eda. Los dem\u00e1s implicados, desde la primera planta del cuartel, apuntar\u00edan al resto de militares para inmovilizarlos. Acto seguido, otro grupo saldr\u00eda hacia la ciudad para informar del atentado y recabar el apoyo del pueblo.\u201d<\/p>\n\n\n\n<p>En el documental de Pedro Costa i Jos\u00e9 Ram\u00f3n da Cruz<a href=\"https:\/\/www.youtube.com\/watch?v=jce25XsGmR4\"> &#8220;Los que quisieron matar a Franco&#8221; <\/a>(2006), que es pot trobar a Youtube fragmentat en 10 cap\u00edtols, al cap\u00edtol 2 l\u2019historiador Francisco S\u00e1nchez Montoya explica, entre els minuts 3:35 i 6:35, <em>in situ<\/em>, com s\u2019havia de dur a terme l\u2019atemptat.<\/p>\n\n\n\n<p><strong>La fam\u00edlia se n\u2019assabenta 70 anys despr\u00e9s<\/strong><\/p>\n\n\n\n<p>El cabo Rico, Jos\u00e9 Rico Mart\u00edn, era el germ\u00e0 gran del meu pare. La fam\u00edlia sempre havia atribu\u00eft la condemna i execuci\u00f3 del fill a un acte de repressi\u00f3 contra ell com a militar que s\u2019havia mantingut fidel a les seves idees republicanes.<\/p>\n\n\n\n<p>Per primer cop es tenia not\u00edcia de l\u2019atemptat. Com tantes fam\u00edlies republicanes, i m\u00e9s en llocs molt marcadament adscrits des del principi al franquisme, com ho va ser Salamanca, havien sofert i havien viscut en silenci. Jos\u00e9 tenia nom\u00e9s 21 anys, era el fill gran d\u2019una fam\u00edlia rural salmantina molt nombrosa i amb una certa rellev\u00e0ncia al seu poble en temps de la Rep\u00fablica.<\/p>\n\n\n\n<p>El pare, Antonio Rico, era el jutge de pau, va ser empresonat i va salvar la vida per la intervenci\u00f3 providencial del capell\u00e0 del poble a favor dels detinguts de la poblaci\u00f3. La mare, Aurora Mart\u00edn, havia estudiat per mestra per\u00f2 la mort del seu pare no li va permetre acabar els estudis, es va casar molt jove i va tenir molts fills. En aquella casa, on es vivia del camp i del bestiar, es valorava la cultura i la llibertat de pensament i es llegia el diari. Jos\u00e9 havia estat en l\u2019adolesc\u00e8ncia corresponsal del diari <em>El Adelanto<\/em> de Salamanca i amb nom\u00e9s 16 anys s\u2019havia fet ress\u00f2 de l\u2019adveniment de la Segona Rep\u00fablica en els pobles de la zona on vivia.<\/p>\n\n\n\n<p>Pensant en el seu futur, i en la possibilitat de donar un cop de m\u00e0 als seus germans, gaireb\u00e9 tots nois, havia marxat a obrir-se cam\u00ed en l\u2019ex\u00e8rcit \u2013 sotm\u00e8s a les lleis i a la constituci\u00f3 republicanes- al nord d\u2019\u00c0frica, on solien anar els qui no tenien familiars ni influ\u00e8ncies dins les forces armades.<\/p>\n\n\n\n<figure class=\"wp-block-image size-large\"><img loading=\"lazy\" width=\"768\" height=\"589\" src=\"https:\/\/blog.elpuig.xeill.net\/wp-content\/uploads\/2022\/07\/Placa-dhomenatge-a-Jose-Rico.jpg\" alt=\"\" class=\"wp-image-3510\" srcset=\"https:\/\/blog.elpuig.xeill.net\/wp-content\/uploads\/2022\/07\/Placa-dhomenatge-a-Jose-Rico.jpg 768w, https:\/\/blog.elpuig.xeill.net\/wp-content\/uploads\/2022\/07\/Placa-dhomenatge-a-Jose-Rico-300x230.jpg 300w, https:\/\/blog.elpuig.xeill.net\/wp-content\/uploads\/2022\/07\/Placa-dhomenatge-a-Jose-Rico-391x300.jpg 391w\" sizes=\"(max-width: 768px) 100vw, 768px\" \/><figcaption>Placa instal\u00b7lada a la casa familiar en l\u2019homenatge a Jos\u00e9 Rico Mart\u00edn, el Cabo Rico (imatge de l&#8217;arxiu de l&#8217;autora)<\/figcaption><\/figure>\n\n\n\n<p>L\u2019any 2007, l\u2019Associaci\u00f3 Salamanca Memoria y Justicia va promoure visibilitzar i honorar la figura de Jos\u00e9 Rico, el cabo Rico, amb un homenatge al poble on vivia la fam\u00edlia. L\u2019homenatge es va celebrar el mateix dia en qu\u00e8 havia estat executat setanta anys abans.<\/p>\n\n\n\n<p><br><strong>\u00a8Fue un plan ingenuo pero no descabellado\u00a8<\/strong><\/p>\n\n\n\n<p>La hist\u00f2ria de Jos\u00e9, el joven\u00edssim caporal, va cridar l\u2019atenci\u00f3 del periodista i novel\u00b7lista <a href=\"https:\/\/es.wikipedia.org\/wiki\/Carlos_L%C3%B3pez_Fonseca\">Carlos Fonseca<\/a>, autor de <em>Trece Rosas Rojas<\/em>. Aquesta obra havia causat un gran impacte quan va apar\u00e8ixer l\u2019any 2004 en treure a la llum el cruel episodi de les tretze joves republicanes afusellades com un acte de repres\u00e0lia l\u2019agost de 1939 a Madrid.<\/p>\n\n\n\n<p>En aquesta i altres obres, Fonseca ha tractat d\u2019individualitats significatives per\u00f2 poc o gens conegudes de la guerra, la postguerra i la transici\u00f3. I d\u2019aquest inter\u00e8s sorg\u00ed <em>Tiempo de memoria<\/em> (Ediciones Temas de hoy. Madrid 2009), obra entre la novel\u00b7la i el reportatge.<\/p>\n\n\n\n<p><br>Carlos Fonseca en una entrevista per la publicaci\u00f3 de<br>Tiempo de memoria<\/p>\n\n\n\n<figure class=\"wp-block-image size-large\"><img loading=\"lazy\" width=\"460\" height=\"320\" src=\"https:\/\/blog.elpuig.xeill.net\/wp-content\/uploads\/2022\/07\/Carlos-Fonseca.jpg\" alt=\"\" class=\"wp-image-3511\" srcset=\"https:\/\/blog.elpuig.xeill.net\/wp-content\/uploads\/2022\/07\/Carlos-Fonseca.jpg 460w, https:\/\/blog.elpuig.xeill.net\/wp-content\/uploads\/2022\/07\/Carlos-Fonseca-300x209.jpg 300w, https:\/\/blog.elpuig.xeill.net\/wp-content\/uploads\/2022\/07\/Carlos-Fonseca-431x300.jpg 431w\" sizes=\"(max-width: 460px) 100vw, 460px\" \/><figcaption>Carlos Fonseca, en una entrevista per la publicaci\u00f3 de <em>Tiempo de memoria<\/em><\/figcaption><\/figure>\n\n\n\n<p>Una cr\u00f2nica de les que van apar\u00e8ixer a la premsa de Madrid i de Salamanca arran l\u2019aparici\u00f3 del llibre parla de Jos\u00e9 Rico com un d\u2019aquells personatges que Unamuno situava dins l\u2019\u00e0mbit que ell denominava la \u201cintrahist\u00f2ria\u201d, personatges an\u00f2nims per\u00f2 que porten a terme una tasca que \u00e9s o hauria pogut ser significativa.<\/p>\n\n\n\n<p><strong>Una hist\u00f2ria que ning\u00fa coneixia<\/strong><\/p>\n\n\n\n<p>\u201cFue un plan ingenuo, pero no descabellado\u201d, diu Fonseca quan es refereix a l\u2019intent d\u2019acabar amb Franco ordit per Jos\u00e9 Rico. I a la pregunta de qu\u00e8 hauria passat si el pla hagu\u00e9s triomfat, respon que no hi hauria hagut canvis transcendents en el que ja estava en marxa. Fonseca, que ha consultat diversos historiadors en el proc\u00e9s de creaci\u00f3 de <em>Tiempo de memoria<\/em> conclou: \u201cLa muerte de Franco no habr\u00eda cambiado la guerra. Ni \u00e9l mismo pensaba que iba a ser general\u00edsimo.\u201d<\/p>\n\n\n\n<p>I al final, apareix la pregunta que els periodistes, l\u2019historiador i la pr\u00f2pia fam\u00edlia s\u2019han fet i es fan encara: \u201c\u00bfPor qu\u00e9 no se ha contado hasta ahora la historia de Rico?\u201d. La resposta nom\u00e9s podia ser una: \u201cNadie sab\u00eda de su existencia.\u201d<\/p>\n\n\n\n<p><strong>Per saber-ne m\u00e9s:<\/strong><\/p>\n\n\n\n<p>Documentales de TVE: <a href=\"https:\/\/www.youtube.com\/watch?v=Tq_ydzs-ug0\">&#8220;Objetivo, matar a Franco&#8221;<\/a>.<\/p>\n\n\n\n<p>Blog de Ceuta: \u00a8<a href=\"http:\/\/blogdeceuta.com\/2013\/09\/y-si-el-cabo-jose-rico-hubiera-matado.html\">\u00bfY si el cabo Rico hubiera matado a Franco?<\/a>\u00a8.<\/p>\n\n\n\n<p>Video: <a href=\"https:\/\/www.youtube.com\/watch?v=jce25XsGmR4\">\u00a8Los que quisieron matar a Franco<\/a>\u00a8, s\u00e8rie de 10 cap\u00edtols, 2\/10. Minuts 3:35 a 6:35.<\/p>\n\n\n\n<p>A aquest mateix blog, veure <a href=\"https:\/\/blog.elpuig.xeill.net\/?p=1579\">la ressenya del llibre <em>Tiempo de memoria (<\/em>4 de maig de 2015)<\/a>.<\/p>\n","protected":false},"excerpt":{"rendered":"<p>La Wikipedia recorda breument la biografia de Jos\u00e9 Rico Mart\u00edn (Villarino de los Aires, Salamanca, 1915-Ceuta, 1937), un militar espanyol republicano que va oposar-se al cop d&#8217;Estat de juliol de 1936 i va estar condemnat per un Consell de Guerra &hellip; <a href=\"https:\/\/blog.elpuig.xeill.net\/?p=3502\">Continua llegint <span class=\"meta-nav\">&rarr;<\/span><\/a><\/p>\n","protected":false},"author":2,"featured_media":0,"comment_status":"open","ping_status":"open","sticky":false,"template":"","format":"standard","meta":[],"categories":[468],"tags":[466,198,467],"_links":{"self":[{"href":"https:\/\/blog.elpuig.xeill.net\/index.php?rest_route=\/wp\/v2\/posts\/3502"}],"collection":[{"href":"https:\/\/blog.elpuig.xeill.net\/index.php?rest_route=\/wp\/v2\/posts"}],"about":[{"href":"https:\/\/blog.elpuig.xeill.net\/index.php?rest_route=\/wp\/v2\/types\/post"}],"author":[{"embeddable":true,"href":"https:\/\/blog.elpuig.xeill.net\/index.php?rest_route=\/wp\/v2\/users\/2"}],"replies":[{"embeddable":true,"href":"https:\/\/blog.elpuig.xeill.net\/index.php?rest_route=%2Fwp%2Fv2%2Fcomments&post=3502"}],"version-history":[{"count":10,"href":"https:\/\/blog.elpuig.xeill.net\/index.php?rest_route=\/wp\/v2\/posts\/3502\/revisions"}],"predecessor-version":[{"id":3518,"href":"https:\/\/blog.elpuig.xeill.net\/index.php?rest_route=\/wp\/v2\/posts\/3502\/revisions\/3518"}],"wp:attachment":[{"href":"https:\/\/blog.elpuig.xeill.net\/index.php?rest_route=%2Fwp%2Fv2%2Fmedia&parent=3502"}],"wp:term":[{"taxonomy":"category","embeddable":true,"href":"https:\/\/blog.elpuig.xeill.net\/index.php?rest_route=%2Fwp%2Fv2%2Fcategories&post=3502"},{"taxonomy":"post_tag","embeddable":true,"href":"https:\/\/blog.elpuig.xeill.net\/index.php?rest_route=%2Fwp%2Fv2%2Ftags&post=3502"}],"curies":[{"name":"wp","href":"https:\/\/api.w.org\/{rel}","templated":true}]}}