{"id":348,"date":"2012-01-08T23:44:47","date_gmt":"2012-01-08T21:44:47","guid":{"rendered":"http:\/\/blog.elpuig.xeill.net\/?p=348"},"modified":"2020-05-06T22:14:53","modified_gmt":"2020-05-06T20:14:53","slug":"se-suspende-la-funcion","status":"publish","type":"post","link":"https:\/\/blog.elpuig.xeill.net\/?p=348","title":{"rendered":"Se suspende la funci\u00f3n"},"content":{"rendered":"<p>\u00bfQu\u00e9 pueden hacer los trabajadores \u2014los tramoyistas, la taquillera, el portero, la se\u00f1ora de la limpieza, etc.\u2014 de una sala de teatro si ven que corren el riesgo de quedarse sin trabajo por no haber llegado los actores de la compa\u00f1\u00eda que tiene que representar la obra prevista? \u00bfAnunciar que se suspende la representaci\u00f3n, devolver el dinero al p\u00fablico y cerrar la sala? \u00bfBuscar otras soluciones m\u00e1s imaginativas que les ayuden a salvar su sueldo? A esas preguntas y a otras similares tienen que responder los personajes de <em>Se suspende la funci\u00f3n<\/em>, la\u00a0 obra de <a href=\"http:\/\/www.fernandolalana.com\/\">Fernando Lalana<\/a> que un grupo de alumnos de 3\u00ba de ESO, dirigidos por la profesora Vanessa C\u00e1ceres, represent\u00f3, por partida doble, el pasado 20 de diciembre, en la sala de actos del instituto. A la primera sesi\u00f3n (a las 16.30 h), asistieron los alumnos\u00a0 de 1\u00ba y 2\u00ba de ESO, y a la segunda (a las 18.30 h), familiares de los actores, compa\u00f1eros de diferentes cursos y p\u00fablico en general. [Puede leerse la <a href=\"http:\/\/elpuig.xeill.net\/Members\/institut\/curs-2011-2012\/se-suspende-la-funcion-1\">ficha t\u00e9cnica siguiendo este enlace<\/a>.]<\/p>\n<p>Como esta obra va dirigida b\u00e1sicamente a un p\u00fablico joven \u2014aunque, por supuesto, el p\u00fablico adulto tambi\u00e9n puede disfrutarla\u2014, en la edici\u00f3n publicada por la editorial Anaya, el autor \u2014especializado en teatro infantil y juvenil\u2014 facilita, adem\u00e1s de extensas acotaciones esc\u00e9nicas que resultan muy \u00fatiles para la representaci\u00f3n, numerosas aclaraciones sobre el car\u00e1cter y el sentido de esta comedia \u2014a la que \u00e9l mismo califica como \u201cgamberrada\u201d teatral por la sorpresa que produce que tenga que <em>suspenderse la funci\u00f3n<\/em>. As\u00ed, por ejemplo, subraya que, detr\u00e1s de la apariencia c\u00f3mica de la obra, hay un par de cosas serias que pueden suscitar el debate: \u201cla revoluci\u00f3n de los humildes y las oportunidades que, a veces, te brinda la vida\u201d [\u2026] y \u201cgui\u00f1os muy claros a asuntos de cierto inter\u00e9s social (la presencia inevitable de la publicidad o el final, con el teatro convertido en un bingo)\u201d.<\/p>\n<p><a href=\"http:\/\/blog.elpuig.xeill.net\/wp-content\/uploads\/2012\/01\/Se-suspende-la-funci\u00f3n.jpg\"><img loading=\"lazy\" class=\"aligncenter size-medium wp-image-349\" title=\"Se suspende la funci\u00f3n\" src=\"http:\/\/blog.elpuig.xeill.net\/wp-content\/uploads\/2012\/01\/Se-suspende-la-funci\u00f3n-300x188.jpg\" alt=\"\" width=\"300\" height=\"188\" srcset=\"https:\/\/blog.elpuig.xeill.net\/wp-content\/uploads\/2012\/01\/Se-suspende-la-funci\u00f3n-300x188.jpg 300w, https:\/\/blog.elpuig.xeill.net\/wp-content\/uploads\/2012\/01\/Se-suspende-la-funci\u00f3n-477x300.jpg 477w, https:\/\/blog.elpuig.xeill.net\/wp-content\/uploads\/2012\/01\/Se-suspende-la-funci\u00f3n.jpg 800w\" sizes=\"(max-width: 300px) 100vw, 300px\" \/><\/a>En cuanto al argumento, despu\u00e9s del pr\u00f3logo y antes de la presentaci\u00f3n de los personajes y de observaciones sobre la escenograf\u00eda, la m\u00fasica y el vestuario, el autor nos ofrece este comentario:<\/p>\n<p>\u201cAunque se iba a representar una obra, nunca llegaremos a saber cu\u00e1l es o de qu\u00e9 trata. Todo ocurre en tiempo real, sin pausas y a un ritmo endiablado. Los actores no se han presentado, el p\u00fablico ya est\u00e1 sentado en las butacas y hay que levantar el tel\u00f3n. No, no hay que levantarlo porque ya estaba arriba y ahora todos saben que hay problemas. Es mejor que los espectadores se vayan a su casa. No, que no se vayan. Que s\u00ed. Que no. Mejor, hacemos nosotros la funci\u00f3n. \u00bfQu\u00e9 funci\u00f3n? \u00bfHay una funci\u00f3n? La obra. \u00bfQu\u00e9 obra? No s\u00e9. Una obra. Cualquier obra. Una de piratas, de princesas, de g\u00e1nsters&#8230; \u00a1La que sea! No se vayan, que volveremos enseguida. \u00a1Publicidad!\u201d<\/p>\n<p><a href=\"http:\/\/blog.elpuig.xeill.net\/wp-content\/uploads\/2012\/01\/Se-suspende....jpg\"><img loading=\"lazy\" class=\"aligncenter size-medium wp-image-350\" title=\"Se suspende...\" src=\"http:\/\/blog.elpuig.xeill.net\/wp-content\/uploads\/2012\/01\/Se-suspende...-300x225.jpg\" alt=\"\" width=\"300\" height=\"225\" srcset=\"https:\/\/blog.elpuig.xeill.net\/wp-content\/uploads\/2012\/01\/Se-suspende...-300x225.jpg 300w, https:\/\/blog.elpuig.xeill.net\/wp-content\/uploads\/2012\/01\/Se-suspende...-400x300.jpg 400w, https:\/\/blog.elpuig.xeill.net\/wp-content\/uploads\/2012\/01\/Se-suspende....jpg 800w\" sizes=\"(max-width: 300px) 100vw, 300px\" \/><\/a>Si por las respuestas de los espectadores (risas, aplausos, ambiente de entusiasmo, coloquio con los actores&#8230;) ya pudimos calibrar en su momento el \u00e9xito de la representaci\u00f3n, ahora abrimos esta entrada en el blog para acoger los comentarios escritos que sobre la obra se nos hagan llegar.<\/p>\n","protected":false},"excerpt":{"rendered":"<p>\u00bfQu\u00e9 pueden hacer los trabajadores \u2014los tramoyistas, la taquillera, el portero, la se\u00f1ora de la limpieza, etc.\u2014 de una sala de teatro si ven que corren el riesgo de quedarse sin trabajo por no haber llegado los actores de la &hellip; <a href=\"https:\/\/blog.elpuig.xeill.net\/?p=348\">Continua llegint <span class=\"meta-nav\">&rarr;<\/span><\/a><\/p>\n","protected":false},"author":2,"featured_media":0,"comment_status":"open","ping_status":"open","sticky":false,"template":"","format":"standard","meta":[],"categories":[349],"tags":[369,39],"_links":{"self":[{"href":"https:\/\/blog.elpuig.xeill.net\/index.php?rest_route=\/wp\/v2\/posts\/348"}],"collection":[{"href":"https:\/\/blog.elpuig.xeill.net\/index.php?rest_route=\/wp\/v2\/posts"}],"about":[{"href":"https:\/\/blog.elpuig.xeill.net\/index.php?rest_route=\/wp\/v2\/types\/post"}],"author":[{"embeddable":true,"href":"https:\/\/blog.elpuig.xeill.net\/index.php?rest_route=\/wp\/v2\/users\/2"}],"replies":[{"embeddable":true,"href":"https:\/\/blog.elpuig.xeill.net\/index.php?rest_route=%2Fwp%2Fv2%2Fcomments&post=348"}],"version-history":[{"count":10,"href":"https:\/\/blog.elpuig.xeill.net\/index.php?rest_route=\/wp\/v2\/posts\/348\/revisions"}],"predecessor-version":[{"id":2850,"href":"https:\/\/blog.elpuig.xeill.net\/index.php?rest_route=\/wp\/v2\/posts\/348\/revisions\/2850"}],"wp:attachment":[{"href":"https:\/\/blog.elpuig.xeill.net\/index.php?rest_route=%2Fwp%2Fv2%2Fmedia&parent=348"}],"wp:term":[{"taxonomy":"category","embeddable":true,"href":"https:\/\/blog.elpuig.xeill.net\/index.php?rest_route=%2Fwp%2Fv2%2Fcategories&post=348"},{"taxonomy":"post_tag","embeddable":true,"href":"https:\/\/blog.elpuig.xeill.net\/index.php?rest_route=%2Fwp%2Fv2%2Ftags&post=348"}],"curies":[{"name":"wp","href":"https:\/\/api.w.org\/{rel}","templated":true}]}}