{"id":2989,"date":"2020-12-30T20:13:20","date_gmt":"2020-12-30T18:13:20","guid":{"rendered":"https:\/\/blog.elpuig.xeill.net\/?p=2989"},"modified":"2021-01-09T21:19:13","modified_gmt":"2021-01-09T19:19:13","slug":"el-personal-sanitari-protagonista-de-lany-2020","status":"publish","type":"post","link":"https:\/\/blog.elpuig.xeill.net\/?p=2989","title":{"rendered":"El personal sanitari, protagonista de l&#8217;any 2020"},"content":{"rendered":"\n<p>Aquest any que ara acaba ha estat marcat per la pand\u00e8mia de la COVID-19, per la qual cosa el personal sanitari, que ha hagut de treballar i continua treballant infatigablement als hospitals davant de la malaltia i dels successius rebrots, ha rebut molts aplaudiments, honors i reconeixements. Els seus portaveus, per\u00f2, han insistit un cop i un altre en qu\u00e8 m\u00e9s que elogis i reconeixements ret\u00f2rics necessiten, a m\u00e9s de sous dignes, m\u00e9s recursos materials: m\u00e9s personal sanitari i assistencial i m\u00e9s mitjans t\u00e8cnics i log\u00edstics per prevenir l&#8217;extensi\u00f3 de l&#8217;epid\u00e8mia, controlar els nous contagis i evitar la saturaci\u00f3 del sistema. En aquest sentit, ara s&#8217;ha comprovat que .les pancartes del personal sanitari no exageraven quan anunciaven el qu\u00e8 est\u00e0 passant: &#8220;Retallar la sanitat mata&#8221;. Ho deien i ho diuen per protestar per les retallades dels pressupostos dedicats a la sanitat p\u00fablica des de l&#8217;any 2009, i ara s&#8217;ha pogut comprovar que \u00e9s veritat, que retallar la sanitat mata, i molt. Val m\u00e9s prevenir que curar, deia Hip\u00f2crates i diu el refrany, i ara ho estem veient. Els diners que no es gasten en el moment prec\u00eds per enfortir el sistema hospitalari, despr\u00e9s, quan arriben les necessitats (epid\u00e8mies i altres emerg\u00e8ncies), s&#8217;han de quintuplicar per tractar d&#8217;evitar-ne el col\u00b7lapse. <\/p>\n\n\n\n<p class=\"has-text-align-center\"><img loading=\"lazy\" width=\"2093\" height=\"2093\" class=\"wp-image-2996\" style=\"width: 400px;\" src=\"https:\/\/blog.elpuig.xeill.net\/wp-content\/uploads\/2020\/12\/Bansky.jpg\" alt=\"\" srcset=\"https:\/\/blog.elpuig.xeill.net\/wp-content\/uploads\/2020\/12\/Bansky.jpg 2093w, https:\/\/blog.elpuig.xeill.net\/wp-content\/uploads\/2020\/12\/Bansky-300x300.jpg 300w, https:\/\/blog.elpuig.xeill.net\/wp-content\/uploads\/2020\/12\/Bansky-1024x1024.jpg 1024w, https:\/\/blog.elpuig.xeill.net\/wp-content\/uploads\/2020\/12\/Bansky-150x150.jpg 150w, https:\/\/blog.elpuig.xeill.net\/wp-content\/uploads\/2020\/12\/Bansky-768x768.jpg 768w, https:\/\/blog.elpuig.xeill.net\/wp-content\/uploads\/2020\/12\/Bansky-1536x1536.jpg 1536w, https:\/\/blog.elpuig.xeill.net\/wp-content\/uploads\/2020\/12\/Bansky-2048x2048.jpg 2048w\" sizes=\"(max-width: 2093px) 100vw, 2093px\" \/><\/p>\n\n\n\n<p class=\"has-text-align-center\"><em>Homenatge de <a href=\"https:\/\/ca.wikipedia.org\/wiki\/Banksy\">Bansky<\/a> al personal sanitari<\/em><\/p>\n\n\n\n<p>Hem sentit aquest any moltes vegades la paraula &#8220;herois&#8221; per referir-se al personal sanitari i assistencial. Haur\u00edem de pensar que m\u00e9s que herois les persones que treballen a la medicina s\u00f3n bons professionals que s&#8217;enfronten quotidianament, i extraordin\u00e0riament si cal, com ara, a la malaltia i tracten de curar els malalts. Es podria dir que aquest sentit del deure, aquesta \u00e8tica del deure, est\u00e0 inscrita en els or\u00edgens de la medicina per la m\u00e0 dels seus mestres m\u00e9s antics. Aix\u00ed, per exemple, per <a href=\"https:\/\/ca.wikipedia.org\/wiki\/Hip%C3%B2crates#:~:text=Hip%C3%B2crates%20(grec:%20%E1%BC%B9%CF%80%CF%80%CE%BF%CE%BA%CF%81%CE%AC%CF%84%CE%B7%CF%82,%20Hipokrates;%20nascut%20cap%20al%20460,i%20filosofia)%20i%20convertint-la%20en%20una%20veritable%20professi%C3%B3.\">Hip\u00f2crates<\/a> (460-370 aC), metge grec considerat &#8220;el pare de la medicina&#8221;. A m\u00e9s de diverses contribucions a la medicina cl\u00ednica, a ell se li atribueix el jurament hipocr\u00e0tic, veritable i admirable declaraci\u00f3 d&#8217;\u00e8tica professional.<\/p>\n\n\n\n<p class=\"has-text-align-center\"><img loading=\"lazy\" width=\"314\" height=\"160\" class=\"wp-image-2999\" style=\"width: 400px;\" src=\"https:\/\/blog.elpuig.xeill.net\/wp-content\/uploads\/2020\/12\/Reconeixement-als-nostres-companys-morts-pel-COVID-19.jpg\" alt=\"\" srcset=\"https:\/\/blog.elpuig.xeill.net\/wp-content\/uploads\/2020\/12\/Reconeixement-als-nostres-companys-morts-pel-COVID-19.jpg 314w, https:\/\/blog.elpuig.xeill.net\/wp-content\/uploads\/2020\/12\/Reconeixement-als-nostres-companys-morts-pel-COVID-19-300x153.jpg 300w\" sizes=\"(max-width: 314px) 100vw, 314px\" \/><\/p>\n\n\n\n<p class=\"has-text-align-center\"><em>Reconeixement al personal sanitari mort pel coronavirus<\/em><\/p>\n\n\n\n<p>Un dels moments m\u00e9s emotius dels actes de lliurament del t\u00edtol als nous graduats a les facultats de medicina acostuma a ser la lectura p\u00fablica del jurament hipocr\u00e0tic, que els nous metges fan seva. \u00c9s aquest un document que hauria de ser llegit i conegut per tothom. De fet, a molts hospitals n&#8217;hem vist una c\u00f2pia penjada, molt pedag\u00f2gicament, al vest\u00edbul,  perqu\u00e8 tothom pugui llegir-la i con\u00e8ixer els fonaments \u00e8tics d&#8217;aquesta professi\u00f3. I per aix\u00f2 ara, a tall d&#8217;homenatge al personal sanitari i assistencial, transcrivim aquest document.<\/p>\n\n\n\n<p class=\"has-text-align-center\"><img loading=\"lazy\" width=\"267\" height=\"189\" class=\"wp-image-2998\" style=\"width: 400px;\" src=\"https:\/\/blog.elpuig.xeill.net\/wp-content\/uploads\/2020\/12\/Hipocrates.jpg\" alt=\"\"><\/p>\n\n\n\n<p class=\"has-text-align-center\"><em>Hip\u00f2crates, pare de la medicina<\/em><\/p>\n\n\n\n<p><strong>Jurament hipocr\u00e0tic<\/strong><\/p>\n\n\n\n<p>En el moment de ser adm\u00e8s com a membre de la professi\u00f3 m\u00e8dica davant dels meus mestres i en aquesta facultat de Medicina que m&#8217;ha ensenyat tot el que s\u00e9, juro que:<\/p>\n\n\n\n<ol><li>Consagrar\u00e9 la meva vida al servei de la humanitat.<\/li><li>Guardar\u00e9 als meus mestres el degut respecte i gratitud.<\/li><li>Practicar\u00e9 la meva professi\u00f3 amb consci\u00e8ncia i dignitat.<\/li><li>La salut dels meus pacients ser\u00e0 l&#8217;objectiu prioritari de la meva feina.<\/li><li>Respectar\u00e9 els secrets que em siguin confiats en tot all\u00f2 que amb ocasi\u00f3 o a consci\u00e8ncia de  la meva professi\u00f3 pugui haver conegut i que no hagi de ser revelat.<\/li><li>Considerar\u00e9 els meus col\u00b7legues com a propis germans i no formular\u00e9 a la lleugera judicis contra ells que poguessin lesionar la seva honorabilitat i prestigi.<\/li><li>No permetr\u00e9 que prejudicis de religi\u00f3, nacionalitat, ra\u00e7a, partit pol\u00edtic o nivell social s&#8217;interposi entre el meu deure i la meva consci\u00e8ncia.<\/li><li>No prestar\u00e9 col\u00b7laboraci\u00f3 als poders pol\u00edtics que pretenguin degradar la relaci\u00f3 metge-pacient restringint la llibertat d&#8217;elecci\u00f3, prescripci\u00f3 i l&#8217;objecci\u00f3 de consci\u00e8ncia.<\/li><li>Guardar\u00e9 el m\u00e0xim respecte a la vida i dignitat humanes. No practicar\u00e9, col\u00b7laborar\u00e9 ni participar\u00e9 en cap acte o maniobra que atempti als dictats de la meva consci\u00e8ncia.<\/li><li>Respectar\u00e9 sempre la voluntat del meu pacient i no realitzar\u00e9 cap pr\u00e0ctica m\u00e8dica o experimental sense el seu consentiment.<\/li><li>No realitzar\u00e9 experiments que comportin patiment risc o que siguin innecessaris o atemptin contra la dignitat humana.<\/li><li>Mantindr\u00e9 la noble tradici\u00f3 m\u00e8dica en tot all\u00f2 que es refereixi a publicitat, honoraris i dicotomia.<\/li><li>Procurar\u00e9 mantenir els meus coneixements m\u00e8dics en els nivells que em permetin exercir la professi\u00f3 amb dignitat i seguretat.<\/li><li>Si arribat el dia en que els meus coneixements, facultats f\u00edsiques o sensorials no fossin les id\u00f2nies per l&#8217;exercici professional i no abandon\u00e9s volunt\u00e0riament, demano als meus companys d&#8217;avui i de dem\u00e0 que m&#8217;obliguin a fer-ho.<\/li><li>Faig aquestes promeses solemnement i lliurement, sota Paraula d&#8217;Honor, en mem\u00f2ria de tots els que creuen o hagin cregut en l&#8217;honor dels metges i metgesses i en l&#8217;\u00e8tica de les seves actuacions.<\/li><\/ol>\n\n\n\n<p class=\"has-text-align-right\">Versi\u00f3 del jurament hipocr\u00e0tic de la Universitat Aut\u00f2noma de Barcelona<\/p>\n\n\n\n<p class=\"has-text-align-center\"><img loading=\"lazy\" width=\"275\" height=\"183\" class=\"wp-image-3005\" style=\"width: 400px;\" src=\"https:\/\/blog.elpuig.xeill.net\/wp-content\/uploads\/2020\/12\/Personal-sanitari.jpg\" alt=\"\"><\/p>\n\n\n\n<p class=\"has-text-align-center\"><em>Gr\u00e0cies al personal sanitari i assistencial pel seu treball<\/em><\/p>\n","protected":false},"excerpt":{"rendered":"<p>Aquest any que ara acaba ha estat marcat per la pand\u00e8mia de la COVID-19, per la qual cosa el personal sanitari, que ha hagut de treballar i continua treballant infatigablement als hospitals davant de la malaltia i dels successius rebrots, &hellip; <a href=\"https:\/\/blog.elpuig.xeill.net\/?p=2989\">Continua llegint <span class=\"meta-nav\">&rarr;<\/span><\/a><\/p>\n","protected":false},"author":2,"featured_media":2996,"comment_status":"open","ping_status":"open","sticky":false,"template":"","format":"standard","meta":[],"categories":[329,405],"tags":[406,407],"_links":{"self":[{"href":"https:\/\/blog.elpuig.xeill.net\/index.php?rest_route=\/wp\/v2\/posts\/2989"}],"collection":[{"href":"https:\/\/blog.elpuig.xeill.net\/index.php?rest_route=\/wp\/v2\/posts"}],"about":[{"href":"https:\/\/blog.elpuig.xeill.net\/index.php?rest_route=\/wp\/v2\/types\/post"}],"author":[{"embeddable":true,"href":"https:\/\/blog.elpuig.xeill.net\/index.php?rest_route=\/wp\/v2\/users\/2"}],"replies":[{"embeddable":true,"href":"https:\/\/blog.elpuig.xeill.net\/index.php?rest_route=%2Fwp%2Fv2%2Fcomments&post=2989"}],"version-history":[{"count":13,"href":"https:\/\/blog.elpuig.xeill.net\/index.php?rest_route=\/wp\/v2\/posts\/2989\/revisions"}],"predecessor-version":[{"id":3009,"href":"https:\/\/blog.elpuig.xeill.net\/index.php?rest_route=\/wp\/v2\/posts\/2989\/revisions\/3009"}],"wp:featuredmedia":[{"embeddable":true,"href":"https:\/\/blog.elpuig.xeill.net\/index.php?rest_route=\/wp\/v2\/media\/2996"}],"wp:attachment":[{"href":"https:\/\/blog.elpuig.xeill.net\/index.php?rest_route=%2Fwp%2Fv2%2Fmedia&parent=2989"}],"wp:term":[{"taxonomy":"category","embeddable":true,"href":"https:\/\/blog.elpuig.xeill.net\/index.php?rest_route=%2Fwp%2Fv2%2Fcategories&post=2989"},{"taxonomy":"post_tag","embeddable":true,"href":"https:\/\/blog.elpuig.xeill.net\/index.php?rest_route=%2Fwp%2Fv2%2Ftags&post=2989"}],"curies":[{"name":"wp","href":"https:\/\/api.w.org\/{rel}","templated":true}]}}