{"id":2976,"date":"2020-11-04T19:43:23","date_gmt":"2020-11-04T17:43:23","guid":{"rendered":"https:\/\/blog.elpuig.xeill.net\/?p=2976"},"modified":"2020-11-04T19:43:23","modified_gmt":"2020-11-04T17:43:23","slug":"can-zam-mes-necessari-que-mai","status":"publish","type":"post","link":"https:\/\/blog.elpuig.xeill.net\/?p=2976","title":{"rendered":"Can Zam, m\u00e9s necessari que mai"},"content":{"rendered":"\n<figure class=\"wp-block-image size-large\"><img loading=\"lazy\" width=\"1024\" height=\"780\" src=\"https:\/\/blog.elpuig.xeill.net\/wp-content\/uploads\/2020\/11\/Can-Zam.jpg\" alt=\"\" class=\"wp-image-2982\" srcset=\"https:\/\/blog.elpuig.xeill.net\/wp-content\/uploads\/2020\/11\/Can-Zam.jpg 1024w, https:\/\/blog.elpuig.xeill.net\/wp-content\/uploads\/2020\/11\/Can-Zam-300x229.jpg 300w, https:\/\/blog.elpuig.xeill.net\/wp-content\/uploads\/2020\/11\/Can-Zam-768x585.jpg 768w, https:\/\/blog.elpuig.xeill.net\/wp-content\/uploads\/2020\/11\/Can-Zam-394x300.jpg 394w\" sizes=\"(max-width: 1024px) 100vw, 1024px\" \/><figcaption>Tres generacions de colomencs reclamant un Can Zam verd i frond\u00f3s\u2026<\/figcaption><\/figure>\n\n\n\n<p>Acabat el confinament de la passada primavera i les sortides per franges hor\u00e0ries, la Plataforma per a la defensa de la <a href=\"https:\/\/ca.wikipedia.org\/wiki\/Parc_de_la_Serralada_de_Marina\">Serra de Marina<\/a> i de <a href=\"https:\/\/ca.wikipedia.org\/wiki\/Parc_de_Can_Zam\">Can Zam<\/a> va fer una nova convocat\u00f2ria per reclamar l\u2019acabament d\u2019aquest parc que mai no s\u2019acaba. Cartells i escrits que acompanyaven la protesta posaven el dit a la nafra: &#8220;La ciutat necessita m\u00e9s que mai tot el parc, tots els dies de l\u2019any.&#8221; &#8220;Tres generacions de colomencs reclamant un Can Zam verd i frond\u00f3s.&#8221;<\/p>\n\n\n\n<p><img loading=\"lazy\" width=\"578\" height=\"420\" class=\"wp-image-2978\" style=\"width: 600px;\" src=\"https:\/\/blog.elpuig.xeill.net\/wp-content\/uploads\/2020\/10\/Cam-Zam-cavalcada-578x420-1.jpeg\" alt=\"\" srcset=\"https:\/\/blog.elpuig.xeill.net\/wp-content\/uploads\/2020\/10\/Cam-Zam-cavalcada-578x420-1.jpeg 578w, https:\/\/blog.elpuig.xeill.net\/wp-content\/uploads\/2020\/10\/Cam-Zam-cavalcada-578x420-1-300x218.jpeg 300w, https:\/\/blog.elpuig.xeill.net\/wp-content\/uploads\/2020\/10\/Cam-Zam-cavalcada-578x420-1-413x300.jpeg 413w\" sizes=\"(max-width: 578px) 100vw, 578px\" \/>-Cavalcada reivindicativa a Can Zam<\/p>\n\n\n\n<p>Tres generacions amb la mateixa lluita ciutadana. Sembla exagerat per\u00f2 no ho \u00e9s. Fa m\u00e9s de quaranta anys d\u2019aquella cavalcada de Reis des del Fondo a Can Zam amb el carro i el cavall.<\/p>\n\n\n\n<p>Buscant imatges de l\u2019\u00e8poca, em trobo tamb\u00e9 amb una dels meus vint anys, encara en blanc i negre, amb un cartell a les mans on hi ha la frase \u201cExigimos zonas deportivas\u201d il\u00b7lustrada amb fotos d\u2019un Can Zam pelat, ja que havien sigut arrasats els camps de conreu. D\u2019 aquell erm polseg\u00f3s sorgien el recinte de la <a href=\"https:\/\/ca.wikipedia.org\/wiki\/Can_Zam\">masia<\/a>, <a href=\"https:\/\/elpuig.xeill.net\/\">l\u2019Institut Puig Castellar<\/a> i el barri del Pilar. L\u2019escola Longar\u00f3n crec que no existia. Les reiterades portades de <em>Grama<\/em> amb el clam de Can Zam per al poble s\u00f3n de l\u2019etapa de l\u2019alcalde Blas Mu\u00f1oz, en els 70. S\u00ed, ha passat tota una vida.<\/p>\n\n\n\n<figure class=\"wp-block-image size-large is-resized\"><img loading=\"lazy\" src=\"https:\/\/blog.elpuig.xeill.net\/wp-content\/uploads\/2020\/10\/Agustina-Can-Zam-693x1024-1.jpg\" alt=\"\" class=\"wp-image-2979\" width=\"405\" height=\"602\"\/><figcaption>L\u2019Agustina, amb el cartell reivindicatiu<\/figcaption><\/figure>\n\n\n\n<p>Can Zam, salvat a c\u00f2pia d\u2019anys de lluita, \u00e9s gaireb\u00e9 un miracle en la Santa Coloma hiperconstru\u00efda i mal repartida. Seria tot un b\u00e0lsam un espai aix\u00ed enmig dels atape\u00efts barris lim\u00edtrofs amb Badalona. Actualment, com un dels efectes de la pand\u00e8mia, hi ha un gran debat sobre l\u2019\u00fas de l\u2019espai p\u00fablic. L\u2019emerg\u00e8ncia del canvi clim\u00e0tic i el replantejament sobre les caracter\u00edstiques dels llocs on vivim sembla que porten a una actitud un\u00e0nime consistent a pacificar la ciutat i fer-la m\u00e9s habitable. Bon moment, doncs, per posar el fil definitiu a l\u2019agulla i acabar aquesta Sagrada Fam\u00edlia loca<\/p>\n\n\n\n<figure class=\"wp-block-image size-large\"><img loading=\"lazy\" width=\"560\" height=\"420\" src=\"https:\/\/blog.elpuig.xeill.net\/wp-content\/uploads\/2020\/11\/CAm-Zam-3-560x420-1.jpg\" alt=\"\" class=\"wp-image-2983\" srcset=\"https:\/\/blog.elpuig.xeill.net\/wp-content\/uploads\/2020\/11\/CAm-Zam-3-560x420-1.jpg 560w, https:\/\/blog.elpuig.xeill.net\/wp-content\/uploads\/2020\/11\/CAm-Zam-3-560x420-1-300x225.jpg 300w, https:\/\/blog.elpuig.xeill.net\/wp-content\/uploads\/2020\/11\/CAm-Zam-3-560x420-1-400x300.jpg 400w\" sizes=\"(max-width: 560px) 100vw, 560px\" \/><figcaption>La pand\u00e8mia fa m\u00e9s necessari que mai els espais de natura urbana<\/figcaption><\/figure>\n\n\n\n<p>Les tres hect\u00e0rees ermes que amaga la tanca tenen un valor m\u00e9s preuat que mai per a la pr\u00f2pia ciutat i per als habitants de l\u2019\u00e0rea metropolitana, que gaudim igual d\u2019un patrimoni compartit com el <a href=\"https:\/\/ca.wikipedia.org\/wiki\/Parc_Fluvial_del_Bes%C3%B2s\">parc fluvial del Bes\u00f2s<\/a>, la ruta del <a href=\"https:\/\/ca.wikipedia.org\/wiki\/Rec_Comtal\">Rec Comtal<\/a>, les platges de diversos municipis, la Serra de Marina, Collserola, el delta del Llobregat, etc.<\/p>\n\n\n\n<figure class=\"wp-block-image size-large\"><img loading=\"lazy\" width=\"630\" height=\"420\" src=\"https:\/\/blog.elpuig.xeill.net\/wp-content\/uploads\/2020\/11\/Can-Zam-7-630x420-1.jpg\" alt=\"\" class=\"wp-image-2984\" srcset=\"https:\/\/blog.elpuig.xeill.net\/wp-content\/uploads\/2020\/11\/Can-Zam-7-630x420-1.jpg 630w, https:\/\/blog.elpuig.xeill.net\/wp-content\/uploads\/2020\/11\/Can-Zam-7-630x420-1-300x200.jpg 300w, https:\/\/blog.elpuig.xeill.net\/wp-content\/uploads\/2020\/11\/Can-Zam-7-630x420-1-450x300.jpg 450w\" sizes=\"(max-width: 630px) 100vw, 630px\" \/><figcaption>El festival Rock Fest ocupa tres dies a l&#8217;any l&#8217;espai sense reforestar<\/figcaption><\/figure>\n\n\n\n<p>En els acords del <a href=\"https:\/\/www.gramenet.cat\/fileadmin\/Files\/Ajuntament\/coronavirus\/pacte_local_2020.pdf\">Pacte Local 2020<\/a> es diu que s\u2019avan\u00e7ar\u00e0 en l\u2019execuci\u00f3 de la fase 2 &#8220;obrint al p\u00fablic 33.000 m2 urbanitzats amb criteris de renaturalitzaci\u00f3 i permetent activitats culturals.&#8221; Qu\u00e8 vol dir? Que ser\u00e0 un parc a mitges? Que es podr\u00e0 obrir i tancar si conv\u00e9? Si alguna cosa est\u00e0 demostrant la pand\u00e8mia \u00e9s el valor de les prioritats. Can Zam per al poble, n\u2019\u00e9s una.<\/p>\n\n\n\n<figure class=\"wp-block-image size-large\"><img loading=\"lazy\" width=\"800\" height=\"309\" src=\"https:\/\/blog.elpuig.xeill.net\/wp-content\/uploads\/2020\/10\/Can-Zam.jpg\" alt=\"\" class=\"wp-image-2980\" srcset=\"https:\/\/blog.elpuig.xeill.net\/wp-content\/uploads\/2020\/10\/Can-Zam.jpg 800w, https:\/\/blog.elpuig.xeill.net\/wp-content\/uploads\/2020\/10\/Can-Zam-300x116.jpg 300w, https:\/\/blog.elpuig.xeill.net\/wp-content\/uploads\/2020\/10\/Can-Zam-768x297.jpg 768w, https:\/\/blog.elpuig.xeill.net\/wp-content\/uploads\/2020\/10\/Can-Zam-500x193.jpg 500w\" sizes=\"(max-width: 800px) 100vw, 800px\" \/><figcaption>Tanca on es pot llegir &#8220;Can Zam per al poble&#8221;, la reivindicaci\u00f3 que feien els ve\u00efns durant la primera manifestaci\u00f3 de 1976<\/figcaption><\/figure>\n\n\n\n<p class=\"has-text-align-right\"><a href=\"https:\/\/elpuig.xeill.net\/el-centre\/noticies\/old\/institut\/actes-dhomenatge\/pagina-dagustina-rico\">Agustina Rico<\/a><\/p>\n","protected":false},"excerpt":{"rendered":"<p>Acabat el confinament de la passada primavera i les sortides per franges hor\u00e0ries, la Plataforma per a la defensa de la Serra de Marina i de Can Zam va fer una nova convocat\u00f2ria per reclamar l\u2019acabament d\u2019aquest parc que mai &hellip; <a href=\"https:\/\/blog.elpuig.xeill.net\/?p=2976\">Continua llegint <span class=\"meta-nav\">&rarr;<\/span><\/a><\/p>\n","protected":false},"author":1,"featured_media":0,"comment_status":"open","ping_status":"open","sticky":false,"template":"","format":"image","meta":[],"categories":[1,124],"tags":[330,404,303],"_links":{"self":[{"href":"https:\/\/blog.elpuig.xeill.net\/index.php?rest_route=\/wp\/v2\/posts\/2976"}],"collection":[{"href":"https:\/\/blog.elpuig.xeill.net\/index.php?rest_route=\/wp\/v2\/posts"}],"about":[{"href":"https:\/\/blog.elpuig.xeill.net\/index.php?rest_route=\/wp\/v2\/types\/post"}],"author":[{"embeddable":true,"href":"https:\/\/blog.elpuig.xeill.net\/index.php?rest_route=\/wp\/v2\/users\/1"}],"replies":[{"embeddable":true,"href":"https:\/\/blog.elpuig.xeill.net\/index.php?rest_route=%2Fwp%2Fv2%2Fcomments&post=2976"}],"version-history":[{"count":5,"href":"https:\/\/blog.elpuig.xeill.net\/index.php?rest_route=\/wp\/v2\/posts\/2976\/revisions"}],"predecessor-version":[{"id":2987,"href":"https:\/\/blog.elpuig.xeill.net\/index.php?rest_route=\/wp\/v2\/posts\/2976\/revisions\/2987"}],"wp:attachment":[{"href":"https:\/\/blog.elpuig.xeill.net\/index.php?rest_route=%2Fwp%2Fv2%2Fmedia&parent=2976"}],"wp:term":[{"taxonomy":"category","embeddable":true,"href":"https:\/\/blog.elpuig.xeill.net\/index.php?rest_route=%2Fwp%2Fv2%2Fcategories&post=2976"},{"taxonomy":"post_tag","embeddable":true,"href":"https:\/\/blog.elpuig.xeill.net\/index.php?rest_route=%2Fwp%2Fv2%2Ftags&post=2976"}],"curies":[{"name":"wp","href":"https:\/\/api.w.org\/{rel}","templated":true}]}}