{"id":2555,"date":"2019-02-18T23:44:39","date_gmt":"2019-02-18T21:44:39","guid":{"rendered":"https:\/\/blog.elpuig.xeill.net\/?p=2555"},"modified":"2019-02-19T11:08:36","modified_gmt":"2019-02-19T09:08:36","slug":"si-la-natura-es-la-resposta-quina-era-la-pregunta","status":"publish","type":"post","link":"https:\/\/blog.elpuig.xeill.net\/?p=2555","title":{"rendered":"Si la natura \u00e9s la resposta, quina era la pregunta?"},"content":{"rendered":"<p><em>Els professionals de l&#8217;ensenyament saben que el pati d&#8217;un centre educatiu \u00e9s, com altres espais escolars, un aula oberta: un lloc per jugar, per conviure i per aprendre. Un espai amable on a l&#8217;hora de l&#8217;esbarjo o en altres moments del dia els nois i noies, a m\u00e9s de fer esport, conversen i aprenen sense adonar-se&#8217;n.\u00a0<\/em><\/p>\n<p><em>Al nostre institut tenim un pati on, gr\u00e0cies a la gran varietat d&#8217;arbres (uns 80, de 28 esp\u00e8cies diferents) i plantes, s&#8217;hi poden veure tots els canvis estacionals de la natura, ja que n&#8217;hi ha de fulla caduca i d&#8217;altres de fulla perenne. \u00c9s emocionant, per exemple, la transformaci\u00f3 de les moreres al llarg de l&#8217;any, des que els comencen a sortir els brots verds a la primavera fins que van engroguint a la tardor:\u00a0<\/em><\/p>\n<p>A l&#8217;arbre hi ha una fulla<br \/>\nque ja est\u00e0 a punt de caure<br \/>\ni l&#8217;\u00faltim raig del dia,<br \/>\nque ho sap,<br \/>\nencar la daura.<br \/>\n<a href=\"https:\/\/ca.wikipedia.org\/wiki\/Josep_Carner_i_Puig-Oriol\"> Josep Carner<\/a><\/p>\n<p><em>A m\u00e9s ara, des del passat 13 de febrer, que vam celebrar un nou acte del\u00a0<a href=\"https:\/\/elpuig.xeill.net\/el-centre\/50-anys\/50e-aniversari-del-puig-castellar\">Cinquantenari del Puig<\/a><a href=\"https:\/\/elpuig.xeill.net\/el-centre\/50-anys\/50e-aniversari-del-puig-castellar\"> Castellar<\/a>, el nostre pati s&#8217;ha enriquit amb dues noves pres\u00e8ncies que semblen dialogar entre s\u00ed i amb l&#8217;entorn: una olivera d&#8217;uns cinquanta anys de vida i una escultura de ferro, obra de Miguel \u00c1ngel Para, home polifac\u00e8tic, d&#8217;Arts (pintura, escultura&#8230;) i Ci\u00e8ncies (Biologia), antic alumne de l&#8217;Institut Puig Castellar i actualment professor a l&#8217;Institut Ramon Berenguer de la nostra ciutat. L&#8217;acte, que va comptar amb la pres\u00e8ncia i les paraules de salutaci\u00f3 i d&#8217;esperan\u00e7a de l&#8217;alcaldessa, N\u00faria Parlon, i de Montserrat Domingo, directora dels Serveis Territorials de Barcelona Comarques, va estar presentat per Carles Gil, director del nostre l&#8217;institut, i va aplegar un bon grup d&#8217;alumnes i d&#8217;amics (antics alumnes, professors, pares i mares de l&#8217;AMPA&#8230;). Si a la p\u00e0gina\u00a0<a href=\"https:\/\/elpuig.xeill.net\/el-centre\/50-anys\/50e-aniversari-del-puig-castellar\">Descoberta de l&#8217;olivera i l&#8217;escultura del Cinquantenari<\/a>, podeu veure i llegir un reportatge fotogr\u00e0fic i literari de l&#8217;acte, aqu\u00ed donem unes paraules explicatives de l&#8217;escultor sobre la seva obra, per animar a comentar-la totes les persones que la vegin i es preguntin pel seu significat.<\/em><\/p>\n<div id=\"attachment_2559\" style=\"width: 528px\" class=\"wp-caption aligncenter\"><a href=\"https:\/\/blog.elpuig.xeill.net\/wp-content\/uploads\/2019\/02\/N\u00faria-Parlon-Miguel-\u00c1ngel-Para-i-Carles-Gil.jpg\"><img aria-describedby=\"caption-attachment-2559\" loading=\"lazy\" class=\"wp-image-2559 size-full\" src=\"https:\/\/blog.elpuig.xeill.net\/wp-content\/uploads\/2019\/02\/N\u00faria-Parlon-Miguel-\u00c1ngel-Para-i-Carles-Gil.jpg\" alt=\"\" width=\"518\" height=\"387\" \/><\/a><p id=\"caption-attachment-2559\" class=\"wp-caption-text\">N\u00faria Parlon (alcaldessa de Santa Coloma de Gramenet), Miguel \u00c1ngel Para (autor de l&#8217;escultura) i Carles Gil (director de l&#8217;Institut Puig Castellar)<\/p><\/div>\n<p><strong>Art i natura: Si la natura \u00e9s la resposta, quina era la pregunta?<\/strong><\/p>\n<p><a href=\"https:\/\/es.wikipedia.org\/wiki\/Jorge_Wagensberg\">Jorge Wagensberg<\/a> (Barcelona, 1949-2018) va ser professor de F\u00edsica a la Universitat de Barcelona, divulgador cient\u00edfic i director durant quinze anys de CosmoCaixa, persona amb grans inquietuds per a diferents disciplines del coneixement: art, ci\u00e8ncia, filosofia i especialment interessat en la complexitat de la natura. Va escriure un petit llibre d\u2019aforismes titulat <em>Si la natura \u00e9s la resposta, quina era la pregunta?,\u00a0<\/em>on b\u00e0sicament el que fa \u00e9s introduir-nos en el principi de la incertesa i l\u2019atzar que observava en la realitat, la vida, el coneixement i la civilitzaci\u00f3. \u00c9s un llibre ple de reflexions des de molts punts de vista sobre la precarietat en qu\u00e8 es situa l\u2019\u00e9sser hum\u00e0 per tal de donar explicacions a tot all\u00f2 que ens envolta. Resulta molt interessant el paral\u00b7lelisme que estableix entre art, ci\u00e8ncia i natura. L\u2019art i la ci\u00e8ncia com a formes de coneixement que intenten donar respostes a preguntes formulades de manera i metodologies diferents, per\u00f2 al cap i a la fi que interroguen a la natura, si voleu, al M\u00f3n.<br \/>\nL\u2019art com tota la cultura \u00e9s \u201cartifici\u201d que conviu amb la Natura (que \u00e9s pura Realitat) i curiosament els humans estem constitu\u00efts per les dues coses; som alhora natura i cultura, natura que es pregunta sobre si mateixa. I aquesta operaci\u00f3 la podem fer perqu\u00e8 els humans som animals de pensament simb\u00f2lic capa\u00e7os de donar significat a all\u00f2 que inicialment no ho t\u00e9. Davant d\u2019un quadre podem fer la seg\u00fcent pregunta: aix\u00f2 qu\u00e8 \u00e9s? I puc dir, una tela plena de colors. Per\u00f2 si faig la pregunta: <em>Aix\u00f2 qu\u00e8 significa?, <\/em>la cosa es complica perqu\u00e8 he de fer una jugada mental, deixar de veure una tela plena de color i comen\u00e7ar a donar significat a all\u00f2 que estic veient.<\/p>\n<div id=\"attachment_2558\" style=\"width: 860px\" class=\"wp-caption aligncenter\"><a href=\"https:\/\/blog.elpuig.xeill.net\/wp-content\/uploads\/2019\/02\/Lescultura-i-lolivera.jpg\"><img aria-describedby=\"caption-attachment-2558\" loading=\"lazy\" class=\"wp-image-2558 size-full\" src=\"https:\/\/blog.elpuig.xeill.net\/wp-content\/uploads\/2019\/02\/Lescultura-i-lolivera.jpg\" alt=\"\" width=\"850\" height=\"591\" \/><\/a><p id=\"caption-attachment-2558\" class=\"wp-caption-text\">L&#8217;escultura de Miguel \u00c1ngel Para i l&#8217;olivera del Cinquantenari<\/p><\/div>\n<p>Aquestes transmutacions simb\u00f2liques s\u00f3n molt interessants quan fas conviure natura, posem per cas l\u2019olivera del pati de l\u2019Institut, amb un artifici, una escultura de ferro que cont\u00e9 un interrogant. Qui interroga? Quina \u00e9s la pregunta? Potser \u00e9s la natura? O potser som nosaltres els que interpel\u00b7lem?<\/p>\n<div id=\"attachment_2568\" style=\"width: 322px\" class=\"wp-caption aligncenter\"><a href=\"https:\/\/blog.elpuig.xeill.net\/wp-content\/uploads\/2019\/02\/Pregunta-2.jpg\"><img aria-describedby=\"caption-attachment-2568\" loading=\"lazy\" class=\"wp-image-2568\" src=\"https:\/\/blog.elpuig.xeill.net\/wp-content\/uploads\/2019\/02\/Pregunta-2.jpg\" alt=\"\" width=\"312\" height=\"548\" \/><\/a><p id=\"caption-attachment-2568\" class=\"wp-caption-text\">Plantejant preguntes, cercant respostes&#8230;<\/p><\/div>\n<p>Com a professor de Biologia em trobo amb moltes preguntes formulades per alumnes que intueixen la gran complexitat del m\u00f3n que ens envolta. Preguntes de dif\u00edcil resposta o de cap resposta que fan emmudir i recon\u00e8ixer que no hi ha resposta v\u00e0lida i que has de viure i conviure amb moltes incerteses. Molts dels meus alumnes s\u2019enfaden quan els hi dic que la natura no ent\u00e9n de raons; som nosaltres que les hi posem.<br \/>\nEn aquest sentit col\u00b7locar una olivera i al costat un interrogant no \u00e9s m\u00e9s que formular una pregunta on la frase no \u00e9s llenguatge escrit. Per\u00f2, atenci\u00f3, l\u2019interrogant s\u00ed forma part del llenguatge. Tornem a la dualitat: natura-cultura i si voleu a la conviv\u00e8ncia natura i cultura. Tamb\u00e9, per qu\u00e8 no? Realitat i artifici.<\/p>\n<div id=\"attachment_2567\" style=\"width: 456px\" class=\"wp-caption aligncenter\"><a href=\"https:\/\/blog.elpuig.xeill.net\/wp-content\/uploads\/2019\/02\/Olivera.jpg\"><img aria-describedby=\"caption-attachment-2567\" loading=\"lazy\" class=\"wp-image-2567\" src=\"https:\/\/blog.elpuig.xeill.net\/wp-content\/uploads\/2019\/02\/Olivera.jpg\" alt=\"\" width=\"446\" height=\"256\" \/><\/a><p id=\"caption-attachment-2567\" class=\"wp-caption-text\">L&#8217;olivera del cinquantenari, un arbre emblem\u00e0tic<\/p><\/div>\n<p style=\"text-align: left;\">A l\u2019Institut Puig Castellar, on vaig estudiar fa un bon grapat d\u2019anys, aquest tipus de preguntes ja em rodaven pel cap, potser, sense la concreci\u00f3 en qu\u00e8 les pots fer quan ja ets gran. Per\u00f2 encara que fossin prec\u00e0ries, intu\u00eftives, b\u00e0siques, hi eren i les formulava al professorat. Poc a poc vaig anar descobrint que tots plegats viv\u00edem la mateixa incertesa i que potser \u00e9s aquesta la condici\u00f3 que amb els anys has d\u2019assumir. Com adolescent amb certa rebel\u00b7lia, i com adult amb serenor i amb els instruments necessaris que ens aporta la cultura.<\/p>\n<p style=\"text-align: right;\">Miguel \u00c1ngel Para<\/p>\n","protected":false},"excerpt":{"rendered":"<p>Els professionals de l&#8217;ensenyament saben que el pati d&#8217;un centre educatiu \u00e9s, com altres espais escolars, un aula oberta: un lloc per jugar, per conviure i per aprendre. Un espai amable on a l&#8217;hora de l&#8217;esbarjo o en altres moments &hellip; <a href=\"https:\/\/blog.elpuig.xeill.net\/?p=2555\">Continua llegint <span class=\"meta-nav\">&rarr;<\/span><\/a><\/p>\n","protected":false},"author":2,"featured_media":0,"comment_status":"open","ping_status":"open","sticky":false,"template":"","format":"standard","meta":[],"categories":[304],"tags":[307,306],"_links":{"self":[{"href":"https:\/\/blog.elpuig.xeill.net\/index.php?rest_route=\/wp\/v2\/posts\/2555"}],"collection":[{"href":"https:\/\/blog.elpuig.xeill.net\/index.php?rest_route=\/wp\/v2\/posts"}],"about":[{"href":"https:\/\/blog.elpuig.xeill.net\/index.php?rest_route=\/wp\/v2\/types\/post"}],"author":[{"embeddable":true,"href":"https:\/\/blog.elpuig.xeill.net\/index.php?rest_route=\/wp\/v2\/users\/2"}],"replies":[{"embeddable":true,"href":"https:\/\/blog.elpuig.xeill.net\/index.php?rest_route=%2Fwp%2Fv2%2Fcomments&post=2555"}],"version-history":[{"count":9,"href":"https:\/\/blog.elpuig.xeill.net\/index.php?rest_route=\/wp\/v2\/posts\/2555\/revisions"}],"predecessor-version":[{"id":2572,"href":"https:\/\/blog.elpuig.xeill.net\/index.php?rest_route=\/wp\/v2\/posts\/2555\/revisions\/2572"}],"wp:attachment":[{"href":"https:\/\/blog.elpuig.xeill.net\/index.php?rest_route=%2Fwp%2Fv2%2Fmedia&parent=2555"}],"wp:term":[{"taxonomy":"category","embeddable":true,"href":"https:\/\/blog.elpuig.xeill.net\/index.php?rest_route=%2Fwp%2Fv2%2Fcategories&post=2555"},{"taxonomy":"post_tag","embeddable":true,"href":"https:\/\/blog.elpuig.xeill.net\/index.php?rest_route=%2Fwp%2Fv2%2Ftags&post=2555"}],"curies":[{"name":"wp","href":"https:\/\/api.w.org\/{rel}","templated":true}]}}