{"id":251,"date":"2011-12-13T18:50:27","date_gmt":"2011-12-13T16:50:27","guid":{"rendered":"http:\/\/blog.elpuig.xeill.net\/?p=251"},"modified":"2011-12-13T22:57:37","modified_gmt":"2011-12-13T20:57:37","slug":"electrodomestics","status":"publish","type":"post","link":"https:\/\/blog.elpuig.xeill.net\/?p=251","title":{"rendered":"Electrodom\u00e8stics"},"content":{"rendered":"<p>Quan va morir Steve Jobs (Apple), els diaris van publicar articles i apunts biogr\u00e0fics gr\u00e0cies als quals vam assabentar-nos d&#8217;algunes de les seves opinions personals. Per exemple, vam llegir que quan el matrimoni Jobs va necessitar comprar una rentadora, com que els preocupava molt el medi ambient, van pensar durant molt de temps quin model era el m\u00e9s apropiat i estava m\u00e9s en conson\u00e0ncia amb els seus principis. Finalment, van optar per un model europeu, en comptes d&#8217;un model nord-americ\u00e0, perqu\u00e8 havien calculat que la vida de la roba era m\u00e9s llarga amb les rentadores europees.<\/p>\n<p>Potser no tothom s&#8217;ho pensa tant com Steve Jobs i la seva dona a l&#8217;hora de comprar una rentadora o qualsevol altre electrodom\u00e8stic. El que s\u00ed \u00e9s segur \u00e9s que per a tots nosaltres els electrodom\u00e8stics ens fan la vida m\u00e9s c\u00f2moda, perqu\u00e8 ens ajuden en moltes tasques dom\u00e8stiques (cuina, manteniment, conservaci\u00f3 d&#8217;aliments, etc.), en la neteja personal (l&#8217;assecador del cabell, el raspall de dents el\u00e8ctric, etc.) i per tenir la casa a una temperatura adient (calefactors, aire condicionat, etc.).<\/p>\n<p>Com que hi tanta varietat d&#8217;electrodom\u00e8stics (tots tenen en com\u00fa el fet de funcionar amb electricitat), les enciclop\u00e8dies i els cat\u00e0legs acostumen a fer-ne diferents classificacions segons la seva mida (grans com la rentadora i el frigorific i petits com la liquadora i la cafetera), el seu \u00fas (rentar, cuinar, etc.) o el seu color dominant: l\u00ednia marr\u00f3, l\u00ednia blanca i l\u00ednia grisa.<\/p>\n<p><a href=\"http:\/\/blog.elpuig.xeill.net\/wp-content\/uploads\/2011\/12\/Electrodom%C3%A8stics.jpg\"><img loading=\"lazy\" class=\"aligncenter size-full wp-image-252\" title=\"Electrodom\u00e8stics\" src=\"http:\/\/blog.elpuig.xeill.net\/wp-content\/uploads\/2011\/12\/Electrodom%C3%A8stics.jpg\" alt=\"\" width=\"257\" height=\"196\" \/><\/a>Els aparells de la l\u00ednia marr\u00f3 s\u00f3n els audiovisuals i serveixen per al lleure (televisor, reproductors de m\u00fasica, de v\u00eddeo, etc.). Els de la l\u00ednia blanca serveixen per conservar aliments, cuinar i rentar (el frigor\u00edfic, el forn microones, el rentaplats, etc.). Quant als de l\u00ednia grisa, s\u00f3n els relacionats amb la inform\u00e0tica (l&#8217;ordinador personal, la impressora, etc.).<\/p>\n<p>Com veiem, els electrodom\u00e8stics s\u00f3n un conjunt molt ampli i variat d&#8217;aparells. Tothom, per\u00f2, en t\u00e9 algun que considera el m\u00e9s necessari o m\u00e9s \u00fatil per a la seva vida. Per aclarir-ho, fem les seg\u00fcents preguntes.<\/p>\n<p>Quin paper juguen a la teva vida els electrodom\u00e8stics? Sense quin d&#8217;aquests aparells et resultaria m\u00e9s inc\u00f2moda la vida? Quin \u00e9s el teu electrodom\u00e8stic preferit i per qu\u00e8? Creus que la prefer\u00e8ncia per un determinat electrodom\u00e8stic t\u00e9 a veure amb l&#8217;edat o el sexe? Aquestes s\u00f3n algunes preguntes possibles sobre els electrodom\u00e8stics, per\u00f2 totes les que vulguis plantejar o contestar seran benvingudes.<\/p>\n","protected":false},"excerpt":{"rendered":"<p>Quan va morir Steve Jobs (Apple), els diaris van publicar articles i apunts biogr\u00e0fics gr\u00e0cies als quals vam assabentar-nos d&#8217;algunes de les seves opinions personals. Per exemple, vam llegir que quan el matrimoni Jobs va necessitar comprar una rentadora, com &hellip; <a href=\"https:\/\/blog.elpuig.xeill.net\/?p=251\">Continua llegint <span class=\"meta-nav\">&rarr;<\/span><\/a><\/p>\n","protected":false},"author":2,"featured_media":0,"comment_status":"open","ping_status":"open","sticky":false,"template":"","format":"standard","meta":[],"categories":[35],"tags":[34],"_links":{"self":[{"href":"https:\/\/blog.elpuig.xeill.net\/index.php?rest_route=\/wp\/v2\/posts\/251"}],"collection":[{"href":"https:\/\/blog.elpuig.xeill.net\/index.php?rest_route=\/wp\/v2\/posts"}],"about":[{"href":"https:\/\/blog.elpuig.xeill.net\/index.php?rest_route=\/wp\/v2\/types\/post"}],"author":[{"embeddable":true,"href":"https:\/\/blog.elpuig.xeill.net\/index.php?rest_route=\/wp\/v2\/users\/2"}],"replies":[{"embeddable":true,"href":"https:\/\/blog.elpuig.xeill.net\/index.php?rest_route=%2Fwp%2Fv2%2Fcomments&post=251"}],"version-history":[{"count":5,"href":"https:\/\/blog.elpuig.xeill.net\/index.php?rest_route=\/wp\/v2\/posts\/251\/revisions"}],"predecessor-version":[{"id":256,"href":"https:\/\/blog.elpuig.xeill.net\/index.php?rest_route=\/wp\/v2\/posts\/251\/revisions\/256"}],"wp:attachment":[{"href":"https:\/\/blog.elpuig.xeill.net\/index.php?rest_route=%2Fwp%2Fv2%2Fmedia&parent=251"}],"wp:term":[{"taxonomy":"category","embeddable":true,"href":"https:\/\/blog.elpuig.xeill.net\/index.php?rest_route=%2Fwp%2Fv2%2Fcategories&post=251"},{"taxonomy":"post_tag","embeddable":true,"href":"https:\/\/blog.elpuig.xeill.net\/index.php?rest_route=%2Fwp%2Fv2%2Ftags&post=251"}],"curies":[{"name":"wp","href":"https:\/\/api.w.org\/{rel}","templated":true}]}}