{"id":2246,"date":"2018-05-28T23:17:14","date_gmt":"2018-05-28T21:17:14","guid":{"rendered":"https:\/\/blog.elpuig.xeill.net\/?p=2246"},"modified":"2020-05-06T11:56:01","modified_gmt":"2020-05-06T09:56:01","slug":"un-piano-per-al-puig","status":"publish","type":"post","link":"https:\/\/blog.elpuig.xeill.net\/?p=2246","title":{"rendered":"Un piano per al Puig"},"content":{"rendered":"<h1 lang=\"ca-ES\" style=\"text-align: left;\" align=\"CENTER\">Un regal d&#8217;aniversari: un piano nou per al Puig. Campanya de micromecenatge<\/h1>\n<p lang=\"ca-ES\" style=\"text-align: right;\" align=\"CENTER\"><i>La t\u00e8cnica del piano \u00e9s, en realitat, molt senzilla, per\u00f2 es necessiten anys per dominar-la<\/i>. <a href=\"https:\/\/es.wikipedia.org\/wiki\/Glenn_Gould\">Glenn Gould<\/a><\/p>\n<p lang=\"ca-ES\" align=\"RIGHT\"><i>La t\u00e8cnica neix de l&#8217;\u00e0nima<\/i>.<a href=\"https:\/\/ca.wikipedia.org\/wiki\/Franz_Liszt\"> Franz Liszt<\/a><\/p>\n<p lang=\"ca-ES\" style=\"text-align: right;\" align=\"RIGHT\"><i>Amb el piano, em fio totalment dels sentiments. La ci\u00e8ncia la deixo a la vida<\/i>. <a href=\"https:\/\/es.wikipedia.org\/wiki\/Oscar_Wilde\">Oscar Wilde<\/a><\/p>\n<p lang=\"ca-ES\" style=\"text-align: left;\">Quan es va construir, ara fa 50 anys, l&#8217;edifici de l&#8217;institut Puig Castellar, l&#8217;Administraci\u00f3 educativa (Ministeri d&#8217;Educaci\u00f3) acostumava, feli\u00e7ment, a dotar els centres p\u00fablics d&#8217;ensenyament mitj\u00e0 (es com es deien abans els estudis de secund\u00e0ria) d&#8217;una sala d&#8217;actes.<\/p>\n<div id=\"attachment_2252\" style=\"width: 410px\" class=\"wp-caption aligncenter\"><a href=\"https:\/\/blog.elpuig.xeill.net\/wp-content\/uploads\/2018\/05\/Do\u00f1a-Rosita-la-soltera-de-Garc\u00eda-Lorca.jpg\"><img aria-describedby=\"caption-attachment-2252\" loading=\"lazy\" class=\"wp-image-2252 size-full\" src=\"https:\/\/blog.elpuig.xeill.net\/wp-content\/uploads\/2018\/05\/Do\u00f1a-Rosita-la-soltera-de-Garc\u00eda-Lorca.jpg\" alt=\"\" width=\"400\" height=\"266\" \/><\/a><p id=\"caption-attachment-2252\" class=\"wp-caption-text\">Representaci\u00f3 a la sala d&#8217;actes de Do\u00f1a Rosita la soltera de Federico Garc\u00eda Lorca al curs 1983-1984<\/p><\/div>\n<p lang=\"ca-ES\" style=\"text-align: left;\">Des de la seva inauguraci\u00f3, la sala d&#8217;actes del nostre institut guarda en la seva mem\u00f2ria milers de bonics records: actes de benvinguda a l&#8217;alumnat i a les fam\u00edlies cada inici de curs, <a href=\"https:\/\/elpuig.xeill.net\/el-centre\/noticies\/old\/institut\/acomiadaments\">actes de comiat<\/a> de les diferents promocions acad\u00e8miques, <a href=\"https:\/\/elpuig.xeill.net\/activitats\/activitats-extraescolars\/carnaval\">festivals de Nadal i Carnaval<\/a>, festes solid\u00e0ries per recollir diners per campanyes humanit\u00e0ries, <a href=\"https:\/\/elpuig.xeill.net\/activitats\/activitats-extraescolars\/sant-jordi\">celebracions liter\u00e0ries de Sant Jordi<\/a>, <a href=\"https:\/\/elpuig.xeill.net\/activitats\/activitats-extraescolars\/teatre\">representacions teatrals<\/a>, <a href=\"https:\/\/elpuig.xeill.net\/activitats\/activitats-extraescolars\/conferencies\">confer\u00e8ncies<\/a>, <a href=\"https:\/\/elpuig.xeill.net\/activitats\/activitats-extraescolars\/musica\">audicions musicals<\/a>, <a href=\"https:\/\/elpuig.xeill.net\/activitats\/activitats-extraescolars\/cinema\">projeccions cinematogr\u00e0fiques<\/a>, <a href=\"https:\/\/elpuig.xeill.net\/el-centre\/noticies\/old\/institut\/40e-aniversari-de-linstitut-puig-castellar-1\/ecos-del-40e-aniversari\">trobades d&#8217;aniversari de l&#8217;institut<\/a>,<a href=\"https:\/\/elpuig.xeill.net\/el-centre\/noticies\/old\/institut\/40e-aniversari-de-linstitut-puig-castellar-1\/ecos-del-40e-aniversari\"> homenatges<\/a> (per exemple, <a href=\"https:\/\/elpuig.xeill.net\/activitats\/activitats-extraescolars\/homenatges\/leccion-de-historia-1\">un d&#8217;inoblidable a les Brigades Internacionals<\/a>), concursos d&#8217;arts esc\u00e8niques, debats, <a href=\"https:\/\/elpuig.xeill.net\/activitats\/jornades-didactiques\">jornades did\u00e0ctiques<\/a>, assemblees d&#8217;estudiants, de ve\u00efns &#8230; Per\u00f2 moltes d&#8217;aquestes activitats no tindrien sabor si no anessin acompanyades de banda sonora i, en el nostre cas, de la m\u00fasica del nostre piano.<\/p>\n<div id=\"attachment_2253\" style=\"width: 295px\" class=\"wp-caption aligncenter\"><a href=\"https:\/\/blog.elpuig.xeill.net\/wp-content\/uploads\/2018\/05\/P1380226.jpg\"><img aria-describedby=\"caption-attachment-2253\" loading=\"lazy\" class=\"wp-image-2253\" src=\"https:\/\/blog.elpuig.xeill.net\/wp-content\/uploads\/2018\/05\/P1380226.jpg\" alt=\"\" width=\"285\" height=\"216\" \/><\/a><p id=\"caption-attachment-2253\" class=\"wp-caption-text\">M\u00edriam P\u00e9rez, exalumna, tocant a la sala d&#8217;actes del Puig durant una celebraci\u00f3 la primavera del 2013<\/p><\/div>\n<p lang=\"ca-ES\" align=\"JUSTIFY\">Quan alg\u00fa puja a l&#8217;escenari de la sala d&#8217;actes, el primer que l&#8217;assalta en veure el piano, malgrat que no s\u00e0piga interpretar cap melodia, \u00e9s la irreprimible temptaci\u00f3 de passar la m\u00e0 per les tecles, com acaronant-les, ja que tots guardem al nostre imaginari una fotografia impossible en la qual toquem el piano una nit d&#8217;hivern&#8230; com si la m\u00fasica ens escalf\u00e9s l&#8217;\u00e0nima i ens reconfort\u00e9s de les nostres penes. Una cosa semblant al que deia el\u00a0<i>rolling<\/i>\u00a0<a href=\"https:\/\/es.wikipedia.org\/wiki\/Keith_Richards\">Keith Richards<\/a>: &#8220;John Lennon era un gran escriptor i un esperit important. De vegades m&#8217;assec al piano i em trobo tocant <em>Imagine<\/em>. I comen\u00e7o a recordar <a href=\"https:\/\/es.wikipedia.org\/wiki\/John_Lennon\">John [Lennon<\/a>], <a href=\"https:\/\/es.wikipedia.org\/wiki\/Jimi_Hendrix\">Jimi [Hendrix]<\/a>, <a href=\"https:\/\/es.wikipedia.org\/wiki\/Otis_Redding\">Otis [Redding]<\/a>&#8230;&#8221;. Ell pensava en uns m\u00fasics i nosaltres podem pensar en uns altres (potser <a href=\"https:\/\/es.wikipedia.org\/wiki\/Johannes_Brahms\">Brahms<\/a>, <a href=\"https:\/\/es.wikipedia.org\/wiki\/Fr%C3%A9d%C3%A9ric_Chopin\">Chopin<\/a>, <a href=\"https:\/\/es.wikipedia.org\/wiki\/Thelonious_Monk\">Thelonious Monk<\/a>&#8230;), aix\u00f2 sempre \u00e9s molt personal, \u00e9s clar. En tot cas, per les aules del nostre institut han passat molts alumnes que despr\u00e9s han trobat en la m\u00fasica no nom\u00e9s una professi\u00f3 sin\u00f3 tamb\u00e9 el sentit de la seva vida (per comprovar-ho no cal m\u00e9s que veure les <a href=\"https:\/\/elpuig.xeill.net\/Amics%20del%20Puig%20Castellar\/antics-alumnes\/noticies-dantics-alumnes\">not\u00edcies d&#8217;antics alumnes<\/a>, que \u00e9s un llistat molt incomplet per\u00f2 obert a rebre noves not\u00edcies, o sentir les peces de\u00a0<em><a href=\"https:\/\/elpuig.xeill.net\/el-centre\/media\/cd\/2011\">M\u00fasica i can\u00e7ons<\/a><\/em>, el disc gravat fa uns anys a l&#8217;institut).<\/p>\n<div id=\"attachment_2247\" style=\"width: 276px\" class=\"wp-caption aligncenter\"><a href=\"https:\/\/blog.elpuig.xeill.net\/wp-content\/uploads\/2018\/05\/John-Lennon.jpg\"><img aria-describedby=\"caption-attachment-2247\" loading=\"lazy\" class=\"wp-image-2247 size-full\" src=\"https:\/\/blog.elpuig.xeill.net\/wp-content\/uploads\/2018\/05\/John-Lennon.jpg\" alt=\"\" width=\"266\" height=\"190\" \/><\/a><p id=\"caption-attachment-2247\" class=\"wp-caption-text\">John Lennon<\/p><\/div>\n<p lang=\"ca-ES\" align=\"JUSTIFY\">El cert \u00e9s que ara que el nostre institut far\u00e0 cinquanta anys necessitem un piano nou. Fins ara al Puig hem tingut dos pianos: un primer que va tenir una vida m\u00e9s curta, des de 1968 a 1983, i el que tenim des d&#8217;aleshores, un <a href=\"https:\/\/es.wikipedia.org\/wiki\/Young_Chang\">Young Chang<\/a> que comen\u00e7a a fer-se gran i ja no fa el mateix servei.<\/p>\n<p lang=\"ca-ES\" align=\"JUSTIFY\">I per aix\u00f2, hem buscat i n&#8217;hem trobat un de la marca <a href=\"https:\/\/es.wikipedia.org\/wiki\/Kawai\">Kawai<\/a>\u00a0(model ND21) que podria anar-nos de meravella. Necessitem, aix\u00f2 s\u00ed, 3990 euros&#8230; i esperem tenir gent al nostre costat per aplegar aquests diners i comprar-lo abans del 27 d&#8217;octubre, dissabte, data de la inauguraci\u00f3 dels actes del <a href=\"https:\/\/elpuig.xeill.net\/el-centre\/50-anys\">50\u00e8 aniversari<\/a> (l\u00f2gicament, la campanya es tancaria quan s&#8217;arribi a l&#8217;import assenyalat).<\/p>\n<p lang=\"ca-ES\" align=\"JUSTIFY\">Per aconseguir-ho, una possibilitat seria que la gent del Puig \u2014alumnes i exalumnes, professors i exprofessors, AMPA, fam\u00edlies, col\u00b7laboradors i amics en\u00a0\u00a0general\u2014 aportessin una petita quantitat: un euro, dos, tres, cinc, deu&#8230; Cadasc\u00fa el que pugui. Els diners s&#8217;han de transferir (telem\u00e0ticament, des del m\u00f2bil o l&#8217;ordinador, o des de qualsevol oficina banc\u00e0ria), al compte corrent de l&#8217;AMPA de l&#8217;Institut Puig Castellar al BBVA:<\/p>\n<p lang=\"ca-ES\" style=\"text-align: center;\" align=\"JUSTIFY\"><strong>ES6401829324920200017138<\/strong><\/p>\n<p lang=\"ca-ES\" style=\"text-align: left;\" align=\"CENTER\"><span style=\"color: #222222;\"><span style=\"font-size: medium;\">Al full d&#8217;ingr\u00e9s o de transfer\u00e8ncia heu de fer constar com a conceptes la paraula Piano i el vostre nom i cognoms.<\/span>\u00a0<\/span>Els noms dels donants podran fer-se p\u00fablics\u00a0m\u00e9s endavant (no la quantitat donada) i, en agra\u00efment, tots els donants tindran dret a rebre entrades per als diferents concerts que s&#8217;organitzin al Puig Castellar al llarg del curs 2018-2019, a m\u00e9s d&#8217;un exemplar del llibre del Cinquantenari.<\/p>\n<p lang=\"ca-ES\" style=\"text-align: center;\" align=\"CENTER\"><a href=\"https:\/\/blog.elpuig.xeill.net\/wp-content\/uploads\/2018\/05\/Kawai.jpg\"><img loading=\"lazy\" class=\"aligncenter wp-image-2264\" src=\"https:\/\/blog.elpuig.xeill.net\/wp-content\/uploads\/2018\/05\/Kawai.jpg\" alt=\"\" width=\"177\" height=\"177\" \/><\/a><\/p>\n<p lang=\"ca-ES\" style=\"text-align: left;\" align=\"CENTER\">Gr\u00e0cies a totes les persones que ens puguin fer un cop de m\u00e0 i a totes les persones que no ho facin per les raons que siguin per\u00f2 que igualment simpatitzen amb el nostre projecte i el recolzen.<\/p>\n<p lang=\"ca-ES\" align=\"JUSTIFY\">Entre tots fem el Puig! Entre tots aconseguirem un piano nou per a l&#8217;institut!<\/p>\n<p lang=\"ca-ES\" style=\"text-align: right;\" align=\"JUSTIFY\">Comissi\u00f3 del Cinquantenari<\/p>\n<p lang=\"ca-ES\" style=\"text-align: center;\" align=\"JUSTIFY\"><a href=\"https:\/\/blog.elpuig.xeill.net\/wp-content\/uploads\/2018\/05\/50\u00e8-aniversari.jpg\"><img loading=\"lazy\" class=\"aligncenter wp-image-2270\" src=\"https:\/\/blog.elpuig.xeill.net\/wp-content\/uploads\/2018\/05\/50\u00e8-aniversari.jpg\" alt=\"\" width=\"292\" height=\"187\" \/><\/a><\/p>\n<p lang=\"ca-ES\" style=\"text-align: left;\" align=\"JUSTIFY\">M\u00e9s informaci\u00f3: <a href=\"https:\/\/elpuig.xeill.net\/el-centre\/50-anys\">50 anys<\/a><\/p>\n<p lang=\"ca-ES\" style=\"text-align: left;\" align=\"JUSTIFY\">Adre\u00e7a electr\u00f2nica:\u00a0<a href=\"mailto:50anys@elpuig.xeill.net\">50anys@elpuig.xeill.net<\/a><\/p>\n","protected":false},"excerpt":{"rendered":"<p>Un regal d&#8217;aniversari: un piano nou per al Puig. Campanya de micromecenatge La t\u00e8cnica del piano \u00e9s, en realitat, molt senzilla, per\u00f2 es necessiten anys per dominar-la. Glenn Gould La t\u00e8cnica neix de l&#8217;\u00e0nima. Franz Liszt Amb el piano, em &hellip; <a href=\"https:\/\/blog.elpuig.xeill.net\/?p=2246\">Continua llegint <span class=\"meta-nav\">&rarr;<\/span><\/a><\/p>\n","protected":false},"author":2,"featured_media":0,"comment_status":"open","ping_status":"open","sticky":false,"template":"","format":"standard","meta":[],"categories":[168],"tags":[276,277,278],"_links":{"self":[{"href":"https:\/\/blog.elpuig.xeill.net\/index.php?rest_route=\/wp\/v2\/posts\/2246"}],"collection":[{"href":"https:\/\/blog.elpuig.xeill.net\/index.php?rest_route=\/wp\/v2\/posts"}],"about":[{"href":"https:\/\/blog.elpuig.xeill.net\/index.php?rest_route=\/wp\/v2\/types\/post"}],"author":[{"embeddable":true,"href":"https:\/\/blog.elpuig.xeill.net\/index.php?rest_route=\/wp\/v2\/users\/2"}],"replies":[{"embeddable":true,"href":"https:\/\/blog.elpuig.xeill.net\/index.php?rest_route=%2Fwp%2Fv2%2Fcomments&post=2246"}],"version-history":[{"count":23,"href":"https:\/\/blog.elpuig.xeill.net\/index.php?rest_route=\/wp\/v2\/posts\/2246\/revisions"}],"predecessor-version":[{"id":2295,"href":"https:\/\/blog.elpuig.xeill.net\/index.php?rest_route=\/wp\/v2\/posts\/2246\/revisions\/2295"}],"wp:attachment":[{"href":"https:\/\/blog.elpuig.xeill.net\/index.php?rest_route=%2Fwp%2Fv2%2Fmedia&parent=2246"}],"wp:term":[{"taxonomy":"category","embeddable":true,"href":"https:\/\/blog.elpuig.xeill.net\/index.php?rest_route=%2Fwp%2Fv2%2Fcategories&post=2246"},{"taxonomy":"post_tag","embeddable":true,"href":"https:\/\/blog.elpuig.xeill.net\/index.php?rest_route=%2Fwp%2Fv2%2Ftags&post=2246"}],"curies":[{"name":"wp","href":"https:\/\/api.w.org\/{rel}","templated":true}]}}