{"id":2236,"date":"2018-03-19T23:35:24","date_gmt":"2018-03-19T21:35:24","guid":{"rendered":"https:\/\/blog.elpuig.xeill.net\/?p=2236"},"modified":"2018-03-20T00:59:26","modified_gmt":"2018-03-19T22:59:26","slug":"cap-al-50e-aniversari-del-puig-castellar","status":"publish","type":"post","link":"https:\/\/blog.elpuig.xeill.net\/?p=2236","title":{"rendered":"Cap al 50\u00e8 aniversari del Puig Castellar"},"content":{"rendered":"<p><em>El 28 de mar\u00e7 de 2014, en aquest mateix blog, public\u00e0vem la convocat\u00f2ria de celebraci\u00f3 del 45\u00e8 aniversari i recoll\u00edem diverses targetes d&#8217;aniversaris del Puig Castellar que mostraven una l\u00ednia de continu\u00eftat al llarg dels anys: la voluntat de crear vincles d&#8217;afecte entre les persones que han passat pel nostre institut (professors, alumnes, personal no docent, fam\u00edlies, col\u00b7laboradors, etc.). Aquesta voluntat ens porta ara a comen\u00e7ar a preparar amb tot el nostre entusiasme els actes de commemoraci\u00f3 dels 50 anys del Puig Castellar previstos per al curs vinent i a col\u00b7laborar\u00a0en reunions preparat\u00f2ries com aquesta a la qual ens invita a assistir i a participar-hi Carles Gil, el director.<\/em><\/p>\n<p style=\"text-align: center;\"><a href=\"https:\/\/blog.elpuig.xeill.net\/wp-content\/uploads\/2018\/03\/Institut-Puig-Castellar.jpg\"><img loading=\"lazy\" class=\"aligncenter size-full wp-image-2237\" src=\"https:\/\/blog.elpuig.xeill.net\/wp-content\/uploads\/2018\/03\/Institut-Puig-Castellar.jpg\" alt=\"\" width=\"259\" height=\"194\" \/><\/a><\/p>\n<p><strong>Cap al 50\u00e8 aniversari del Puig Castellar<\/strong><\/p>\n<p><u><\/u>Amigues i amics de l\u2019Institut Puig Castellar, el curs que ve, 2018-2019, l\u2019institut far\u00e0 els 50 anys. Inaugurat l&#8217;octubre del curs 1968-1969, va ser el primer institut de Santa Coloma, i durant uns quants anys, l\u2019\u00fanic. Si la construcci\u00f3 d\u2019una escola o d\u2019un institut \u00e9s sempre una molt bona not\u00edcia en tot moment i arreu del m\u00f3n, imagineu l\u2019any 68 l\u2019edificacio del primer institut de la ciutat! Des de llavors Santa Coloma va ser m\u00e9s ciutat: m\u00e9s completa, m\u00e9s lliure.<\/p>\n<p>I que el Puig, que llavors era nou de trinca, tot solitari enmig dels terrenys polsegosos i inh\u00f2spits de can Zam, en faci 50, i hagi viscut amb tota la intensitat tant per dins, a les aules, com per fora, al seu voltant, l&#8217;adveniment de la democr\u00e0cia, la transformaci\u00f3 urban\u00edstica de la ciutat, l&#8217;obertura d&#8217;altres instituts i la creaci\u00f3 d\u2019una espessa i din\u00e0mica xarxa escolar; tot aix\u00f2 fa que aquests 50 anys del Puig no siguin uns 50 anys ordinaris, sin\u00f3 una veritable efem\u00e8ride educativa, cultural i ciutadana.<\/p>\n<p>Per aix\u00f2 estem preparant un seguit d\u2019actes i activitats commemoratives que donin el ress\u00f2 degut a l\u2019aniversari i se celebri amb l\u2019alegria, l\u2019emoci\u00f3 i el just orgull que mereix, i ens adrecem a la ciutat, a la comunitat educativa i, especialment, a tots aquells ciutadans que n&#8217;han estat alumnes, pares d\u2019alumnes, professors o treballadors, perqu\u00e8 col\u00b7laborin en aquesta preparaci\u00f3. Aix\u00ed, us convidem a participar el proper 18 d\u2019abril a les 18:00 a l\u2019institut, a una reuni\u00f3 per comen\u00e7ar a preparar l\u2019esdeveniment.<\/p>\n<p>Igualment, podeu deixar la vostra sugger\u00e8ncia o el vostre comentari a l\u2019esdeveniment en aquest blog mateix.<\/p>\n<p>Moltes gr\u00e0cies.<\/p>\n<p style=\"text-align: right;\">Carles Gil<\/p>\n<p style=\"text-align: right;\">Director de l&#8217;Institut Puig Castellar<\/p>\n<p style=\"text-align: center;\"><a href=\"https:\/\/blog.elpuig.xeill.net\/wp-content\/uploads\/2018\/03\/Trobada-al-Puig-Castellar.jpg\"><img loading=\"lazy\" class=\"aligncenter size-full wp-image-2238\" src=\"https:\/\/blog.elpuig.xeill.net\/wp-content\/uploads\/2018\/03\/Trobada-al-Puig-Castellar.jpg\" alt=\"\" width=\"300\" height=\"168\" \/><\/a><\/p>\n<p style=\"text-align: left;\">\u00a0<em>A m\u00e9s dels comentaris i suggeriments que podeu deixar a continuaci\u00f3 d&#8217;aquestes ratlles, us animem a con\u00e8ixer les <a href=\"https:\/\/elpuig.xeill.net\/el-centre\/50-anys\">primeres propostes de preparaci\u00f3 de l&#8217;esdeveniment<\/a>, a difondre aquesta convocat\u00f2ria entre les vostres amistats i a enviar fotografies, dibuixos, records, documents i testimonis dels anys viscuts al Puig a la seg\u00fcent adre\u00e7a:<\/em><\/p>\n<p style=\"text-align: center;\"><a href=\"mailto:50anys@elpuig.xeill.net\">50anys@elpuig.xeill.net<\/a><\/p>\n<p style=\"text-align: left;\"><em>Us hi esperem el proper18 d&#8217;abril!<\/em><\/p>\n<p style=\"text-align: left;\"><em>Gr\u00e0cies per la vostra col\u00b7laboraci\u00f3.<\/em><\/p>\n<p style=\"text-align: center;\"><a href=\"https:\/\/blog.elpuig.xeill.net\/wp-content\/uploads\/2018\/03\/El-Puig.jpg\"><img loading=\"lazy\" class=\"aligncenter size-full wp-image-2240\" src=\"https:\/\/blog.elpuig.xeill.net\/wp-content\/uploads\/2018\/03\/El-Puig.jpg\" alt=\"\" width=\"180\" height=\"122\" \/><\/a><\/p>\n","protected":false},"excerpt":{"rendered":"<p>El 28 de mar\u00e7 de 2014, en aquest mateix blog, public\u00e0vem la convocat\u00f2ria de celebraci\u00f3 del 45\u00e8 aniversari i recoll\u00edem diverses targetes d&#8217;aniversaris del Puig Castellar que mostraven una l\u00ednia de continu\u00eftat al llarg dels anys: la voluntat de crear &hellip; <a href=\"https:\/\/blog.elpuig.xeill.net\/?p=2236\">Continua llegint <span class=\"meta-nav\">&rarr;<\/span><\/a><\/p>\n","protected":false},"author":2,"featured_media":0,"comment_status":"open","ping_status":"open","sticky":false,"template":"","format":"standard","meta":[],"categories":[125,88],"tags":[274,275],"_links":{"self":[{"href":"https:\/\/blog.elpuig.xeill.net\/index.php?rest_route=\/wp\/v2\/posts\/2236"}],"collection":[{"href":"https:\/\/blog.elpuig.xeill.net\/index.php?rest_route=\/wp\/v2\/posts"}],"about":[{"href":"https:\/\/blog.elpuig.xeill.net\/index.php?rest_route=\/wp\/v2\/types\/post"}],"author":[{"embeddable":true,"href":"https:\/\/blog.elpuig.xeill.net\/index.php?rest_route=\/wp\/v2\/users\/2"}],"replies":[{"embeddable":true,"href":"https:\/\/blog.elpuig.xeill.net\/index.php?rest_route=%2Fwp%2Fv2%2Fcomments&post=2236"}],"version-history":[{"count":4,"href":"https:\/\/blog.elpuig.xeill.net\/index.php?rest_route=\/wp\/v2\/posts\/2236\/revisions"}],"predecessor-version":[{"id":2244,"href":"https:\/\/blog.elpuig.xeill.net\/index.php?rest_route=\/wp\/v2\/posts\/2236\/revisions\/2244"}],"wp:attachment":[{"href":"https:\/\/blog.elpuig.xeill.net\/index.php?rest_route=%2Fwp%2Fv2%2Fmedia&parent=2236"}],"wp:term":[{"taxonomy":"category","embeddable":true,"href":"https:\/\/blog.elpuig.xeill.net\/index.php?rest_route=%2Fwp%2Fv2%2Fcategories&post=2236"},{"taxonomy":"post_tag","embeddable":true,"href":"https:\/\/blog.elpuig.xeill.net\/index.php?rest_route=%2Fwp%2Fv2%2Ftags&post=2236"}],"curies":[{"name":"wp","href":"https:\/\/api.w.org\/{rel}","templated":true}]}}