{"id":218,"date":"2011-11-26T13:05:19","date_gmt":"2011-11-26T11:05:19","guid":{"rendered":"http:\/\/blog.elpuig.xeill.net\/?p=218"},"modified":"2020-05-06T22:16:25","modified_gmt":"2020-05-06T20:16:25","slug":"personatges","status":"publish","type":"post","link":"https:\/\/blog.elpuig.xeill.net\/?p=218","title":{"rendered":"Personatges"},"content":{"rendered":"<p>Alguns alumnes ens han demanat obrir una entrada al blog per poder dir quin personatge admiren. Es referien segurament a personatges famosos, a personatges actuals, del m\u00f3n de l&#8217;espectacle (m\u00fasics, actors de cinema&#8230;) i de l&#8217;esport (futbolistes, tennistes&#8230;). Potser, per\u00f2, no tothom tingui algun personatge d&#8217;actualitat\u00a0 com a\u00a0 objecte de la seva admiraci\u00f3n; potser alguns, si parlessin de personatges dignes d&#8217;admiraci\u00f3, parlarien de personatges hist\u00f2rics o, en tot cas, no vinculats al m\u00f3n de l&#8217;espectacle (hi ha molts joves que admiren, per exemple, el treball o les idees dels activistes de Greenpace, del Che Guevara, de la Mare Teresa de Calcuta, de Richard Stallman, de Steve Jobs, de Jane Goodall, etc.). En qualsevol cas, \u00e9s estrany no sentir admiraci\u00f3 per altres persones: b\u00e9 pels qui han fet una obra excepcional, singular, transcendent, sigui en el camp que sigui (ci\u00e8ncia, societat, hist\u00f2ria, esport, art, etc.), b\u00e9 pels qui tenen una personalitat molt destacada o capacitats o habilitats especials, etc.<\/p>\n<p><a href=\"http:\/\/blog.elpuig.xeill.net\/wp-content\/uploads\/2011\/11\/Personatges.jpg\"><img loading=\"lazy\" class=\"size-medium wp-image-230 aligncenter\" title=\"Personatges\" src=\"http:\/\/blog.elpuig.xeill.net\/wp-content\/uploads\/2011\/11\/Personatges-300x216.jpg\" alt=\"\" width=\"300\" height=\"216\" srcset=\"https:\/\/blog.elpuig.xeill.net\/wp-content\/uploads\/2011\/11\/Personatges-300x216.jpg 300w, https:\/\/blog.elpuig.xeill.net\/wp-content\/uploads\/2011\/11\/Personatges-415x300.jpg 415w, https:\/\/blog.elpuig.xeill.net\/wp-content\/uploads\/2011\/11\/Personatges.jpg 800w\" sizes=\"(max-width: 300px) 100vw, 300px\" \/><\/a>En tot cas, deixem que siguin ells, els joves, quins ens expliquin quins personatges admiren i, sobretot, per qu\u00e8. Despr\u00e9s, ja en parlarem.<\/p>\n","protected":false},"excerpt":{"rendered":"<p>Alguns alumnes ens han demanat obrir una entrada al blog per poder dir quin personatge admiren. Es referien segurament a personatges famosos, a personatges actuals, del m\u00f3n de l&#8217;espectacle (m\u00fasics, actors de cinema&#8230;) i de l&#8217;esport (futbolistes, tennistes&#8230;). Potser, per\u00f2, &hellip; <a href=\"https:\/\/blog.elpuig.xeill.net\/?p=218\">Continua llegint <span class=\"meta-nav\">&rarr;<\/span><\/a><\/p>\n","protected":false},"author":2,"featured_media":0,"comment_status":"open","ping_status":"open","sticky":false,"template":"","format":"standard","meta":[],"categories":[67,33],"tags":[113,31],"_links":{"self":[{"href":"https:\/\/blog.elpuig.xeill.net\/index.php?rest_route=\/wp\/v2\/posts\/218"}],"collection":[{"href":"https:\/\/blog.elpuig.xeill.net\/index.php?rest_route=\/wp\/v2\/posts"}],"about":[{"href":"https:\/\/blog.elpuig.xeill.net\/index.php?rest_route=\/wp\/v2\/types\/post"}],"author":[{"embeddable":true,"href":"https:\/\/blog.elpuig.xeill.net\/index.php?rest_route=\/wp\/v2\/users\/2"}],"replies":[{"embeddable":true,"href":"https:\/\/blog.elpuig.xeill.net\/index.php?rest_route=%2Fwp%2Fv2%2Fcomments&post=218"}],"version-history":[{"count":5,"href":"https:\/\/blog.elpuig.xeill.net\/index.php?rest_route=\/wp\/v2\/posts\/218\/revisions"}],"predecessor-version":[{"id":2870,"href":"https:\/\/blog.elpuig.xeill.net\/index.php?rest_route=\/wp\/v2\/posts\/218\/revisions\/2870"}],"wp:attachment":[{"href":"https:\/\/blog.elpuig.xeill.net\/index.php?rest_route=%2Fwp%2Fv2%2Fmedia&parent=218"}],"wp:term":[{"taxonomy":"category","embeddable":true,"href":"https:\/\/blog.elpuig.xeill.net\/index.php?rest_route=%2Fwp%2Fv2%2Fcategories&post=218"},{"taxonomy":"post_tag","embeddable":true,"href":"https:\/\/blog.elpuig.xeill.net\/index.php?rest_route=%2Fwp%2Fv2%2Ftags&post=218"}],"curies":[{"name":"wp","href":"https:\/\/api.w.org\/{rel}","templated":true}]}}