{"id":195,"date":"2011-11-25T18:34:55","date_gmt":"2011-11-25T16:34:55","guid":{"rendered":"http:\/\/blog.elpuig.xeill.net\/?p=195"},"modified":"2011-12-17T21:44:09","modified_gmt":"2011-12-17T19:44:09","slug":"drets-humans","status":"publish","type":"post","link":"https:\/\/blog.elpuig.xeill.net\/?p=195","title":{"rendered":"Drets humans"},"content":{"rendered":"<p align=\"JUSTIFY\"><span style=\"font-family: Arial,sans-serif;\"><span style=\"font-size: small;\">El 10 de desembre es commemora l&#8217;aniversari de l&#8217;aprovaci\u00f3 de la Declaraci\u00f3 dels Drets Humans per les Nacions Unides. Aquesta data ha de ser cada any un motiu de commemoraci\u00f3, de reflexi\u00f3 i de balan\u00e7. \u00c9s cert que s&#8217;ha avan\u00e7at molt (malgrat que desigualment) en el coneixement, l&#8217;aplicaci\u00f3 i el respecte dels Drets Humans; el cam\u00ed, per\u00f2, \u00e9s molt llarg i encara queda molt perqu\u00e8 aquest coneixement arribi, en la pr\u00e0ctica, a tot arreu i perqu\u00e8 deixin de conculcar-se, totalment o parcialment, aquests drets i perqu\u00e8 s&#8217;apliquin plenament a totes les persones, independentment del seu origen, del seu sexe i de la seva edat. Per aquest motiu, perqu\u00e8 s\u00f3n prou conscients de la feina pendent, les professores d&#8217;Educaci\u00f3 per a la Ciutadania del nostre institut treballen de valent perqu\u00e8 els alumnes, des dels m\u00e9s petits al m\u00e9s grans, coneguin, difonguin i lluitin per la defensa i l&#8217;aplicaci\u00f3 d&#8217;aquests drets all\u00e0 on es trobin. De moment, alguns alumnes han comen\u00e7at a exposar els seus treballs als taulons de les escales de l&#8217;institut, i la seva professora, Yolanda Moneo, ens ha fet arribar la seg\u00fcent presentaci\u00f3.<\/span><\/span><\/p>\n<p style=\"text-align: center;\" align=\"JUSTIFY\"><a href=\"http:\/\/blog.elpuig.xeill.net\/wp-content\/uploads\/2011\/11\/Tota-persona....jpg\"><img loading=\"lazy\" class=\"alignnone size-full wp-image-237\" title=\"Tota persona...\" src=\"http:\/\/blog.elpuig.xeill.net\/wp-content\/uploads\/2011\/11\/Tota-persona....jpg\" alt=\"\" width=\"300\" height=\"168\" \/><\/a><\/p>\n<p align=\"JUSTIFY\"><em><span style=\"font-family: Arial,sans-serif;\"><span style=\"font-size: small;\">Considerant que el respecte a la dignitat inherent a tots els membres de la fam\u00edlia humana i als drets iguals i inalienables de cadascun constitueix el fonament de la llibertat, de la just\u00edcia i de la pau del m\u00f3n.<\/span><\/span><\/em><span style=\"font-family: Arial,sans-serif;\"><span style=\"font-size: small;\">.. Aix\u00ed comen\u00e7a el pre\u00e0mbul a la Declaraci\u00f3 de Drets Universals de l&#8217;\u00e9sser hum\u00e0. Va ser aprovada per la Assemblea General de las Nacions Unides el 10 de desembre de 1948. I en poques paraules es diuen moltes coses.<\/span><\/span><\/p>\n<p align=\"JUSTIFY\"><span style=\"font-family: Arial,sans-serif;\"><span style=\"font-size: small;\">Els Drets Humans, tal com els coneixem avui, neixen com a reacci\u00f3 davant la barb\u00e0rie de comen\u00e7aments del segle XX, sobretot en relaci\u00f3 a l&#8217;horror de l&#8217;holocaust nazi i les comunitats que s&#8217;hi van veure afectades; se&#8217;ls va prendre la dignitat, se&#8217;ls va maltractar i incl\u00fas se&#8217;ls hi va negar un dret fonamental que \u00e9s el Dret a la vida. I no perqu\u00e8 sigui el primer que figura a la Declaraci\u00f3 Universal dels Drets Humans, sin\u00f3 perqu\u00e8 \u00e9s el que condiciona els altres 29:\u00a0<\/span><\/span><strong><span style=\"font-family: Arial,sans-serif;\"><span style=\"font-size: small;\">Dret 3<\/span><\/span><\/strong><span style=\"font-family: Arial,sans-serif;\"><span style=\"font-size: small;\">,- <\/span><\/span><strong><span style=\"font-family: Arial,sans-serif;\"><span style=\"font-size: small;\">Tota persona t\u00e9 dret a la vida, a la llibertat i a la seva seguretat. <\/span><\/span><\/strong><\/p>\n<p align=\"JUSTIFY\"><span style=\"font-family: Arial,sans-serif;\"><span style=\"font-size: small;\">Des de la mat\u00e8ria d&#8217;Educaci\u00f3 per la ciutadania ens vam proposar desglossar el sentit impl\u00edcit en els 30 articles que conformen la Declaraci\u00f3 i aprofundir en ells observant el seu compliment, si les lleis els avalen i valorant la necessitat que existeixi un document que ens recorda el valor de les persones.<\/span><\/span><\/p>\n<p align=\"JUSTIFY\"><span style=\"font-family: Arial,sans-serif;\"><span style=\"font-size: small;\">Molt sovint ens oblidem que all\u00f2 que reclamem per a nosaltres tamb\u00e9 tenen dret a reclamar-lo els altres. La sensibilitzaci\u00f3 vers les problem\u00e0tiques alienes ha de formar part de l&#8217;educaci\u00f3 de l&#8217;individu i volem col\u00b7laborar-hi en la mesura del possible. Con\u00e8ixer i difondre els Drets que tenim forma part d&#8217;aquesta tasca. Val a dir que no \u00e9s suficient amb saber que existeixen, tamb\u00e9 haur\u00edem de fer el que calgui per fer que s&#8217;acompleixin. \u00c9s una feina de grup denunciar els atemptats comesos contra all\u00f2 que ens toca pel simple fet de ser \u00e9ssers humans.<\/span><\/span><\/p>\n<p align=\"JUSTIFY\"><span style=\"font-family: Arial,sans-serif;\"><span style=\"font-size: small;\">A l&#8217;institut hem confeccionat uns murals fent referencia als objectius inicials: donar a con\u00e8ixer els drets m\u00e9s representatius de la Declaraci\u00f3 de drets de l&#8217;\u00c9sser hum\u00e0 i el ciutad\u00e0 i denunciar amb ironia l&#8217;incompliment o negaci\u00f3 dels mateixos. Trobareu als laterals de les escales uns cartells explicatius amb fotos i uns ninots que representen a les v\u00edctimes de la violaci\u00f3 dels seus drets.<\/span><\/span><\/p>\n<p align=\"JUSTIFY\"><span style=\"font-family: Arial,sans-serif;\"><span style=\"font-size: small;\">Per m\u00e9s informaci\u00f3 podeu adre\u00e7ar-vos a l&#8217;enlla\u00e7 <a href=\"http:\/\/www.dretshumans.cat\/\">http:\/\/www.dretshumans.cat\/<\/a> (Federaci\u00f3 Catalana d&#8217;organitzacions No governamentals pels Drets Humans).<\/span><\/span><\/p>\n<p align=\"JUSTIFY\">&#8230;<span style=\"font-family: Arial,sans-serif;\"><span style=\"font-size: small;\">A partir d&#8217;aqu\u00ed, tothom t\u00e9 la seva paraula a aquest blog per explicar els seus punts de vista sobre els Drets Humans i per denunciar les injusticies i els casos que aquests drets no siguin respectats. Esperem els vostres missatges.<\/span><\/span><\/p>\n<p>&nbsp;<\/p>\n","protected":false},"excerpt":{"rendered":"<p>El 10 de desembre es commemora l&#8217;aniversari de l&#8217;aprovaci\u00f3 de la Declaraci\u00f3 dels Drets Humans per les Nacions Unides. Aquesta data ha de ser cada any un motiu de commemoraci\u00f3, de reflexi\u00f3 i de balan\u00e7. \u00c9s cert que s&#8217;ha avan\u00e7at &hellip; <a href=\"https:\/\/blog.elpuig.xeill.net\/?p=195\">Continua llegint <span class=\"meta-nav\">&rarr;<\/span><\/a><\/p>\n","protected":false},"author":2,"featured_media":0,"comment_status":"open","ping_status":"open","sticky":false,"template":"","format":"standard","meta":[],"categories":[25],"tags":[29],"_links":{"self":[{"href":"https:\/\/blog.elpuig.xeill.net\/index.php?rest_route=\/wp\/v2\/posts\/195"}],"collection":[{"href":"https:\/\/blog.elpuig.xeill.net\/index.php?rest_route=\/wp\/v2\/posts"}],"about":[{"href":"https:\/\/blog.elpuig.xeill.net\/index.php?rest_route=\/wp\/v2\/types\/post"}],"author":[{"embeddable":true,"href":"https:\/\/blog.elpuig.xeill.net\/index.php?rest_route=\/wp\/v2\/users\/2"}],"replies":[{"embeddable":true,"href":"https:\/\/blog.elpuig.xeill.net\/index.php?rest_route=%2Fwp%2Fv2%2Fcomments&post=195"}],"version-history":[{"count":8,"href":"https:\/\/blog.elpuig.xeill.net\/index.php?rest_route=\/wp\/v2\/posts\/195\/revisions"}],"predecessor-version":[{"id":199,"href":"https:\/\/blog.elpuig.xeill.net\/index.php?rest_route=\/wp\/v2\/posts\/195\/revisions\/199"}],"wp:attachment":[{"href":"https:\/\/blog.elpuig.xeill.net\/index.php?rest_route=%2Fwp%2Fv2%2Fmedia&parent=195"}],"wp:term":[{"taxonomy":"category","embeddable":true,"href":"https:\/\/blog.elpuig.xeill.net\/index.php?rest_route=%2Fwp%2Fv2%2Fcategories&post=195"},{"taxonomy":"post_tag","embeddable":true,"href":"https:\/\/blog.elpuig.xeill.net\/index.php?rest_route=%2Fwp%2Fv2%2Ftags&post=195"}],"curies":[{"name":"wp","href":"https:\/\/api.w.org\/{rel}","templated":true}]}}