{"id":171,"date":"2011-11-11T18:06:31","date_gmt":"2011-11-11T16:06:31","guid":{"rendered":"http:\/\/blog.elpuig.xeill.net\/?p=171"},"modified":"2020-05-06T22:19:41","modified_gmt":"2020-05-06T20:19:41","slug":"instruments-ancestrals","status":"publish","type":"post","link":"https:\/\/blog.elpuig.xeill.net\/?p=171","title":{"rendered":"Instruments ancestrals"},"content":{"rendered":"<p>El passat 10 de novembre de 2011, el m\u00fasic argent\u00ed Pablo Nahual va protagonitzar a la sala d&#8217;actes del nostre institut, l&#8217;Institut Puig Castellar, una sessi\u00f3 de m\u00fasica \u00e8tnica llatinoamericana davant de l&#8217;alumnat d&#8217;ESO. A m\u00e9s d&#8217;interpretar diverses peces, ens va parlar de l&#8217;origen de la m\u00fasica i ens va mostrar diferents instruments musicals de sorprenent qualitat artesana i d&#8217;una potent i variada sonoritat. Respecte a l&#8217;origen de la m\u00fasica, va explicar que els homes primitius, en sentir el cant dels ocells, van voler representar les seves melodies amb la pr\u00f2pia veu i van originar el m\u00e9s antic dels instruments musicals, la veu humana. I en veure que aquest so natural era r\u00edtmic com l&#8217;aigua del riu que baixa de les muntanyes saltant per les pedres i com el vent que bufa i mou les fulles dels arbres, el van acompanyar de cops de diferents materials (branques, pedres, mandibules de cavalls, carbasses, beines&#8230;) i van descobrir aix\u00ed la m\u00fasica r\u00edtmica i la dansa. En un primer moment, aquesta m\u00fasica es feia servir als rituals m\u00e0gics, segons va dir; despr\u00e9s, per\u00f2, el seu \u00fas es va estendre a altres moments i pr\u00e0ctiques festives. Ens va mostrar com exemple dels instruments ancestrals llatinoamericans m\u00e9s primitius una pifilca, flauta t\u00edpica del sud d&#8217;Argentina que fa una sola nota amb una al\u00e7ada definida i que es continua utilitzant en algunes festes populars dels pa\u00efsos andins.<\/p>\n<p style=\"text-align: center;\"><a href=\"http:\/\/blog.elpuig.xeill.net\/wp-content\/uploads\/2011\/11\/Instrumentos-ancestrales.jpg\"><img loading=\"lazy\" class=\"alignnone size-full wp-image-239\" title=\"Instrumentos ancestrales\" src=\"http:\/\/blog.elpuig.xeill.net\/wp-content\/uploads\/2011\/11\/Instrumentos-ancestrales.jpg\" alt=\"\" width=\"259\" height=\"194\" \/><\/a><\/p>\n<p>Aquests instruments i altres semblants de canya van evolucionar quan els ind\u00edgenes van comprovar que les canyes feien sons diferents segons la seva llarg\u00e0ria (aquest seria l&#8217;origen de les escales musicals).<\/p>\n<p>Al llarg de tota la sessi\u00f3, que va resultar molt did\u00e0ctica i animada, Pablo Nahual va continuar il\u00b7lustrant les seves explicacions amb hist\u00f2ries m\u00edtiques i demostracions pr\u00e0ctiques de com sonaven els diferents instruments tradicionals que ens mostrava: <em>sicus, quenas, tarcas, pincuyos, erquenchos, trompas, charangos<\/em>, etc.<\/p>\n<p>Com que hi vam veure que els assistents a l&#8217;audici\u00f3 s&#8217;ho passaven d&#8217;all\u00f2 del m\u00e9s b\u00e9 al mateix temps que aprenien i coneixien una part de la gran riquessa musical dels pobles llatinoamericans, els convidem ara que ens envi\u00efn al blog les seves impressions i els seus comentaris. A veure qui s&#8217;anima primer.<\/p>\n","protected":false},"excerpt":{"rendered":"<p>El passat 10 de novembre de 2011, el m\u00fasic argent\u00ed Pablo Nahual va protagonitzar a la sala d&#8217;actes del nostre institut, l&#8217;Institut Puig Castellar, una sessi\u00f3 de m\u00fasica \u00e8tnica llatinoamericana davant de l&#8217;alumnat d&#8217;ESO. A m\u00e9s d&#8217;interpretar diverses peces, ens &hellip; <a href=\"https:\/\/blog.elpuig.xeill.net\/?p=171\">Continua llegint <span class=\"meta-nav\">&rarr;<\/span><\/a><\/p>\n","protected":false},"author":2,"featured_media":0,"comment_status":"open","ping_status":"open","sticky":false,"template":"","format":"standard","meta":[],"categories":[10],"tags":[374],"_links":{"self":[{"href":"https:\/\/blog.elpuig.xeill.net\/index.php?rest_route=\/wp\/v2\/posts\/171"}],"collection":[{"href":"https:\/\/blog.elpuig.xeill.net\/index.php?rest_route=\/wp\/v2\/posts"}],"about":[{"href":"https:\/\/blog.elpuig.xeill.net\/index.php?rest_route=\/wp\/v2\/types\/post"}],"author":[{"embeddable":true,"href":"https:\/\/blog.elpuig.xeill.net\/index.php?rest_route=\/wp\/v2\/users\/2"}],"replies":[{"embeddable":true,"href":"https:\/\/blog.elpuig.xeill.net\/index.php?rest_route=%2Fwp%2Fv2%2Fcomments&post=171"}],"version-history":[{"count":10,"href":"https:\/\/blog.elpuig.xeill.net\/index.php?rest_route=\/wp\/v2\/posts\/171\/revisions"}],"predecessor-version":[{"id":241,"href":"https:\/\/blog.elpuig.xeill.net\/index.php?rest_route=\/wp\/v2\/posts\/171\/revisions\/241"}],"wp:attachment":[{"href":"https:\/\/blog.elpuig.xeill.net\/index.php?rest_route=%2Fwp%2Fv2%2Fmedia&parent=171"}],"wp:term":[{"taxonomy":"category","embeddable":true,"href":"https:\/\/blog.elpuig.xeill.net\/index.php?rest_route=%2Fwp%2Fv2%2Fcategories&post=171"},{"taxonomy":"post_tag","embeddable":true,"href":"https:\/\/blog.elpuig.xeill.net\/index.php?rest_route=%2Fwp%2Fv2%2Ftags&post=171"}],"curies":[{"name":"wp","href":"https:\/\/api.w.org\/{rel}","templated":true}]}}