{"id":1599,"date":"2015-05-31T12:19:14","date_gmt":"2015-05-31T10:19:14","guid":{"rendered":"http:\/\/blog.elpuig.xeill.net\/?p=1599"},"modified":"2015-06-01T19:10:29","modified_gmt":"2015-06-01T17:10:29","slug":"creant-vincles-construint-ponts","status":"publish","type":"post","link":"https:\/\/blog.elpuig.xeill.net\/?p=1599","title":{"rendered":"Creant vincles, construint ponts"},"content":{"rendered":"<p>Un cop m\u00e9s el nostre institut ha participat durant aquest any al concurs <a title=\"Joves en Xarxa\" href=\"http:\/\/jovesenxarxa.com\/\">del projecte Joves en Xarxa<\/a>\u00a0\u2014els premis de Conviv\u00e8ncia i Drets civils\u2014, convocat per tractar de prevenir conductes contr\u00e0ries a la conviv\u00e8ncia, enfortir la cohesi\u00f3 social \u00a0i educar els joves colomencs en l&#8217;\u00fas dels drets civils i la cultura del di\u00e0leg.\u00a0A aquesta quarta convocat\u00f2ria del concurs, els premis han estat els seg\u00fcents:\u00a01r premi, per al grup 3r B, del Sagrat Cor, pel projecte <strong>Rumors a les xarxes socials<\/strong>;\u00a02n premi, per a l&#8217;alumnat de l&#8217;aula d&#8217;acollida de l\u2019IES La Bastida, pel seu treball <strong>Amor a Fondo<\/strong>, i\u00a03r premi, per al grup Horitz\u00f3 de l\u2019IES Num\u00e0ncia, pel treball <strong>No somos perfectos<\/strong>. Des d&#8217;aqu\u00ed enviem la nostra enhorabona als guanyadors. Quant a la nostra participaci\u00f3, recordem ara els precedents.<\/p>\n<p>Si al curs 2011-2012, a la primera convocat\u00f2ria del premi, el nostre institut va participar-hi amb el treball \u00a0<strong>Calen les normes?\u00a0<\/strong>(veure entrada\u00a0de 3 de juny de 2012 a aquest mateix blog), al curs 2012-2013, amb\u00a0<strong>Tothom en contra meva<\/strong> (veure entrada de 2 de juny de 2013) i al curs 2013-2014 amb dos treballs, <strong>The Mirror: Una mirada als adolescents de Santa Coloma de Gramenet<\/strong> i <strong>M\u2019estimes?: Prevenci\u00f3 de la viol\u00e8ncia de g\u00e8nere en adolescents<\/strong>, que va resultar guanyador\u00a0(veure entrada de l&#8217;1 de juliol de 2014), aquest any, els projectes presentats pel nostre centre eren <strong>El Puig estiu<\/strong>, del grup 1r C, dirigit per la professora Belinda Le\u00f3n, i <strong>Creant vincles, construint ponts<\/strong>, del grup 4t D, dirigit per la professora Yolanda Moneo, \u00a0veterana en aquest concurs.<\/p>\n<p><a href=\"http:\/\/blog.elpuig.xeill.net\/wp-content\/uploads\/2015\/05\/Grup-1r-C.jpg\"><img loading=\"lazy\" class=\"aligncenter size-full wp-image-1603\" src=\"http:\/\/blog.elpuig.xeill.net\/wp-content\/uploads\/2015\/05\/Grup-1r-C.jpg\" alt=\"Grup 1r C\" width=\"220\" height=\"126\" \/><\/a><\/p>\n<p>El treball del grup 1r C, centrat en els estereotips i rumors, consisteix en la publicaci\u00f3 d&#8217;una revista, <em>El Puig estiu<\/em>, a l&#8217;editorial de la qual els seus autors expliquen com han aprofitat els diferents tallers de sensibilitzaci\u00f3 que han fet al llarg del curs sobre la toler\u00e0ncia, els rumors, els prejudicis, el treball en grup, etc., i com han treballat aquests temes a diferents assignatures (catal\u00e0, ci\u00e8ncies de la natura, m\u00fasica, angl\u00e8s, matem\u00e0tiques i ci\u00e8ncies socials). Quant al seu contigut, hi trobem articles (per exemple, &#8220;Cremades digitals&#8221;, on es fa un paral\u00b7lelisme entre les cremades del sol a l&#8217;estiu i les <em>cremades<\/em> per la tecnologia a la nostra societat), entrevistes, jocs en angl\u00e8s, passatemps, recomanacions (de pel\u00b7l\u00edcules, s\u00e8ries de TV, can\u00e7ons&#8230;), un llistat cr\u00edtic d&#8217;estereotips (&#8220;Estem tips d&#8217;estereotips&#8221;), reflexions sobre interculturalitat, els rumors i les meduses (&#8220;Arriba l\u2019estiu i les meduses ocupen les nostre platges de la mateixa manera que els \u00a0rumors tamb\u00e9 podem ocupar les nostre vides. Hem fet un paral\u00b7lelisme entre com viuen, ataquen i ens podem guarir de les picadures de meduses i dels rumors&#8221;) i un estudi sobre els canvis que troben els alumnes en passar de prim\u00e0ria a secund\u00e0ria.<\/p>\n<p><iframe width=\"584\" height=\"329\" src=\"https:\/\/www.youtube.com\/embed\/DDtWUNgJ0bU?feature=oembed\" frameborder=\"0\" allowfullscreen><\/iframe><\/p>\n<p>A la mem\u00f2ria escrita, la tutora del projecte, Belinda Le\u00f3n, contextualitza el treball, explica que &#8220;El Puig Estiu va ser el nom que li vam donar a la revista, ja que \u00e9s un treball fet per alumnes del \u00a0Puig i est\u00e0 pensada per fullejar-la a l\u2019estiu ja que \u00e9s el resultat de moltes de les coses que han apr\u00e8s aquest any&#8221;, i\u00a0declara els seus objectius: millorar el treball en equip, consolidar el respecte per les difer\u00e8ncies culturals i tenir com a referent positiu al grup que els apadrinava, el 4t D.<\/p>\n<p><a href=\"http:\/\/blog.elpuig.xeill.net\/wp-content\/uploads\/2015\/05\/Grup-4t-D.jpg\"><img loading=\"lazy\" class=\"aligncenter size-full wp-image-1604\" src=\"http:\/\/blog.elpuig.xeill.net\/wp-content\/uploads\/2015\/05\/Grup-4t-D.jpg\" alt=\"Grup 4t D\" width=\"220\" height=\"126\" \/><\/a><\/p>\n<p>Respecte al projecte de 4t D, no s&#8217;han limitat a fer una feina te\u00f2rica, sin\u00f2 que han tractat de portar-la a la pr\u00e0ctica com a padrins dels alumnes de 1r d&#8217;ESO, perqu\u00e8 consideren que quan l&#8217;alumnat de prim\u00e0ria passa a secund\u00e0ria hi troba moltes difer\u00e8ncies i cal acompanyar-lo i guiar-lo perqu\u00e8 cap alumne es pugui sentir desorientat en aquest moment de canvi. Deixem, per\u00f2, que siguin els mateixos alumnes que ens expliquin el sentit del seu treball:<\/p>\n<p><iframe width=\"584\" height=\"329\" src=\"https:\/\/www.youtube.com\/embed\/FCFve3h9vjU?feature=oembed\" frameborder=\"0\" allowfullscreen><\/iframe><\/p>\n<p>&#8220;Vivim en una societat obsessionada en crear una bombolla per al benestar adult, per\u00f2 no<br \/>\naconseguim adonar-\u00adnos compte de la import\u00e0ncia de sembrar una autoestima forta sobre<br \/>\nel nostre futur, els nens. \u00c9s molt important que aquests petits cors creixin en un medi d&#8217;adults equilibrats, ja que\u00a0aix\u00f2 ser\u00e0 el millor que els puguem transmetre. En canvi, si ens parem a pensar sobre el\u00a0tema, ens costar\u00e0 una mis\u00e8ria conscienciar\u00ad-nos que fem les nostres mancances visibles.\u00a0Aix\u00ed com els animals, els nens perceben les nostres pors, ergo les nostres inseguretats i\u00a0les fan seves amb gran facilitat. Davant d&#8217;aquest succ\u00e9s, \u00e9s cert que ens hem d&#8217;esfor\u00e7ar\u00a0perqu\u00e8 aix\u00f2 passi en menor mesura. Per\u00f2, com podem fer-\u00adho? En primer lloc hem de tenir en compte que som el seu millor exemple a seguir, \u00e9s a dir, que necessitem fomentar la nostra estima. En segon lloc, la nostra forma de tractar\u00adlos, aix\u00ed com en els valors que demostrem i inculquem, \u00e9s a dir, en com els eduquem. D&#8217;aix\u00f2 tracta aquest treball col\u2219lectiu. Que els nens nouvinguts a l&#8217;ESO no xoquin contra un mur d&#8217;aspectes negatius, que els nostres consells arribin a la seva ment i cor, i sobretot a poder afrontar les seves pors i les seves penes. Per tant, es tracta d&#8217;un proc\u00e9s d&#8217;adaptaci\u00f3 a les experi\u00e8ncies de vida dif\u00edcils o extremes. Parlem de resili\u00e8ncia, un terme definit com &#8216;la capacitat humana d&#8217;assumir amb flexibilitat situacions l\u00edmit i sobreposar\u00ad-s&#8217;hi i el qual no es t\u00e9 gaire en compte en els centres escolars i molt menys en el \u201cmodus operandi\u201d de les assignatures. Aix\u00f2 ens ha fet replantejar sobre la necessitat i l&#8217;obligaci\u00f3 que tenim d&#8217;incorporar la resili\u00e8ncia dins de les aules, perqu\u00e8 els alumnes puguin aconseguir els seus objectius. Arribat el moment, li hem donat molta import\u00e0ncia a l&#8217;empatia, a la capacitat de posar\u00ad-se en la pell de l&#8217;altre, fent\u00ad-nos part\u00edcips dels seus temors i viv\u00e8ncies. Per\u00f2 creiem que cal anar un pas m\u00e9s enll\u00e0 i tamb\u00e9 concedir la import\u00e0ncia que es mereix a la resili\u00e8ncia per afrontar amb plenes garanties l&#8217;\u00e8xit dels nostres companys de 1r&#8221;, escriuen a la mem\u00f2ria final els alumnes de 4t D guiats per la tutora del projecte, Yolanda Moneo.<\/p>\n<p>En definitiva, tenim aqu\u00ed dos bons exemples de treball d&#8217;educaci\u00f3 per a la ciutadania i de defensa del di\u00e0leg \u00a0i de la cultura de la pau, pels quals hem de felicitar molt cordialment els seus autors, l&#8217;alumnat i les professores participants, al mateix temps que agrair-los el seu esfor\u00e7 per <em>crear vincles i construir ponts<\/em>. Ara nom\u00e9s cal esperar que tota aquesta feina que fan molts professors per l&#8217;educaci\u00f3 c\u00edvica a les aules tingui tot el suport i el reconeixement que es mereix per part de la societat i que doni els seus fruits.<\/p>\n","protected":false},"excerpt":{"rendered":"<p>Un cop m\u00e9s el nostre institut ha participat durant aquest any al concurs del projecte Joves en Xarxa\u00a0\u2014els premis de Conviv\u00e8ncia i Drets civils\u2014, convocat per tractar de prevenir conductes contr\u00e0ries a la conviv\u00e8ncia, enfortir la cohesi\u00f3 social \u00a0i educar &hellip; <a href=\"https:\/\/blog.elpuig.xeill.net\/?p=1599\">Continua llegint <span class=\"meta-nav\">&rarr;<\/span><\/a><\/p>\n","protected":false},"author":2,"featured_media":0,"comment_status":"open","ping_status":"open","sticky":false,"template":"","format":"standard","meta":[],"categories":[90,177,25,66,1,33],"tags":[200,201],"_links":{"self":[{"href":"https:\/\/blog.elpuig.xeill.net\/index.php?rest_route=\/wp\/v2\/posts\/1599"}],"collection":[{"href":"https:\/\/blog.elpuig.xeill.net\/index.php?rest_route=\/wp\/v2\/posts"}],"about":[{"href":"https:\/\/blog.elpuig.xeill.net\/index.php?rest_route=\/wp\/v2\/types\/post"}],"author":[{"embeddable":true,"href":"https:\/\/blog.elpuig.xeill.net\/index.php?rest_route=\/wp\/v2\/users\/2"}],"replies":[{"embeddable":true,"href":"https:\/\/blog.elpuig.xeill.net\/index.php?rest_route=%2Fwp%2Fv2%2Fcomments&post=1599"}],"version-history":[{"count":11,"href":"https:\/\/blog.elpuig.xeill.net\/index.php?rest_route=\/wp\/v2\/posts\/1599\/revisions"}],"predecessor-version":[{"id":1613,"href":"https:\/\/blog.elpuig.xeill.net\/index.php?rest_route=\/wp\/v2\/posts\/1599\/revisions\/1613"}],"wp:attachment":[{"href":"https:\/\/blog.elpuig.xeill.net\/index.php?rest_route=%2Fwp%2Fv2%2Fmedia&parent=1599"}],"wp:term":[{"taxonomy":"category","embeddable":true,"href":"https:\/\/blog.elpuig.xeill.net\/index.php?rest_route=%2Fwp%2Fv2%2Fcategories&post=1599"},{"taxonomy":"post_tag","embeddable":true,"href":"https:\/\/blog.elpuig.xeill.net\/index.php?rest_route=%2Fwp%2Fv2%2Ftags&post=1599"}],"curies":[{"name":"wp","href":"https:\/\/api.w.org\/{rel}","templated":true}]}}