{"id":1548,"date":"2015-03-19T17:54:41","date_gmt":"2015-03-19T15:54:41","guid":{"rendered":"http:\/\/blog.elpuig.xeill.net\/?p=1548"},"modified":"2020-05-06T18:06:56","modified_gmt":"2020-05-06T16:06:56","slug":"microrrelatos","status":"publish","type":"post","link":"https:\/\/blog.elpuig.xeill.net\/?p=1548","title":{"rendered":"Sentirse Balzac (microrrelatos)"},"content":{"rendered":"<p style=\"text-align: right;\"><em>Hoy me siento bien, un Balzac, estoy terminando esta l\u00ednea.<\/em><\/p>\n<p style=\"text-align: right;\">Augusto Monterroso<\/p>\n<p>Si en la entrada anterior se hablaba de cuentos para promover la revista <strong>De 14 a 20<\/strong> y estimular la participaci\u00f3n en el concurso del mismo nombre, en \u00e9sta nos centraremos en una modalidad narrativa m\u00e1s breve todav\u00eda, el microrrelato, con el objetivo de animar a los lectores de este blog a cultivar ese tipo de escritos, algo que quiz\u00e1s ya hacen algunos sin pretenderlo cuando env\u00edan <a title=\"Tuits\" href=\"http:\/\/es.wikipedia.org\/wiki\/Twitter\">tuits<\/a>.<\/p>\n<p style=\"text-align: center;\"><a href=\"http:\/\/blog.elpuig.xeill.net\/wp-content\/uploads\/2015\/03\/Jorge-Luis-Borges.jpg\"><img loading=\"lazy\" class=\"aligncenter size-full wp-image-1553\" title=\"Jorge Luis Borges\" src=\"http:\/\/blog.elpuig.xeill.net\/wp-content\/uploads\/2015\/03\/Jorge-Luis-Borges.jpg\" alt=\"\" width=\"185\" height=\"273\" \/><\/a><\/p>\n<p>Mientras que la novela, la novela corta y el cuento son subg\u00e9neros narrativos con una historia reconocida y consolidada, cuando se habla de microrrelatos \u00a0a veces se duda de su entidad y se discute hasta su nombre: <a title=\"Minificciones\" href=\"http:\/\/es.wikipedia.org\/wiki\/Minificci%C3%B3n\">minificciones<\/a>,\u00a0<a title=\"Relatos hiperbreves\" href=\"http:\/\/es.wikipedia.org\/wiki\/Relato_hiperbreve\">relatos hiperbreves<\/a> (se ha derivado de ellos una categor\u00eda especial, el <a title=\"Nanorrelatos\" href=\"http:\/\/es.wikipedia.org\/wiki\/Nanorrelato\">nanorrelato<\/a> o cuento de una sola l\u00ednea: &#8220;Era tan bueno, tan bueno, que ten\u00eda cara de rosa&#8221;, escribi\u00f3 Miguel Mihura), minicuentos,\u00a0microficciones,\u00a0etc. Sin embargo, la historia de los <a title=\"Microrrelatos\" href=\"http:\/\/es.wikipedia.org\/wiki\/Microrrelato\">microrrelatos<\/a>\u00a0\u2014confundidos a veces con otros subg\u00e9neros como <a title=\"Adagios\" href=\"http:\/\/es.wikipedia.org\/wiki\/Adagio_(ling%C3%BC%C3%ADstica)\">los adagios<\/a>, <a title=\"Ap\u00f3logos\" href=\"http:\/\/es.wikipedia.org\/wiki\/Ap%C3%B3logo\">los ap\u00f3logos<\/a>, <a title=\"Par\u00e1bolas\" href=\"http:\/\/es.wikipedia.org\/wiki\/Par%C3%A1bola_(literatura)\">las par\u00e1bolas<\/a>, <a title=\"Chistes\" href=\"http:\/\/es.wikipedia.org\/wiki\/Chiste\">los chistes<\/a>, etc.\u2014 se remonta a los or\u00edgenes de la narrativa. Veamos dos ejemplos cl\u00e1sicos de la literatura universal en los que, como es propio del relato breve, el t\u00edtulo ya sirve para orientar al lector sobre el contenido:<\/p>\n<p style=\"text-align: center;\"><strong>El sue\u00f1o de la mariposa<\/strong><\/p>\n<p>Chuang Tzu so\u00f1\u00f3 que era una mariposa. Al despertar ignoraba si era Tzu que hab\u00eda so\u00f1ado que era una mariposa o si era una mariposa y estaba so\u00f1ando que era Tzu.<\/p>\n<p style=\"text-align: right;\"><a title=\"Chuang Tzu\" href=\"http:\/\/es.wikipedia.org\/wiki\/Zhuangzi\">Chuang Tzu<\/a><\/p>\n<p style=\"text-align: center;\"><strong>El dinero so\u00f1ado<\/strong><\/p>\n<p style=\"text-align: left;\">\u2014Esta noche he so\u00f1ado que me dabas cien dinares\u00a0\u2014le dijo un d\u00eda su hijo a Nasrud\u00edn.<\/p>\n<p style=\"text-align: left;\">\u2014Perfecto \u2014respondi\u00f3 Nasrud\u00edn\u2014. Como eres un ni\u00f1o muy bueno, puedes qued\u00e1rtelos. C\u00f3mprate con ellos lo que quieras.<\/p>\n<p style=\"text-align: right;\"><a title=\"Mul\u00e1 Nasrud\u00edn\" href=\"http:\/\/es.wikipedia.org\/wiki\/Nasreddin\">Mul\u00e1 Nasrud\u00edn<\/a><\/p>\n<p style=\"text-align: center;\"><a href=\"http:\/\/blog.elpuig.xeill.net\/wp-content\/uploads\/2015\/03\/Cuentos-breves-y-extraordinarios.jpg\"><img loading=\"lazy\" class=\"aligncenter size-full wp-image-1564\" title=\"Cuentos breves y extraordinarios\" src=\"http:\/\/blog.elpuig.xeill.net\/wp-content\/uploads\/2015\/03\/Cuentos-breves-y-extraordinarios.jpg\" alt=\"\" width=\"100\" height=\"152\" \/><\/a><\/p>\n<p style=\"text-align: left;\">En el \u00e1mbito de la literaturas hisp\u00e1nicas, el g\u00e9nero de los microrrelatos empez\u00f3 a ser estudiado y reconocido con todas sus consecuencias a partir de 1953, con la publicaci\u00f3n de la antolog\u00eda <em>Cuentos breves y extraordinarios<\/em>, publicada por <a title=\"Jorge Luis Borges\" href=\"http:\/\/es.wikipedia.org\/wiki\/Jorge_Luis_Borges\">Jorge Luis Borges<\/a> y <a title=\"Adolfo Bioy Casares\" href=\"http:\/\/es.wikipedia.org\/wiki\/Adolfo_Bioy_Casares\">Adolfo Bioy Casares<\/a>\u00a0como secuela de otra obra m\u00e1s extensa, la <em>Antolog\u00eda de la literatura fant\u00e1stica <\/em>publicada por los mismos autores en 1940, en la que ya aparec\u00edan varios microrrelatos. Por ejemplo, \u00e9ste, especialmente inquietante:<\/p>\n<p style=\"text-align: center;\"><strong>El gesto de la muerte<\/strong><\/p>\n<p>Un joven jardinero persa dice a su pr\u00edncipe:<br \/>\n\u2014\u00a1S\u00e1lvame! Encontr\u00e9 a la Muerte esta ma\u00f1ana. Me hizo un gesto de amenaza. Esta noche, por milagro, quisiera estar en Ispah\u00e1n.<\/p>\n<p>El bondadoso pr\u00edncipe le presta sus caballos. Por la tarde, el pr\u00edncipe encuentra a la Muerte y le pregunta:<\/p>\n<p>\u2014\u00bfPor qu\u00e9 le hiciste esta ma\u00f1ana a nuestro jardinero un gesto de amenaza?<\/p>\n<p>\u2014No fue un gesto de amenaza \u2014le responde\u2014 sino un gesto de sorpresa. Pues lo ve\u00eda lejos de Ispah\u00e1n esta ma\u00f1ana y debo tomarlo esta noche en Ispah\u00e1n.<\/p>\n<p style=\"text-align: right;\"><a title=\"Jean Cocteau\" href=\"http:\/\/es.wikipedia.org\/wiki\/Jean_Cocteau\">Jean Cocteau<\/a><\/p>\n<p style=\"text-align: left;\">Sin embargo, aunque tanto Borges como Bioy Casares fueran grandes defensores de los cuentos breves, es el guatemalteco <a title=\"Augusto Monterroso\" href=\"http:\/\/es.wikipedia.org\/wiki\/Augusto_Monterroso\">Augusto Monterroso<\/a> quien publica en 1959, en <em>Obras completas (y otros cuentos)<\/em>,\u00a0<a title=\"El dinosaurio\" href=\"http:\/\/es.wikipedia.org\/wiki\/El_dinosaurio\">El dinosaurio<\/a>, el microrrelato\u00a0\u2014o, si se prefiere,\u00a0el nanorrelato\u2014\u00a0 m\u00e1s famoso de las literaturas hisp\u00e1nicas:<\/p>\n<p style=\"text-align: left;\"><a href=\"http:\/\/blog.elpuig.xeill.net\/wp-content\/uploads\/2015\/03\/El-dinosaurio.jpg\"><img loading=\"lazy\" class=\"aligncenter size-full wp-image-1552\" title=\"El dinosaurio\" src=\"http:\/\/blog.elpuig.xeill.net\/wp-content\/uploads\/2015\/03\/El-dinosaurio.jpg\" alt=\"\" width=\"215\" height=\"149\" \/><\/a><\/p>\n<p style=\"text-align: center;\"><em>Cuando despert\u00f3, el dinosaurio todav\u00eda estaba all\u00ed.<\/em><\/p>\n<p>Lo cierto es que a la reivindicaci\u00f3n del cuento breve iniciada por Borges, Bioy Casares y Augusto Monterroso deben a\u00f1adirse nombres memorables: Max Aub, Julio Cort\u00e1zar, Juan Jos\u00e9 Arreola, Pere Calders, Gonzalo Su\u00e1rez y muchos otros (v\u00e9ase, pongamos por caso, la antolog\u00eda <em>La mano de la hormiga. Los cuentos m\u00e1s breves del mundo y de las literaturas hisp\u00e1nicas<\/em>, publicada en 1990 por Antonio Fern\u00e1ndez Ferrer, o cons\u00faltese la p\u00e1gina <a title=\"Microrrelato\" href=\"http:\/\/www.microrrelato.es\/\">Microrrelato<\/a>, especializada en textos m\u00ednimos). Damos a continuaci\u00f3n algunas muestras.<\/p>\n<p style=\"text-align: center;\"><strong>El monte<\/strong><\/p>\n<p>Cuando Juan sali\u00f3 al campo, aquella ma\u00f1ana tranquila, la monta\u00f1a ya no estaba.<br \/>\nLa llanura se abr\u00eda nueva, magn\u00edfica, enorme, bajo el sol naciente, dorada.<br \/>\nAll\u00ed, de memoria de hombre, siempre hubo un monte, c\u00f3nico, peludo, sucio, terroso, grande, in\u00fatil, feo. Ahora, al amanecer, hab\u00eda desaparecido.<br \/>\nLe pareci\u00f3 bien a Juan. Por fin hab\u00eda sucedido algo que val\u00eda la pena, de acuerdo con sus ideas.<br \/>\n\u2014Ya te dec\u00eda yo \u2014le dijo a su mujer.<br \/>\n\u2014Pues es verdad. As\u00ed podremos ir m\u00e1s deprisa a casa de mi hermana.<\/p>\n<p style=\"text-align: right;\"><a title=\"Max Aub\" href=\"http:\/\/es.wikipedia.org\/wiki\/Max_Aub\">Max Aub<\/a><\/p>\n<p style=\"text-align: center;\"><strong>Cuento de horror<\/strong><\/p>\n<p style=\"text-align: left;\">La mujer que am\u00e9 se ha convertido en fantasma. Yo soy el lugar de sus apariciones.<\/p>\n<p style=\"text-align: right;\"><a title=\"Juan Jos\u00e9 Arreola\" href=\"http:\/\/es.wikipedia.org\/wiki\/Juan_Jos%C3%A9_Arreola\">Juan Jos\u00e9 Arreola<\/a><\/p>\n<p style=\"text-align: center;\"><strong>Tortugas y cronopios<\/strong><\/p>\n<p style=\"text-align: left;\">Ahora pasa que las tortugas son grandes admiradoras de la velocidad, como es natural. Las esperanzas lo saben, y no se preocupan. Los famas lo saben, y se burlan. Los cronopios lo saben, y cada vez que encuentran una tortuga, sacan la caja de tizas de colores y sobre la redonda pizarra de la tortuga dibujan una golondrina.<\/p>\n<p style=\"text-align: right;\"><a title=\"Julio Cort\u00e1zar\" href=\"http:\/\/es.wikipedia.org\/wiki\/Julio_Cort%C3%A1zar\">Julio Cort\u00e1zar<\/a><\/p>\n<p style=\"text-align: center;\"><strong>Venim de la pols<\/strong><\/p>\n<p>Van excavar davant de casa seva. No volien dir-li si feien una piscina o la base d\u2019una glorieta. \u00abEs tracta d\u2019una sorpresa\u00bb responien a cada pregunta d\u2019ell. I ho fou, perqu\u00e8 quan van completar les mides li donaren all\u00f2 que se\u2019n diu cristiana sepultura.<\/p>\n<p style=\"text-align: right;\"><a title=\"Pere Calders\" href=\"https:\/\/ca.wikipedia.org\/wiki\/Pere_Calders_i_Rossinyol\">Pere Calders<\/a><\/p>\n<p style=\"text-align: center;\"><a href=\"http:\/\/blog.elpuig.xeill.net\/wp-content\/uploads\/2015\/03\/La-mano-de-la-hormiga.jpg\"><img loading=\"lazy\" class=\"aligncenter size-full wp-image-1555\" title=\"La mano de la hormiga\" src=\"http:\/\/blog.elpuig.xeill.net\/wp-content\/uploads\/2015\/03\/La-mano-de-la-hormiga.jpg\" alt=\"\" width=\"198\" height=\"254\" \/><\/a><\/p>\n<p>Si despu\u00e9s de leer estos ejemplos alguien duda de las posibilidades expresivas del microrrelato, del ingenio, de la sutileza, del misterio o del encanto que puede encerrar, puede enviarnos una refutaci\u00f3n del g\u00e9nero, sus opiniones o, si no duda y lo prefiere, alg\u00fan ejemplo de su invenci\u00f3n.<\/p>\n<p>&nbsp;<\/p>\n","protected":false},"excerpt":{"rendered":"<p>Hoy me siento bien, un Balzac, estoy terminando esta l\u00ednea. Augusto Monterroso Si en la entrada anterior se hablaba de cuentos para promover la revista De 14 a 20 y estimular la participaci\u00f3n en el concurso del mismo nombre, en &hellip; <a href=\"https:\/\/blog.elpuig.xeill.net\/?p=1548\">Continua llegint <span class=\"meta-nav\">&rarr;<\/span><\/a><\/p>\n","protected":false},"author":2,"featured_media":0,"comment_status":"open","ping_status":"open","sticky":false,"template":"","format":"standard","meta":[],"categories":[27],"tags":[193,215,194,192],"_links":{"self":[{"href":"https:\/\/blog.elpuig.xeill.net\/index.php?rest_route=\/wp\/v2\/posts\/1548"}],"collection":[{"href":"https:\/\/blog.elpuig.xeill.net\/index.php?rest_route=\/wp\/v2\/posts"}],"about":[{"href":"https:\/\/blog.elpuig.xeill.net\/index.php?rest_route=\/wp\/v2\/types\/post"}],"author":[{"embeddable":true,"href":"https:\/\/blog.elpuig.xeill.net\/index.php?rest_route=\/wp\/v2\/users\/2"}],"replies":[{"embeddable":true,"href":"https:\/\/blog.elpuig.xeill.net\/index.php?rest_route=%2Fwp%2Fv2%2Fcomments&post=1548"}],"version-history":[{"count":16,"href":"https:\/\/blog.elpuig.xeill.net\/index.php?rest_route=\/wp\/v2\/posts\/1548\/revisions"}],"predecessor-version":[{"id":1573,"href":"https:\/\/blog.elpuig.xeill.net\/index.php?rest_route=\/wp\/v2\/posts\/1548\/revisions\/1573"}],"wp:attachment":[{"href":"https:\/\/blog.elpuig.xeill.net\/index.php?rest_route=%2Fwp%2Fv2%2Fmedia&parent=1548"}],"wp:term":[{"taxonomy":"category","embeddable":true,"href":"https:\/\/blog.elpuig.xeill.net\/index.php?rest_route=%2Fwp%2Fv2%2Fcategories&post=1548"},{"taxonomy":"post_tag","embeddable":true,"href":"https:\/\/blog.elpuig.xeill.net\/index.php?rest_route=%2Fwp%2Fv2%2Ftags&post=1548"}],"curies":[{"name":"wp","href":"https:\/\/api.w.org\/{rel}","templated":true}]}}