{"id":1533,"date":"2015-02-12T00:55:52","date_gmt":"2015-02-11T22:55:52","guid":{"rendered":"http:\/\/blog.elpuig.xeill.net\/?p=1533"},"modified":"2020-05-06T19:13:26","modified_gmt":"2020-05-06T17:13:26","slug":"de-14-a-20","status":"publish","type":"post","link":"https:\/\/blog.elpuig.xeill.net\/?p=1533","title":{"rendered":"De 14 a 20 (la revista)"},"content":{"rendered":"<p><a href=\"http:\/\/blog.elpuig.xeill.net\/wp-content\/uploads\/2015\/02\/De-14-a-20.jpg\"><img loading=\"lazy\" class=\"size-medium wp-image-1535 alignleft\" title=\"De 14 a 20\" src=\"http:\/\/blog.elpuig.xeill.net\/wp-content\/uploads\/2015\/02\/De-14-a-20-300x295.jpg\" alt=\"\" width=\"300\" height=\"295\" srcset=\"https:\/\/blog.elpuig.xeill.net\/wp-content\/uploads\/2015\/02\/De-14-a-20-300x295.jpg 300w, https:\/\/blog.elpuig.xeill.net\/wp-content\/uploads\/2015\/02\/De-14-a-20-304x300.jpg 304w, https:\/\/blog.elpuig.xeill.net\/wp-content\/uploads\/2015\/02\/De-14-a-20.jpg 400w\" sizes=\"(max-width: 300px) 100vw, 300px\" \/><\/a>Una pregunta cl\u00e0ssica en les entrevistes als escriptors \u00e9s: <em>Per qu\u00e8 s&#8217;escriu?<\/em> Aix\u00ed, fa alguns anys, a una publicaci\u00f3 extraordin\u00e0ria del peri\u00f2dic franc\u00e8s <a title=\"Lib\u00e9ration\" href=\"http:\/\/es.wikipedia.org\/wiki\/Lib%C3%A9ration_%28peri%C3%B3dico%29\"><em>Lib\u00e9ration<\/em><\/a>, van demanar a 400 escriptors \u00a0d&#8217;arreu del m\u00f3n que per qu\u00e8 escrivien (<em>Lib\u00e9ration<\/em>, mar\u00e7 1985: <em>Pourquoi ecrivez-vous? 400 ecrivains repondent<\/em>), on trobem, per exemple, la resposta de l&#8217;escriptor espanyol <a title=\"Juli\u00e1n R\u00edos\" href=\"http:\/\/es.wikipedia.org\/wiki\/Juli%C3%A1n_R%C3%ADos\">Juli\u00e1n R\u00edos<\/a>, que inventa una paraula nova, &#8220;escrivivir&#8221;, per justificar que per a ell l&#8217;escriptura \u00e9s una forma de viure m\u00e9s intensa que la de la vida quotidiana. O l&#8217;opini\u00f3 de <a title=\"Ricardo Piglia\" href=\"http:\/\/es.wikipedia.org\/wiki\/Ricardo_Piglia\">Ricardo Piglia<\/a>, un escriptor argent\u00ed, que escriu &#8220;perqu\u00e8 el m\u00f3n de la ficci\u00f3 l&#8217;intriga: la circulaci\u00f3 de les hist\u00f2ries, els disfresses de les paraules i el poder de creure. La literatura \u00e9s el laboratori d&#8217;all\u00f2 que \u00e9s possible: un lloc on poder experimentar, fer una cosa nova d&#8217;all\u00f2 que \u00e9s vell. Escric perqu\u00e8 la literatura \u00e9s la forma privada de la utopia&#8221;. I\u00a0 la revista <a title=\"El Fun\u00e0mbul\" href=\"http:\/\/www.elfunambul.cat\/\"><em>el fun\u00e0mbul<\/em><\/a> m\u00e9s recentment (estiu de 2014), a un n\u00famero monogr\u00e0fic (<em>Per qu\u00e8 escrivim?<\/em>), ha aplegat opinions de diversos autors sobre el tema, per exemple, les de <a title=\"Mar\u00eda Zambrano\" href=\"http:\/\/es.wikipedia.org\/wiki\/Mar%C3%ADa_Zambrano\">Mar\u00eda Zambrano<\/a>: &#8220;Escriure \u00e9s defensar la solitud en qu\u00e8 ens trobem; \u00e9s una acci\u00f3 que solament brota des d&#8217;un a\u00efllament efectiu, per\u00f2 comunicable [&#8230;]. Per\u00f2 \u00e9s una solitud que necessita ser defensada. [&#8230;] L&#8217;escriptor defensa la seva solitud mostrant el que no es troba enlloc m\u00e9s.&#8221;<\/p>\n<p>Aquestes i altres respostes venen al cas quan presentem una nova revista liter\u00e0ria per a joves lletraferits, <strong>De 14 a 20<\/strong>, una revista que ha nascut a l&#8217;abric del <a title=\"Concurs literari De 14 a 20\" href=\"http:\/\/elpuig.xeill.net\/Members\/institut\/curs-2014-2015\/de-14-a-20\">concurs que convoca l&#8217;AMPA de l&#8217;Institut Puig Castellar adre\u00e7at a joves de Santa Coloma de Gramenet de 14 a 20 anys<\/a>. Aquesta revista neix per promoure el premi <strong>De 14 a 20<\/strong>, per servir d&#8217;aparador als joves autors colomencs i per difondre recomanacions, estrat\u00e8gies i reflexions sobre l&#8217;art d&#8217;escriure.<\/p>\n<p>Al <a title=\"De 14 a 20, revista liter\u00e0ria\" href=\"http:\/\/elpuig.xeill.net\/Members\/institut\/curs-2014-2015\/de-14-a-20-2\">primer n\u00famero de la revista (febrer de 2015)<\/a>, hi podeu trobar els tres relats finalistes del concurs de l&#8217;any passat: &#8220;El extra\u00f1o ser&#8221; de Marc Prado D\u00edaz (16 anys, de l&#8217;Institut Num\u00e0ncia), &#8220;Velada para un recuerdo&#8221; de David S. Murga (17 anys, de l&#8217;Institut Puig Castellar) i &#8220;Entre las sombras&#8221; de N\u00faria Fern\u00e1ndez Bermejo (14 anys, de l&#8217;Institut Ramon Berenguer), a m\u00e9s d&#8217;una llista de 39 autors de relats breus que hem pres d&#8217;un gran cr\u00edtic nord-americ\u00e0, <a title=\"Harold Bloom\" href=\"http:\/\/es.wikipedia.org\/wiki\/Harold_Bloom\">Harold Bloom<\/a> (del seu llibre <em>Cuentos y cuentistas. El canon del cuento<\/em>), una s\u00e8rie d&#8217;observacions i consells d&#8217;alguns mestres del conte (Ant\u00f3n Ch\u00e9jov, Flannery O&#8217;Connor, Alejo Carpentier i Raymond Carver).<\/p>\n<p>Quant a l&#8217;esmentada llista d&#8217;autors (Alexander Pushkin, Nathaniel Hawthorne, Hans Christian Andersen, Edgar Allan Poe, Nikolai Gogol, Iv\u00e1n Turgueniev, Herman Melville, Lewis Carroll, Mark Twain, Henry James, Guy de Maupassant, Joseph Conrad, Ant\u00f3n Ch\u00e9jov, O. Henry, Rudyard Kipling, Thomas Mann, Jack London, Sherwood Anderson, Stephen Crane, James Joyce, Franz Kafka, D. H. Lawrence, Katherine Anne Porter, Isaac Babel, F. Scott Fitzgerald, William Faulkner, Ernest Hemingway, Jorge Luis Borges, John Steinbeck, Eudora Welty, John Cheever, Julio Cort\u00e1zar, Shirley Jackson, J. D. Salinger, Italo Calvino, Flannery O&#8217;Connor, Cyinthia Ozick, John Updike y Raymond Carver), com al collage fotogr\u00e0fic de la portada de la revista (on hi ha escriptors que no figuren en la llista de Bloom i viceversa), hem de dir que no hi s\u00f3n, l\u00f2gicament, tots els grans autors de relats que hi ha hagut (m\u00e9s de 39, \u00e9s clar), per\u00f2 que tots els que hi s\u00f3n tenen el t\u00edtol de mestres del relat curt.<\/p>\n<p><a href=\"http:\/\/blog.elpuig.xeill.net\/wp-content\/uploads\/2015\/02\/Autors-de-relats-breus.jpg\"><img loading=\"lazy\" class=\"aligncenter size-medium wp-image-1534\" title=\"Autors de relats breus\" src=\"http:\/\/blog.elpuig.xeill.net\/wp-content\/uploads\/2015\/02\/Autors-de-relats-breus-300x216.jpg\" alt=\"\" width=\"300\" height=\"216\" srcset=\"https:\/\/blog.elpuig.xeill.net\/wp-content\/uploads\/2015\/02\/Autors-de-relats-breus-300x216.jpg 300w, https:\/\/blog.elpuig.xeill.net\/wp-content\/uploads\/2015\/02\/Autors-de-relats-breus-415x300.jpg 415w, https:\/\/blog.elpuig.xeill.net\/wp-content\/uploads\/2015\/02\/Autors-de-relats-breus.jpg 800w\" sizes=\"(max-width: 300px) 100vw, 300px\" \/><\/a>Ara b\u00e9, aquest tipus de llistats de grans autors poden donar peu a pol\u00e8miques i a observacions sobre els autors que no hi s\u00f3n, i\u00a0 per aix\u00f2 aquesta \u00e9s una de les preguntes que plantegem ara: <em>Quin autor de relats curts consideres que hauria de figurar entre els millors?<\/em> I una altra: <em>Quin \u00e9s el teu autor de contes favorit?<\/em> I, de pas,\u00a0<em>per qu\u00e8 no preguntar pel teu conte favorit?<\/em> O dit d&#8217;una altra manera: <em>Quin conte dels que hagis llegit o t&#8217;hagin explicat recordes amb m\u00e9s intensitat?<\/em><\/p>\n<p>En definitiva, i per acabar, envieu-nos els vostres dubtes i suggeriments sobre el concurs, comentaris sobre la revista o sobre contes i autors de relats curts que us agradin i, si us plau, no oblideu d&#8217;enviar-nos tampoc les vostres reflexions sobre qu\u00e8 ha de tenir un relat curt per resultar interessant, a m\u00e9s de la vostra opini\u00f3 sobre els motius pels quals s&#8217;escriu, en general. Gr\u00e0cies per la vostra participaci\u00f3.<\/p>\n","protected":false},"excerpt":{"rendered":"<p>Una pregunta cl\u00e0ssica en les entrevistes als escriptors \u00e9s: Per qu\u00e8 s&#8217;escriu? Aix\u00ed, fa alguns anys, a una publicaci\u00f3 extraordin\u00e0ria del peri\u00f2dic franc\u00e8s Lib\u00e9ration, van demanar a 400 escriptors \u00a0d&#8217;arreu del m\u00f3n que per qu\u00e8 escrivien (Lib\u00e9ration, mar\u00e7 1985: Pourquoi &hellip; <a href=\"https:\/\/blog.elpuig.xeill.net\/?p=1533\">Continua llegint <span class=\"meta-nav\">&rarr;<\/span><\/a><\/p>\n","protected":false},"author":2,"featured_media":0,"comment_status":"open","ping_status":"open","sticky":false,"template":"","format":"standard","meta":[],"categories":[344],"tags":[213,189,214],"_links":{"self":[{"href":"https:\/\/blog.elpuig.xeill.net\/index.php?rest_route=\/wp\/v2\/posts\/1533"}],"collection":[{"href":"https:\/\/blog.elpuig.xeill.net\/index.php?rest_route=\/wp\/v2\/posts"}],"about":[{"href":"https:\/\/blog.elpuig.xeill.net\/index.php?rest_route=\/wp\/v2\/types\/post"}],"author":[{"embeddable":true,"href":"https:\/\/blog.elpuig.xeill.net\/index.php?rest_route=\/wp\/v2\/users\/2"}],"replies":[{"embeddable":true,"href":"https:\/\/blog.elpuig.xeill.net\/index.php?rest_route=%2Fwp%2Fv2%2Fcomments&post=1533"}],"version-history":[{"count":11,"href":"https:\/\/blog.elpuig.xeill.net\/index.php?rest_route=\/wp\/v2\/posts\/1533\/revisions"}],"predecessor-version":[{"id":1547,"href":"https:\/\/blog.elpuig.xeill.net\/index.php?rest_route=\/wp\/v2\/posts\/1533\/revisions\/1547"}],"wp:attachment":[{"href":"https:\/\/blog.elpuig.xeill.net\/index.php?rest_route=%2Fwp%2Fv2%2Fmedia&parent=1533"}],"wp:term":[{"taxonomy":"category","embeddable":true,"href":"https:\/\/blog.elpuig.xeill.net\/index.php?rest_route=%2Fwp%2Fv2%2Fcategories&post=1533"},{"taxonomy":"post_tag","embeddable":true,"href":"https:\/\/blog.elpuig.xeill.net\/index.php?rest_route=%2Fwp%2Fv2%2Ftags&post=1533"}],"curies":[{"name":"wp","href":"https:\/\/api.w.org\/{rel}","templated":true}]}}